{"id":32317,"date":"2021-02-25T20:05:18","date_gmt":"2021-02-25T20:05:18","guid":{"rendered":"https:\/\/redsemlac.com\/semmexico\/?p=32317"},"modified":"2023-07-21T16:50:49","modified_gmt":"2023-07-21T21:50:49","slug":"acredita-sala-xalapa-del-tepjf-dos-casos-mas-de-violencia-politica-en-razon-de-genero","status":"publish","type":"post","link":"https:\/\/redsemlac.com\/semmexico\/acredita-sala-xalapa-del-tepjf-dos-casos-mas-de-violencia-politica-en-razon-de-genero\/","title":{"rendered":"Acredita Sala Xalapa del TEPJF dos casos m\u00e1s de violencia pol\u00edtica en raz\u00f3n de g\u00e9nero"},"content":{"rendered":"\n<ul class=\"wp-block-list\"><li>Son autoridades de dos municipios de Oaxaca: San Cristobal Amatl\u00e1n y Santa Mar\u00eda Teopoxco<\/li><li>Las agresiones fueron contra una presidenta municipal y tres regidoras<\/li><\/ul>\n\n\n\n<p class=\"wp-block-paragraph\">Patricia Brise\u00f1o<\/p>\n\n\n\n<p class=\"wp-block-paragraph\">SemM\u00e9xico, Oaxaca, 25 de febrero, 2021.-&nbsp;&nbsp;La Sala Regional Xalapa del Tribunal Electoral del Poder Judicial de la Federaci\u00f3n (TEPJF) acredit\u00f3 la violencia pol\u00edtica en raz\u00f3n de g\u00e9nero ejercida en las comunidades de San Crist\u00f3bal Amatl\u00e1n y Santa Mar\u00eda Teopoxco, en las regiones de la Sierra Sur y Ca\u00f1ada.<\/p>\n\n\n\n<p class=\"wp-block-paragraph\">En el primero de los casos, se acredit\u00f3 que el presidente municipal de San Crist\u00f3bal Amatl\u00e1n, M\u00e1ximo Garc\u00eda Cruz, e integrantes del cabildo ejercieron violencia pol\u00edtica en raz\u00f3n de g\u00e9nero contra de la regidora de vialidad, C\u00e9lula Garc\u00eda Hern\u00e1ndez, porque fue retirada del cargo, sin otorgarle el derecho de audiencia para defenderse.<\/p>\n\n\n\n<p class=\"wp-block-paragraph\">De acuerdo con la resoluci\u00f3n, los magistrados argumentaron que, en su calidad de autoridad municipal, \u201cel alcalde debi\u00f3 actuar con mayor diligencia a fin de que no se cometieran los actos de discriminaci\u00f3n referidos\u201d.<\/p>\n\n\n\n<p class=\"wp-block-paragraph\">Respecto al segundo caso, el TEPJF declar\u00f3 fundados los agravios que denunciaron la presidenta municipal y dos regidoras de Teopoxco, con los que se vulnera su derecho pol\u00edtico electoral de ser votadas, en su vertiente de permanencia en el desempe\u00f1o del cargo para el cual fueron electas.<\/p>\n\n\n\n<p class=\"wp-block-paragraph\">En ambos casos, los magistrados ordenaron la reparaci\u00f3n integral de los da\u00f1os causados a la presidenta y regidoras.<\/p>\n\n\n\n<p class=\"wp-block-paragraph\">DATO:<\/p>\n\n\n\n<p class=\"wp-block-paragraph\">El Instituto Estatal Electoral de Oaxaca contabiliz\u00f3 18 denuncias por violencia pol\u00edtica contra las mujeres en raz\u00f3n de g\u00e9nero, entre 2020 y lo que va del presente a\u00f1o.<\/p>\n","protected":false},"excerpt":{"rendered":"<p>Son autoridades de dos municipios de Oaxaca: San Cristobal Amatl\u00e1n y Santa Mar\u00eda Teopoxco Las agresiones fueron contra una presidenta municipal y tres regidoras Patricia Brise\u00f1o SemM\u00e9xico, Oaxaca, 25 de febrero, 2021.-&nbsp;&nbsp;La Sala Regional Xalapa del Tribunal Electoral del Poder Judicial de la Federaci\u00f3n (TEPJF) acredit\u00f3 la violencia pol\u00edtica en raz\u00f3n de g\u00e9nero ejercida en [&hellip;]<\/p>\n","protected":false},"author":3,"featured_media":32318,"comment_status":"open","ping_status":"open","sticky":false,"template":"","format":"standard","meta":{"_monsterinsights_skip_tracking":false,"footnotes":""},"categories":[692,51],"tags":[],"class_list":["post-32317","post","type-post","status-publish","format-standard","has-post-thumbnail","category-692","category-ejecutivo"],"_links":{"self":[{"href":"https:\/\/redsemlac.com\/semmexico\/wp-json\/wp\/v2\/posts\/32317","targetHints":{"allow":["GET"]}}],"collection":[{"href":"https:\/\/redsemlac.com\/semmexico\/wp-json\/wp\/v2\/posts"}],"about":[{"href":"https:\/\/redsemlac.com\/semmexico\/wp-json\/wp\/v2\/types\/post"}],"author":[{"embeddable":true,"href":"https:\/\/redsemlac.com\/semmexico\/wp-json\/wp\/v2\/users\/3"}],"replies":[{"embeddable":true,"href":"https:\/\/redsemlac.com\/semmexico\/wp-json\/wp\/v2\/comments?post=32317"}],"version-history":[{"count":0,"href":"https:\/\/redsemlac.com\/semmexico\/wp-json\/wp\/v2\/posts\/32317\/revisions"}],"wp:featuredmedia":[{"embeddable":true,"href":"https:\/\/redsemlac.com\/semmexico\/wp-json\/wp\/v2\/media\/32318"}],"wp:attachment":[{"href":"https:\/\/redsemlac.com\/semmexico\/wp-json\/wp\/v2\/media?parent=32317"}],"wp:term":[{"taxonomy":"category","embeddable":true,"href":"https:\/\/redsemlac.com\/semmexico\/wp-json\/wp\/v2\/categories?post=32317"},{"taxonomy":"post_tag","embeddable":true,"href":"https:\/\/redsemlac.com\/semmexico\/wp-json\/wp\/v2\/tags?post=32317"}],"curies":[{"name":"wp","href":"https:\/\/api.w.org\/{rel}","templated":true}]}}