{"id":32304,"date":"2021-02-25T19:00:23","date_gmt":"2021-02-25T19:00:23","guid":{"rendered":"https:\/\/redsemlac.com\/semmexico\/?p=32304"},"modified":"2023-07-21T16:50:49","modified_gmt":"2023-07-21T21:50:49","slug":"el-79-de-los-agresores-de-las-mujeres-oaxaquenas-son-sus-parejas","status":"publish","type":"post","link":"https:\/\/redsemlac.com\/semmexico\/el-79-de-los-agresores-de-las-mujeres-oaxaquenas-son-sus-parejas\/","title":{"rendered":"El 79% de los agresores de las mujeres oaxaque\u00f1as son sus parejas"},"content":{"rendered":"\n<p class=\"wp-block-paragraph\">Redacci\u00f3n <\/p>\n\n\n\n<p class=\"wp-block-paragraph\">SemM\u00e9xico <em>Oaxaca de Ju\u00e1rez a 25 de febrero del 2021<\/em>. Consorcio Oaxaca revel\u00f3 que en los casos en que es posible conocer el v\u00ednculo afectivo de los agresores con las mujeres v\u00edctimas de violencia (379 casos) el 79% son esposos o parejas (299 casos); 15% son ex parejas (59 casos); 5% son novios (18 casos) y cerca del 1% son amigos (3 casos). Entre las agresiones que identific\u00f3 se observa que 84% ejercieron violencia familiar (319 casos), el 11% cometieron feminicidio (42 casos) y 5% ejercieron violencia sexual (18 casos).<\/p>\n\n\n\n<p class=\"wp-block-paragraph\">En la plataforma de Violencia Feminicida, la organizaci\u00f3n feminista document\u00f3 un total de 2,516 agresiones contra mujeres por raz\u00f3n de g\u00e9nero del 01 de diciembre de 2016 al 22 de febrero de 2021. Las agresiones que registran de manera hemerogr\u00e1fica son la violencia familiar,&nbsp;&nbsp;violencia sexual, violencia pol\u00edtica, feminicidios , desapariciones y suicidios.&nbsp;<\/p>\n\n\n\n<p class=\"wp-block-paragraph\">Elizabeth Mosqueda Rivera, coordinadora del programa de j\u00f3venes y derechos humanos de Consorcio Oaxaca, enfatiz\u00f3 que \u201c<em>en muchas ocasiones las violencias pueden estar disfrazadas por la idea del amor rom\u00e1ntico, es decir,&nbsp;&nbsp;se piensa: \u2018s\u00ed me cela es porque me quiere y se preocupa por m\u00ed\u2019. Hay&nbsp;&nbsp;ideas muy arraigadas en hombres y mujeres como, por ejemplo, que s\u00ed no se tiene una pareja se est\u00e1 incompleta o que una relaci\u00f3n dura para siempre,&nbsp;&nbsp;generando una mayor desigualdad en las relaciones donde, en la mayor\u00eda de los casos, son las mujeres quienes se someten\u201d,&nbsp;<\/em>sostuvo.<\/p>\n\n\n\n<p class=\"wp-block-paragraph\">La defensora alert\u00f3 la preocupaci\u00f3n por las ni\u00f1as y j\u00f3venes, ya que desde&nbsp;la etapa del noviazgo se observa la crudeza con que se ejerce la violencia. Del total de mujeres que han sufrido violencia en el noviazgo (18 casos):&nbsp;<strong>8 fueron v\u00edctimas de golpes, insultos y amenazas<\/strong>, que van desde las bofetadas hasta heridas en diferentes partes del cuerpo;&nbsp;<strong>7&nbsp;<\/strong>mujeres sufrieron una<strong>&nbsp;violaci\u00f3n<\/strong>, de las cuales 5&nbsp;ten\u00edan entre 11 a 17 a\u00f1os de edad&nbsp;y&nbsp;<strong>3&nbsp;<\/strong>mujeres&nbsp;sobrevivieron a la&nbsp;<strong>tentativa de feminicidio<\/strong>, ya sea por estrangulamiento, apu\u00f1aladas o agredidas por arma de fuego, inform\u00f3.&nbsp;<\/p>\n\n\n\n<p class=\"wp-block-paragraph\">Mosqueda Rivera, insisti\u00f3 en la necesidad de generar pol\u00edticas p\u00fablicas integrales por parte de la administraci\u00f3n de Alejandro Murat Hinojosa, adem\u00e1s de emprender acciones urgentes de prevenci\u00f3n y atenci\u00f3n a las mujeres v\u00edctimas de violencia. As\u00ed mismo inst\u00f3 a mirar a la poblaci\u00f3n joven ya que pueden estar encontr\u00e1ndose en una situaci\u00f3n de violencia y no expresarlo.&nbsp;<\/p>\n\n\n\n<p class=\"wp-block-paragraph\">Una acci\u00f3n impulsada&nbsp;&nbsp;desde Consorcio Oaxaca en alianza con Cat\u00f3licas por el Derecho a Decidir, el Centro de Estudios Para el Fortalecimiento Comunitario Mano Vuelta; el&nbsp;&nbsp;Instituto de G\u00e9nero, Familia y Comunidad, IGEFAM; Servicios Psicol\u00f3gicos Integrales y Capacitaci\u00f3n, PSICA, Las Consejeras; Meraki. Tejiendo Comunidad y Siempreviva: Mujeres con autonom\u00eda, DDSER-Oaxaca fue la&nbsp;<em>Jornada Virtual por el Amor Propio<\/em>. Realizado el pasado 13 de febrero, con el objetivo de cuestionar las nociones tradicionales del amor rom\u00e1ntico a trav\u00e9s del autoconocimiento, la autonom\u00eda y el amor propio, en<strong>&nbsp;el marco del Mes del&nbsp;&nbsp;Amor y la Amistad.&nbsp;<\/strong><\/p>\n\n\n\n<p class=\"wp-block-paragraph\">Finalmente, Mosqueda Rivera, sentenci\u00f3 que\u00a0<em>\u201cel amor no duele, no violenta y no mata\u201d.<\/em><\/p>\n\n\n\n<figure class=\"wp-block-gallery columns-3 is-cropped wp-block-gallery-1 is-layout-flex wp-block-gallery-is-layout-flex\"><ul class=\"blocks-gallery-grid\"><li class=\"blocks-gallery-item\"><figure><a href=\"https:\/\/redsemlac.com\/semmexico\/wp-content\/uploads\/2021\/02\/Captura-de-Pantalla-2021-02-25-a-las-13.04.41.png\"><img decoding=\"async\" src=\"https:\/\/redsemlac.com\/semmexico\/wp-content\/uploads\/2021\/02\/Captura-de-Pantalla-2021-02-25-a-las-13.04.41-1024x863.png\" alt=\"\" data-id=\"32306\" data-full-url=\"https:\/\/redsemlac.com\/semmexico\/wp-content\/uploads\/2021\/02\/Captura-de-Pantalla-2021-02-25-a-las-13.04.41.png\" data-link=\"https:\/\/redsemlac.com\/semmexico\/?attachment_id=32306\" class=\"wp-image-32306\"\/><\/a><\/figure><\/li><li class=\"blocks-gallery-item\"><figure><a href=\"https:\/\/redsemlac.com\/semmexico\/wp-content\/uploads\/2021\/02\/Captura-de-Pantalla-2021-02-25-a-las-13.04.58.png\"><img decoding=\"async\" src=\"https:\/\/redsemlac.com\/semmexico\/wp-content\/uploads\/2021\/02\/Captura-de-Pantalla-2021-02-25-a-las-13.04.58-1024x862.png\" alt=\"\" data-id=\"32307\" data-full-url=\"https:\/\/redsemlac.com\/semmexico\/wp-content\/uploads\/2021\/02\/Captura-de-Pantalla-2021-02-25-a-las-13.04.58.png\" data-link=\"https:\/\/redsemlac.com\/semmexico\/?attachment_id=32307\" class=\"wp-image-32307\"\/><\/a><\/figure><\/li><li class=\"blocks-gallery-item\"><figure><a href=\"https:\/\/redsemlac.com\/semmexico\/wp-content\/uploads\/2021\/02\/Captura-de-Pantalla-2021-02-25-a-las-13.04.53.png\"><img decoding=\"async\" src=\"https:\/\/redsemlac.com\/semmexico\/wp-content\/uploads\/2021\/02\/Captura-de-Pantalla-2021-02-25-a-las-13.04.53-1024x861.png\" alt=\"\" data-id=\"32309\" data-full-url=\"https:\/\/redsemlac.com\/semmexico\/wp-content\/uploads\/2021\/02\/Captura-de-Pantalla-2021-02-25-a-las-13.04.53.png\" data-link=\"https:\/\/redsemlac.com\/semmexico\/?attachment_id=32309\" class=\"wp-image-32309\"\/><\/a><\/figure><\/li><li class=\"blocks-gallery-item\"><figure><a href=\"https:\/\/redsemlac.com\/semmexico\/wp-content\/uploads\/2021\/02\/Captura-de-Pantalla-2021-02-25-a-las-13.04.47.png\"><img decoding=\"async\" src=\"https:\/\/redsemlac.com\/semmexico\/wp-content\/uploads\/2021\/02\/Captura-de-Pantalla-2021-02-25-a-las-13.04.47-1024x860.png\" alt=\"\" data-id=\"32310\" data-full-url=\"https:\/\/redsemlac.com\/semmexico\/wp-content\/uploads\/2021\/02\/Captura-de-Pantalla-2021-02-25-a-las-13.04.47.png\" data-link=\"https:\/\/redsemlac.com\/semmexico\/?attachment_id=32310\" class=\"wp-image-32310\"\/><\/a><\/figure><\/li><\/ul><\/figure>\n","protected":false},"excerpt":{"rendered":"<p>Redacci\u00f3n SemM\u00e9xico Oaxaca de Ju\u00e1rez a 25 de febrero del 2021. Consorcio Oaxaca revel\u00f3 que en los casos en que es posible conocer el v\u00ednculo afectivo de los agresores con las mujeres v\u00edctimas de violencia (379 casos) el 79% son esposos o parejas (299 casos); 15% son ex parejas (59 casos); 5% son novios (18 [&hellip;]<\/p>\n","protected":false},"author":3,"featured_media":32305,"comment_status":"open","ping_status":"open","sticky":false,"template":"","format":"standard","meta":{"_monsterinsights_skip_tracking":false,"footnotes":""},"categories":[692,47],"tags":[],"class_list":["post-32304","post","type-post","status-publish","format-standard","has-post-thumbnail","category-692","category-no-mas-impunidad"],"_links":{"self":[{"href":"https:\/\/redsemlac.com\/semmexico\/wp-json\/wp\/v2\/posts\/32304","targetHints":{"allow":["GET"]}}],"collection":[{"href":"https:\/\/redsemlac.com\/semmexico\/wp-json\/wp\/v2\/posts"}],"about":[{"href":"https:\/\/redsemlac.com\/semmexico\/wp-json\/wp\/v2\/types\/post"}],"author":[{"embeddable":true,"href":"https:\/\/redsemlac.com\/semmexico\/wp-json\/wp\/v2\/users\/3"}],"replies":[{"embeddable":true,"href":"https:\/\/redsemlac.com\/semmexico\/wp-json\/wp\/v2\/comments?post=32304"}],"version-history":[{"count":0,"href":"https:\/\/redsemlac.com\/semmexico\/wp-json\/wp\/v2\/posts\/32304\/revisions"}],"wp:featuredmedia":[{"embeddable":true,"href":"https:\/\/redsemlac.com\/semmexico\/wp-json\/wp\/v2\/media\/32305"}],"wp:attachment":[{"href":"https:\/\/redsemlac.com\/semmexico\/wp-json\/wp\/v2\/media?parent=32304"}],"wp:term":[{"taxonomy":"category","embeddable":true,"href":"https:\/\/redsemlac.com\/semmexico\/wp-json\/wp\/v2\/categories?post=32304"},{"taxonomy":"post_tag","embeddable":true,"href":"https:\/\/redsemlac.com\/semmexico\/wp-json\/wp\/v2\/tags?post=32304"}],"curies":[{"name":"wp","href":"https:\/\/api.w.org\/{rel}","templated":true}]}}