{"id":3230,"date":"2019-04-09T02:35:21","date_gmt":"2019-04-09T02:35:21","guid":{"rendered":"https:\/\/redsemlac.com\/semmexico\/?p=3230"},"modified":"2023-07-21T14:48:13","modified_gmt":"2023-07-21T19:48:13","slug":"iniciativa-de-equidad-salarial-propone-movimiento-ciudadano","status":"publish","type":"post","link":"https:\/\/redsemlac.com\/semmexico\/iniciativa-de-equidad-salarial-propone-movimiento-ciudadano\/","title":{"rendered":"Iniciativa de Equidad Salarial propone Movimiento Ciudadano."},"content":{"rendered":"\n<p class=\"wp-block-paragraph\"><a href=\"https:\/\/www.semmexico.com\/gallery-post.php?id=7850#\">Elda Montiel<\/a><\/p>\n\n\n\n<p class=\"wp-block-paragraph\">SemM\u00e9xico. CD. de M\u00e9xico. 09 de abril 2019.- La senadora del Movimiento Ciudadano, Indira Kempis Mart\u00ednez reconoci\u00f3 ayer en tribuna que la realidad del pa\u00eds nos est\u00e1 rebasando, ante las cifras alarmantes de m\u00e1s de 250 mil homicidios, 40 mil desaparecidos, 300 mil desplazados y una cifra incalculable de v\u00edctimas de violaciones, torturas, feminicidios, desigualdades, opresiones y la ausencia de libertades y garant\u00edas.<\/p>\n\n\n\n<p class=\"wp-block-paragraph\">Bienvenida Presidenta, en lugar de Alta Comisionada, fue el saludo de la senadora a la doctora Michelle Bachelet para reconocer su labor y al mismo tiempo enfatizar la necesidad que tiene M\u00e9xico de tener a una Presidenta para resarcir el rezago hist\u00f3rico con las mujeres, tras se\u00f1alar que el piso no est\u00e1 parejo para nadie. &nbsp;<\/p>\n\n\n\n<p class=\"wp-block-paragraph\">En el marco de la sesi\u00f3n especial en el Senado de la Rep\u00fablica con la Alta Comisionada de las Naciones Unidas para los Derechos Humanos, la senadora enfatiz\u00f3 que la ciudadan\u00eda no quiere discursos, sino respuestas y ante esto se cuestion\u00f3 \u00bfC\u00f3mo le hacemos? \u00bfC\u00f3mo nos coordinamos?<\/p>\n\n\n\n<p class=\"wp-block-paragraph\">Asimismo consider\u00f3 que para que realmente funcione la agenda legislativa, tiene que anticiparse al futuro con leyes para actuar ante los grandes retos colectivos y el desafi\u00f3 global, y no para parchar los errores del pasado.<\/p>\n\n\n\n<p class=\"wp-block-paragraph\">Por lo que destac\u00f3 que compromiso m\u00e1s grande del Senado paritario es por la \u00e9tica, la paz, la dignidad, la libertad y la equidad de nuestro pa\u00eds.<\/p>\n\n\n\n<p class=\"wp-block-paragraph\">La legisladora Kempis Mart\u00ednez hizo menci\u00f3n de los grandes temas que ocupan el debate nacional como la Guardia Nacional, cuyo hilo depende del respeto irrestricto de los derechos humanos y los programas destinados para las mujeres, como son las estancias infantiles o los refugios para mujeres violentadas, la ampliaci\u00f3n de causales de prisi\u00f3n preventiva, el cambio clim\u00e1tico y las nuevas energ\u00edas para depender de los combustibles f\u00f3siles como se hace en muchos pa\u00edses.<\/p>\n\n\n\n<p class=\"wp-block-paragraph\">Tambi\u00e9n hizo \u00e9nfasis, en que el grupo parlamentario de Movimiento Ciudadano va a presentar una iniciativa de equidad salarial para contribuir a que el piso est\u00e9 parejo para las mujeres y solicit\u00f3 el apoyo del Pleno para sumarse al camino de la cooperaci\u00f3n.<\/p>\n\n\n\n<p class=\"wp-block-paragraph\">Lo que demuestra que la preocupaci\u00f3n de la fracci\u00f3n parlamentaria MC, son los derechos de los ind\u00edgenas, de la comunidad LGBTTTI, de los migrantes, pero tambi\u00e9n de las mujeres, se\u00f1al\u00f3 la diputada ciudadana.<\/p>\n\n\n\n<p class=\"wp-block-paragraph\">Asimismo, reconoci\u00f3 la trayectoria de la Alta Comisionada desde su juventud y se identific\u00f3 con ella al ser de las senadoras m\u00e1s j\u00f3venes del Senado de la Paridad.<\/p>\n","protected":false},"excerpt":{"rendered":"<p>Elda Montiel SemM\u00e9xico. CD. de M\u00e9xico. 09 de abril 2019.- La senadora del Movimiento Ciudadano, Indira Kempis Mart\u00ednez reconoci\u00f3 ayer en tribuna que la realidad del pa\u00eds nos est\u00e1 rebasando, ante las cifras alarmantes de m\u00e1s de 250 mil homicidios, 40 mil desaparecidos, 300 mil desplazados y una cifra incalculable de v\u00edctimas de violaciones, torturas, [&hellip;]<\/p>\n","protected":false},"author":3,"featured_media":3231,"comment_status":"open","ping_status":"open","sticky":false,"template":"","format":"standard","meta":{"_monsterinsights_skip_tracking":false,"footnotes":""},"categories":[690,50],"tags":[],"class_list":["post-3230","post","type-post","status-publish","format-standard","has-post-thumbnail","category-690","category-congreso"],"_links":{"self":[{"href":"https:\/\/redsemlac.com\/semmexico\/wp-json\/wp\/v2\/posts\/3230","targetHints":{"allow":["GET"]}}],"collection":[{"href":"https:\/\/redsemlac.com\/semmexico\/wp-json\/wp\/v2\/posts"}],"about":[{"href":"https:\/\/redsemlac.com\/semmexico\/wp-json\/wp\/v2\/types\/post"}],"author":[{"embeddable":true,"href":"https:\/\/redsemlac.com\/semmexico\/wp-json\/wp\/v2\/users\/3"}],"replies":[{"embeddable":true,"href":"https:\/\/redsemlac.com\/semmexico\/wp-json\/wp\/v2\/comments?post=3230"}],"version-history":[{"count":0,"href":"https:\/\/redsemlac.com\/semmexico\/wp-json\/wp\/v2\/posts\/3230\/revisions"}],"wp:featuredmedia":[{"embeddable":true,"href":"https:\/\/redsemlac.com\/semmexico\/wp-json\/wp\/v2\/media\/3231"}],"wp:attachment":[{"href":"https:\/\/redsemlac.com\/semmexico\/wp-json\/wp\/v2\/media?parent=3230"}],"wp:term":[{"taxonomy":"category","embeddable":true,"href":"https:\/\/redsemlac.com\/semmexico\/wp-json\/wp\/v2\/categories?post=3230"},{"taxonomy":"post_tag","embeddable":true,"href":"https:\/\/redsemlac.com\/semmexico\/wp-json\/wp\/v2\/tags?post=3230"}],"curies":[{"name":"wp","href":"https:\/\/api.w.org\/{rel}","templated":true}]}}