{"id":32295,"date":"2021-02-25T18:51:43","date_gmt":"2021-02-25T18:51:43","guid":{"rendered":"https:\/\/redsemlac.com\/semmexico\/?p=32295"},"modified":"2023-07-21T16:50:49","modified_gmt":"2023-07-21T21:50:49","slug":"ante-la-violencia-de-genero-mexico-manda-mensajes-de-impunidad","status":"publish","type":"post","link":"https:\/\/redsemlac.com\/semmexico\/ante-la-violencia-de-genero-mexico-manda-mensajes-de-impunidad\/","title":{"rendered":"Ante la violencia de g\u00e9nero, M\u00e9xico manda mensajes de impunidad"},"content":{"rendered":"\n<p class=\"wp-block-paragraph\">Opinion by Karla Casillas<\/p>\n\n\n\n<p class=\"wp-block-paragraph\">Karla Casillas es periodista mexicana. Jefa de investigaci\u00f3n del documental \u2018Las Tres Muertes de Marisela Escobedo\u2019.<\/p>\n\n\n\n<p class=\"wp-block-paragraph\">SemM\u00e9xico.  Washington Post. 25 de febrero de 2021.- Soy mexicana, pero viv\u00ed en Madrid por 13 a\u00f1os y fue ah\u00ed donde el terrible fen\u00f3meno de la violencia feminicida me tambale\u00f3 por primera vez. Mi amiga Ana ten\u00eda 39 a\u00f1os, era una periodista peruana, divorciada y madre de una ni\u00f1a y un ni\u00f1o. Despu\u00e9s de su divorcio conoci\u00f3 a Gonzalo, el corrector de estilo del medio en el que ambas trabaj\u00e1bamos. Comenzaron a vivir juntos y \u00e9l empez\u00f3 a controlarla: la celaba y vigilaba. En una ocasi\u00f3n la llam\u00f3 70 veces continuas a su celular, el cual ella no pod\u00eda atender en ese momento. Ana le dijo que quer\u00eda separarse. Al poco tiempo \u00e9l esper\u00f3 a que durmiera y la estrangul\u00f3, mientras sus hijos estaban en la habitaci\u00f3n contigua. Esto sucedi\u00f3 en febrero de 2006.<\/p>\n\n\n\n<p class=\"wp-block-paragraph\">Hoy estoy de regreso en Madrid y, despu\u00e9s de un tiempo siguiendo de cerca las cifras de violencia feminicida en M\u00e9xico, veo un telediario en el que se habla del tema. No me gusta hacer comparaciones porque todas las historias son tr\u00e1gicas, pero no puedo evitar contraponer las cifras. Pese a mi experiencia, la diferencia es brutal: en 2020 en Espa\u00f1a hubo 45 asesinatos contra mujeres por violencia machista, en M\u00e9xico hubo 940 feminicidios seg\u00fan las cifras oficiales. Las v\u00edctimas de la violencia feminicida en M\u00e9xico fueron 20 veces m\u00e1s que las de Espa\u00f1a.<\/p>\n\n\n\n<p class=\"wp-block-paragraph\">Si comparamos estas cifras tomando en cuenta la poblaci\u00f3n femenina mayor de 15 a\u00f1os en ambos pa\u00edses \u2014en Espa\u00f1a es de casi 22 millones y en M\u00e9xico de casi 49 millones\u2014, la incidencia de feminicidios es nueve veces mayor en M\u00e9xico.<\/p>\n\n\n\n<p class=\"wp-block-paragraph\">Adem\u00e1s, en M\u00e9xico las autoridades esconden feminicidios al clasificarlos como \u201chomicidios dolosos\u201d. Aunque desde 2015 la Suprema Corte de Justicia dict\u00f3 la obligatoriedad de investigar y juzgar con perspectiva de g\u00e9nero (como feminicidios) los cr\u00edmenes violentos contra mujeres, esto en la pr\u00e1ctica no sucede.<\/p>\n\n\n\n<p class=\"wp-block-paragraph\">En este sentido, en 2020 se registraron 2,783 homicidios dolosos contra mujeres. Si los sumamos a los feminicidios, tenemos una cifra de 3,723 mujeres asesinadas: son 10 al d\u00eda, en promedio.<\/p>\n\n\n\n<p class=\"wp-block-paragraph\">En Espa\u00f1a gran parte de las mujeres son v\u00edctimas de feminicidio por parte de familiares, fundamentalmente parejas o exparejas, me explic\u00f3 Mar\u00eda \u00c1ngeles Carmona, presidenta del Observatorio contra la Violencia de G\u00e9nero en Espa\u00f1a. Aunque los homicidios con otros tipos de violencias contra mujeres tienen mucho menor peso estad\u00edstico en Espa\u00f1a, hay otras fuentes fiables que ampl\u00edan las variables para considerarlos como feminicidios, las cuales muestran cifras que pueden llegar a ser casi el doble (83 contra los 45 oficiales de 2020). A\u00fan as\u00ed, la diferencia es abismal.<\/p>\n\n\n\n<p class=\"wp-block-paragraph\">Este otro dato es muy relevador: el n\u00famero de mujeres asesinadas en Espa\u00f1a por violencia machista a lo largo de los \u00faltimos 18 a\u00f1os \u2014desde 2003 en que hay cifras oficiales, hasta noviembre de 2020\u2014 fue de 1,078. Este mismo n\u00famero de mujeres son asesinadas en M\u00e9xico en menos de cuatro meses.<\/p>\n\n\n\n<p class=\"wp-block-paragraph\">Si hablamos de impartici\u00f3n de justicia no hay comparaci\u00f3n: en Espa\u00f1a, el porcentaje de impunidad en cuanto a feminicidios es pr\u00e1cticamente cero. \u201cLas sentencias que se dictan por feminicidios en Espa\u00f1a son condenatorias en 99% de los casos; es decir, no hay impunidad\u201d, me dijo Carmona. En M\u00e9xico la impunidad en feminicidios es de 97%.<\/p>\n\n\n\n<p class=\"wp-block-paragraph\">Carmona record\u00f3 solo un caso, de 2010, en el que un feminicida logr\u00f3 huir en avi\u00f3n la misma noche del crimen. Pero dos a\u00f1os despu\u00e9s, cuando hizo uso de su celular, fue capturado en Argentina. En M\u00e9xico, en 2010, la hija de Marisela Escobedo fue asesinada por su pareja, y ella enfrent\u00f3 durante a\u00f1os la negligencia, indolencia y corrupci\u00f3n del aparato de la justicia mientras buscaba al feminicida. Al final, tambi\u00e9n fue asesinada.<\/p>\n\n\n\n<p class=\"wp-block-paragraph\">Para Carmona hay pol\u00edticas p\u00fablicas claves para frenar la violencia e impunidad. Una de ellas es que la violencia machista se tiene que volver un \u201casunto de Estado\u201d. As\u00ed sucedi\u00f3 en 2004 en Espa\u00f1a, cuando se puso en marcha la Ley Integral de V\u00edctimas de Violencia de G\u00e9nero. Se consider\u00f3 que la sociedad espa\u00f1ola es machista y, por tanto, hab\u00eda que transformarla desde todas las instituciones.<\/p>\n\n\n\n<p class=\"wp-block-paragraph\">En M\u00e9xico existe la Ley General de Acceso de las Mujeres a una Vida Libre de Violencia desde 2007, pero las autoridades no la toman en serio. Tenemos adem\u00e1s un presidente, Andr\u00e9s Manuel L\u00f3pez Obrador, que niega, minimiza y desde\u00f1a constantemente el problema, como cuando se\u00f1al\u00f3 que 90% de las llamadas por violencia contra la mujer al n\u00famero de emergencia 911 son \u201cfalsas\u201d, que hay \u201cmano negra\u201d en los movimientos feministas, o que \u201cya chole\u201d (\u201cya basta\u201d) con insistir en las acusaciones de violaci\u00f3n y abuso sexual contra F\u00e9lix Salgado Macedonio, candidato a gobernador del estado de Guerrero por su partido, Morena. Una declaraci\u00f3n que violenta a\u00fan m\u00e1s a las mujeres por venir de parte del jefe de Estado y que manda un mensaje de impunidad absolutamente irresponsable y vergonzoso.<\/p>\n\n\n\n<p class=\"wp-block-paragraph\">Otra clave en la lucha en contra de la violencia es la formaci\u00f3n, coordinaci\u00f3n y eficacia en las instituciones. Aunque en M\u00e9xico existen organismos como la Fiscal\u00eda Especial para los Delitos de Violencia Contra las Mujeres y Trata de Personas, los Centros de Justicia para las Mujeres, la Comisi\u00f3n Nacional para Prevenir y Erradicar la Violencia contra las Mujeres o el Instituto Nacional de las Mujeres, son laber\u00ednticos y opacos, y muchos de sus funcionarios no est\u00e1n capacitados para otorgar justicia a las v\u00edctimas.<\/p>\n\n\n\n<p class=\"wp-block-paragraph\">La tercera clave son estad\u00edsticas profesionales y detalladas. En Espa\u00f1a, los datos que elabora el Observatorio con ayuda de ministerios indican d\u00f3nde est\u00e1n las disfunciones de la Polic\u00eda, fiscal\u00edas, procuradores, etc. En M\u00e9xico nunca se llega a este nivel de detalle.<\/p>\n\n\n\n<p class=\"wp-block-paragraph\">Una cuarta es la colaboraci\u00f3n y profesionalizaci\u00f3n de los medios. \u201cSon los medios lo que cambian el chip social (&#8230;) y se debe respetar a la v\u00edctima en todo momento\u201d, se\u00f1ala Carmona. En M\u00e9xico los grandes medios suelen revictimizar, revelar secretos de las investigaciones y hacer titulares machistas y amarillistas.<\/p>\n\n\n\n<p class=\"wp-block-paragraph\">Al revisar el cumplimiento de estas claves, podemos ver que la aplicaci\u00f3n de justicia en M\u00e9xico es un simple y ofensivo decorado.<\/p>\n\n\n\n<p class=\"wp-block-paragraph\">Hoy, mientras escribo esto, pienso en mi amiga Ana. Estuve cerca de la familia y testifiqu\u00e9 en el caso, pero hoy sus cercanos duermen sabiendo que este hombre est\u00e1 pagando su condena de 20 a\u00f1os. Que los maltratadores y feminicidas como \u00e9l usualmente no est\u00e1n libres. Y cuando ese sea el mensaje y ejemplo que se mande a la sociedad mexicana, tal vez todo empiece a cambiar.<\/p>\n","protected":false},"excerpt":{"rendered":"<p>Opinion by Karla Casillas Karla Casillas es periodista mexicana. Jefa de investigaci\u00f3n del documental \u2018Las Tres Muertes de Marisela Escobedo\u2019. SemM\u00e9xico. Washington Post. 25 de febrero de 2021.- Soy mexicana, pero viv\u00ed en Madrid por 13 a\u00f1os y fue ah\u00ed donde el terrible fen\u00f3meno de la violencia feminicida me tambale\u00f3 por primera vez. Mi amiga [&hellip;]<\/p>\n","protected":false},"author":3,"featured_media":32296,"comment_status":"open","ping_status":"open","sticky":false,"template":"","format":"standard","meta":{"_monsterinsights_skip_tracking":false,"footnotes":""},"categories":[692,110],"tags":[],"class_list":["post-32295","post","type-post","status-publish","format-standard","has-post-thumbnail","category-692","category-la-opinion-columnas"],"_links":{"self":[{"href":"https:\/\/redsemlac.com\/semmexico\/wp-json\/wp\/v2\/posts\/32295","targetHints":{"allow":["GET"]}}],"collection":[{"href":"https:\/\/redsemlac.com\/semmexico\/wp-json\/wp\/v2\/posts"}],"about":[{"href":"https:\/\/redsemlac.com\/semmexico\/wp-json\/wp\/v2\/types\/post"}],"author":[{"embeddable":true,"href":"https:\/\/redsemlac.com\/semmexico\/wp-json\/wp\/v2\/users\/3"}],"replies":[{"embeddable":true,"href":"https:\/\/redsemlac.com\/semmexico\/wp-json\/wp\/v2\/comments?post=32295"}],"version-history":[{"count":0,"href":"https:\/\/redsemlac.com\/semmexico\/wp-json\/wp\/v2\/posts\/32295\/revisions"}],"wp:featuredmedia":[{"embeddable":true,"href":"https:\/\/redsemlac.com\/semmexico\/wp-json\/wp\/v2\/media\/32296"}],"wp:attachment":[{"href":"https:\/\/redsemlac.com\/semmexico\/wp-json\/wp\/v2\/media?parent=32295"}],"wp:term":[{"taxonomy":"category","embeddable":true,"href":"https:\/\/redsemlac.com\/semmexico\/wp-json\/wp\/v2\/categories?post=32295"},{"taxonomy":"post_tag","embeddable":true,"href":"https:\/\/redsemlac.com\/semmexico\/wp-json\/wp\/v2\/tags?post=32295"}],"curies":[{"name":"wp","href":"https:\/\/api.w.org\/{rel}","templated":true}]}}