{"id":32284,"date":"2021-02-25T18:41:26","date_gmt":"2021-02-25T18:41:26","guid":{"rendered":"https:\/\/redsemlac.com\/semmexico\/?p=32284"},"modified":"2023-07-21T16:50:49","modified_gmt":"2023-07-21T21:50:49","slug":"regresa-el-observatorio-de-la-paridad-y-la-violencia-politica-para-el-proceso-2021","status":"publish","type":"post","link":"https:\/\/redsemlac.com\/semmexico\/regresa-el-observatorio-de-la-paridad-y-la-violencia-politica-para-el-proceso-2021\/","title":{"rendered":"Regresa el Observatorio de la Paridad y la Violencia Pol\u00edtica para el proceso 2021"},"content":{"rendered":"\n<p class=\"wp-block-paragraph\">Estrella Pedroza<\/p>\n\n\n\n<p class=\"wp-block-paragraph\">SemM\u00e9xico. Morelos. 25 de febrero de 2021. \u00a0El\u00a0Observatorio de la Paridad y la Violencia Pol\u00edtica\u00a0 anunci\u00f3 su\u00a0reactivaci\u00f3n para el\u00a0Proceso Electoral 2020-2021 y su principal objetivo ser\u00e1 vigilar los actos de violencia pol\u00edtica en raz\u00f3n  de g\u00e9nero, adem\u00e1s que se cumpla con paridad de g\u00e9nero en la asignaci\u00f3n de candidaturas.<\/p>\n\n\n\n<p class=\"wp-block-paragraph\"><br>En conferencia de prensa virtual, quienes integran el citado colectivo, detallaron que buscar\u00e1n visibilizar y denunciar de forma p\u00fablica las diversas problem\u00e1ticas que puedan ocurrir en\u00a0dem\u00e9rito\u00a0de los derechos pol\u00edticos de las mujeres que integran este Observatorio.<\/p>\n\n\n\n<p class=\"wp-block-paragraph\">Adem\u00e1s, vigilar\u00e1n que los candidatos presenten ante el IMPEPAC el registro de 3 de 3 Contra la Violencia, observar\u00e1n la aplicaci\u00f3n de los Acuerdos y Lineamientos aprobados para el registro de candidaturas de mujeres ind\u00edgenas.<\/p>\n\n\n\n<p class=\"wp-block-paragraph\">Llamaron a los partidos a cumplir con el principio de paridad de g\u00e9nero.<\/p>\n\n\n\n<p class=\"wp-block-paragraph\">Adem\u00e1s, se pronunciaron en contra de \u00a0todas aquellas precandidaturas o candidaturas de hombres con historial de denuncias p\u00fablicas o formales de cualquier tipo de violencia de g\u00e9nero, ya sea en el \u00e1mbito familiar o p\u00fablico y actuar\u00e1n en consecuencia en acciones de incidencia p\u00fablica.\u00a0<\/p>\n\n\n\n<p class=\"wp-block-paragraph\">Por \u00faltimo, expresaron \u00a0su\u00a0inconformidad de mantener a agresores sexuales en cargos p\u00fablicos o de elecci\u00f3n popular sea cual fuere el poder que representen.<\/p>\n\n\n\n<p class=\"wp-block-paragraph\">\u00abDe manera espec\u00edfica referimos el caso del legislador denunciado, Zapotitla Becerra y por ende exigimos se declare su destituci\u00f3n inmediata y se deje de postergar las sesiones que tal hecho amerita\u00bb, cerrraron.<\/p>\n","protected":false},"excerpt":{"rendered":"<p>Estrella Pedroza SemM\u00e9xico. Morelos. 25 de febrero de 2021. \u00a0El\u00a0Observatorio de la Paridad y la Violencia Pol\u00edtica\u00a0 anunci\u00f3 su\u00a0reactivaci\u00f3n para el\u00a0Proceso Electoral 2020-2021 y su principal objetivo ser\u00e1 vigilar los actos de violencia pol\u00edtica en raz\u00f3n de g\u00e9nero, adem\u00e1s que se cumpla con paridad de g\u00e9nero en la asignaci\u00f3n de candidaturas. En conferencia de prensa [&hellip;]<\/p>\n","protected":false},"author":3,"featured_media":32285,"comment_status":"open","ping_status":"open","sticky":false,"template":"","format":"standard","meta":{"_monsterinsights_skip_tracking":false,"footnotes":""},"categories":[692,141],"tags":[],"class_list":["post-32284","post","type-post","status-publish","format-standard","has-post-thumbnail","category-692","category-elecciones-2020-2021"],"_links":{"self":[{"href":"https:\/\/redsemlac.com\/semmexico\/wp-json\/wp\/v2\/posts\/32284","targetHints":{"allow":["GET"]}}],"collection":[{"href":"https:\/\/redsemlac.com\/semmexico\/wp-json\/wp\/v2\/posts"}],"about":[{"href":"https:\/\/redsemlac.com\/semmexico\/wp-json\/wp\/v2\/types\/post"}],"author":[{"embeddable":true,"href":"https:\/\/redsemlac.com\/semmexico\/wp-json\/wp\/v2\/users\/3"}],"replies":[{"embeddable":true,"href":"https:\/\/redsemlac.com\/semmexico\/wp-json\/wp\/v2\/comments?post=32284"}],"version-history":[{"count":0,"href":"https:\/\/redsemlac.com\/semmexico\/wp-json\/wp\/v2\/posts\/32284\/revisions"}],"wp:featuredmedia":[{"embeddable":true,"href":"https:\/\/redsemlac.com\/semmexico\/wp-json\/wp\/v2\/media\/32285"}],"wp:attachment":[{"href":"https:\/\/redsemlac.com\/semmexico\/wp-json\/wp\/v2\/media?parent=32284"}],"wp:term":[{"taxonomy":"category","embeddable":true,"href":"https:\/\/redsemlac.com\/semmexico\/wp-json\/wp\/v2\/categories?post=32284"},{"taxonomy":"post_tag","embeddable":true,"href":"https:\/\/redsemlac.com\/semmexico\/wp-json\/wp\/v2\/tags?post=32284"}],"curies":[{"name":"wp","href":"https:\/\/api.w.org\/{rel}","templated":true}]}}