{"id":32281,"date":"2021-02-25T18:37:27","date_gmt":"2021-02-25T18:37:27","guid":{"rendered":"https:\/\/redsemlac.com\/semmexico\/?p=32281"},"modified":"2023-07-21T16:50:49","modified_gmt":"2023-07-21T21:50:49","slug":"gobernador-de-quintana-roo-obstaculiza-el-trabajo-legislativo-rfq","status":"publish","type":"post","link":"https:\/\/redsemlac.com\/semmexico\/gobernador-de-quintana-roo-obstaculiza-el-trabajo-legislativo-rfq\/","title":{"rendered":"Gobernador de Quintana Roo obstaculiza el trabajo legislativo: RFQ"},"content":{"rendered":"\n<ul class=\"wp-block-list\"><li>Reprueba que no se haya aprobado el dictamen con reformas sobre derechos sexuales y reproductivos<\/li><\/ul>\n\n\n\n<ul class=\"wp-block-list\"><li>Deja Red Feministas la mesa de trabajo&nbsp;<\/li><\/ul>\n\n\n\n<p class=\"wp-block-paragraph\">Lorena Vaniezcot<\/p>\n\n\n\n<p class=\"wp-block-paragraph\">SemM\u00e9xico, Chetumal, 25 de febrero, 2021.- La Red Feminista Quintanarroense responsabiliz\u00f3 al gobernador Carlos Joaqu\u00edn Gonz\u00e1lez, de \u201coperar\u201d y obstaculizar el trabajo de las comisiones unidas del Congreso local, por lo que determinaron dejar la mesa de trabajo.<\/p>\n\n\n\n<p class=\"wp-block-paragraph\">Esta ma\u00f1ana en conferencia de prensa dijeron que a trav\u00e9s de diputados y diputadas del PAN y del PRI, se\u00f1alados como operadores del gobernador Joaqu\u00edn Gonz\u00e1lez, se obstaculiz\u00f3 la conclusi\u00f3n del an\u00e1lisis de las iniciativas sobre derechos sexuales y reproductivos.<\/p>\n\n\n\n<p class=\"wp-block-paragraph\">Los diputados y diputadas acusados de actuar para dilatar los resultados en comisiones, fueron el panista Eduardo Mart\u00ednez Arcila y el priista Carlos Hern\u00e1ndez Blanco \u201cquienes utilizando diversas artima\u00f1as retrasaron la votaci\u00f3n del dictamen respectivo\u201d. As\u00ed como tambi\u00e9n la diputada sin partido Reyna Dur\u00e1n Ovando, Kira Iris San y Aurora Pool Cahuich, ambas del PAN.<\/p>\n\n\n\n<p class=\"wp-block-paragraph\">A casi cien d\u00edas de la toma del palacio legislativo, explicaron que el 10 de febrero se estableci\u00f3 que permanecer\u00edan en las instalaciones del Congreso hasta este 24 de febrero, fecha en la que esperaban que el dictamen del paquete de iniciativas sobre derechos sexuales y reproductivos fuera entregado.<\/p>\n\n\n\n<p class=\"wp-block-paragraph\">Dijeron que este martes, los diputados y diputadas antes se\u00f1alados interrumpieron de forma alevosa y obstaculizaron el trabajo de las comisiones unidas. \u201cLo que vimos ayer fue lamentable\u201d y responsabilizaron al gobernador del estado y decidieron levantarse de la mesa de di\u00e1logo.<\/p>\n\n\n\n<p class=\"wp-block-paragraph\">La acci\u00f3n de los operadores del gobernador no era otra que obstaculizar la aprobaci\u00f3n de dictamen de reforma de los derechos sexuales y reproductivos, a fin de que fuera aprobado por una mayor\u00eda simple en el pleno.<\/p>\n\n\n\n<p class=\"wp-block-paragraph\">Por otra parte, es importante recalcar que dichos diputados en todo momento antepusieron sus intereses pol\u00edticos a los argumentos, m\u00e9dicos, cient\u00edficos y legales, como las sentencias de la Corte Interamericana de Derechos Humanos y los criterios de la Suprema Corte de Justicia de la Naci\u00f3n, as\u00ed como las opiniones t\u00e9cnicas emitidas por las autoridades internacionales y federales.<\/p>\n\n\n\n<p class=\"wp-block-paragraph\">Dijeron que previamente se realizaron seis fotos de consulta, a los que no asistieron ninguno de las y los diputados que ayer obstaculizaron el trabajo legislativo.<\/p>\n\n\n\n<p class=\"wp-block-paragraph\">Lamentaron que las diputadas Atenea G\u00f3mez Ricalde y Lily Campos Miranda, ambas del PAN no quisieron asumir \u201cel costo pol\u00edtico que implica legislar a favor de los derechos de las mujeres y privilegiaron sus intereses pol\u00edticos y electorales\u201d.&nbsp;<\/p>\n\n\n\n<p class=\"wp-block-paragraph\">Agradecieron a las diputadas que permanecieron en el pleno durante la sesi\u00f3n: Judith Rodr\u00edguez Villanueva, Edgar Gasca Arceo, Tyara Schleske, Erika Castillo, Hern\u00e1n Villatoro, Iris Mora Vallejo, Jose Luis Guillen, Jos\u00e9 de la Pe\u00f1a, y Ana Pamplona.<\/p>\n\n\n\n<p class=\"wp-block-paragraph\">SEM\/lv\/sj<\/p>\n","protected":false},"excerpt":{"rendered":"<p>Reprueba que no se haya aprobado el dictamen con reformas sobre derechos sexuales y reproductivos Deja Red Feministas la mesa de trabajo&nbsp; Lorena Vaniezcot SemM\u00e9xico, Chetumal, 25 de febrero, 2021.- La Red Feminista Quintanarroense responsabiliz\u00f3 al gobernador Carlos Joaqu\u00edn Gonz\u00e1lez, de \u201coperar\u201d y obstaculizar el trabajo de las comisiones unidas del Congreso local, por lo [&hellip;]<\/p>\n","protected":false},"author":3,"featured_media":32282,"comment_status":"open","ping_status":"open","sticky":false,"template":"","format":"standard","meta":{"_monsterinsights_skip_tracking":false,"footnotes":""},"categories":[692,54],"tags":[],"class_list":["post-32281","post","type-post","status-publish","format-standard","has-post-thumbnail","category-692","category-mujeres"],"_links":{"self":[{"href":"https:\/\/redsemlac.com\/semmexico\/wp-json\/wp\/v2\/posts\/32281","targetHints":{"allow":["GET"]}}],"collection":[{"href":"https:\/\/redsemlac.com\/semmexico\/wp-json\/wp\/v2\/posts"}],"about":[{"href":"https:\/\/redsemlac.com\/semmexico\/wp-json\/wp\/v2\/types\/post"}],"author":[{"embeddable":true,"href":"https:\/\/redsemlac.com\/semmexico\/wp-json\/wp\/v2\/users\/3"}],"replies":[{"embeddable":true,"href":"https:\/\/redsemlac.com\/semmexico\/wp-json\/wp\/v2\/comments?post=32281"}],"version-history":[{"count":0,"href":"https:\/\/redsemlac.com\/semmexico\/wp-json\/wp\/v2\/posts\/32281\/revisions"}],"wp:featuredmedia":[{"embeddable":true,"href":"https:\/\/redsemlac.com\/semmexico\/wp-json\/wp\/v2\/media\/32282"}],"wp:attachment":[{"href":"https:\/\/redsemlac.com\/semmexico\/wp-json\/wp\/v2\/media?parent=32281"}],"wp:term":[{"taxonomy":"category","embeddable":true,"href":"https:\/\/redsemlac.com\/semmexico\/wp-json\/wp\/v2\/categories?post=32281"},{"taxonomy":"post_tag","embeddable":true,"href":"https:\/\/redsemlac.com\/semmexico\/wp-json\/wp\/v2\/tags?post=32281"}],"curies":[{"name":"wp","href":"https:\/\/api.w.org\/{rel}","templated":true}]}}