{"id":3224,"date":"2019-04-17T02:29:18","date_gmt":"2019-04-17T02:29:18","guid":{"rendered":"https:\/\/redsemlac.com\/semmexico\/?p=3224"},"modified":"2023-07-21T14:48:10","modified_gmt":"2023-07-21T19:48:10","slug":"altamente-rentable-la-inclusion-de-las-mujeres-en-las-empresas-pero-no-acceden-a-cargos-de-alta-direccion","status":"publish","type":"post","link":"https:\/\/redsemlac.com\/semmexico\/altamente-rentable-la-inclusion-de-las-mujeres-en-las-empresas-pero-no-acceden-a-cargos-de-alta-direccion\/","title":{"rendered":"Altamente rentable la inclusi\u00f3n de las mujeres en las empresas, pero no acceden a cargos de alta direcci\u00f3n."},"content":{"rendered":"\n<p class=\"wp-block-paragraph\"><a href=\"https:\/\/www.semmexico.com\/gallery-post.php?id=7854#\">Elda Montiel<\/a><\/p>\n\n\n\n<p class=\"wp-block-paragraph\">SemM\u00e9xico. Cd. de M\u00e9xico. 9 de abril de 2019.- La inclusi\u00f3n de las mujeres en las empresas es altamente rentable, sin embargo,&nbsp;su participaci\u00f3n&nbsp;sigue siendo m\u00ednima en cargos de alta direcci\u00f3n y en los consejos de administraci\u00f3n de las empresas que cotizan en la bolsa&nbsp;y no por falta de preparaci\u00f3n sino por obst\u00e1culos culturales y machistas.<\/p>\n\n\n\n<p class=\"wp-block-paragraph\">Lo anterior se puso de manifiesto, en el Senado de la Republica,&nbsp;el d\u00eda de ayer al llevarse a cabo&nbsp;el Foro \u201cMujeres, Liderazgo y Econom\u00eda\u201d,&nbsp;al debatir el tema de la inclusi\u00f3n de las mujeres en el \u00e1rea empresarial, donde tambi\u00e9n se se\u00f1al\u00f3 la necesidad de legislar a favor de la igualdad salarial.<\/p>\n\n\n\n<p class=\"wp-block-paragraph\">Claudia&nbsp;Ya\u00f1ez, presidenta del Consejo Ejecutivo de Empresas Globales, propuso crear redes de mujeres en el \u00e1mbito empresarial, ante la realidad que, de 51 empresas que integran el Consejo, s\u00f3lo ocho de ellas son dirigidas por mujeres a pesar de que la inclusi\u00f3n de mujeres en las empresas ha demostrado ser rentable. \u201cHay que alabar el talento, no el g\u00e9nero, y tener claro los perfiles de los puestos\u201d, dijo.<\/p>\n\n\n\n<p class=\"wp-block-paragraph\">Coincidi\u00f3,&nbsp;Jannine&nbsp;Poletti&nbsp;Huges, catedr\u00e1tica de la Universidad de Liverpool, Reino Unido,&nbsp;al indicar que&nbsp;en M\u00e9xico las empresas que cotizan en bolsa, al interior de sus consejos de administraci\u00f3n solo el 5% de los espacios son ocupados por mujeres y en vista de que muchas son empresas familiares, el porcentaje de las que llegan por su propio esfuerzo baja a 1%.&nbsp;Debido a esta situaci\u00f3n propuso que las consejeras deber\u00edan ser independientes no parte de la familia, para que esto deje de ser una pr\u00e1ctica.&nbsp;<\/p>\n\n\n\n<p class=\"wp-block-paragraph\">La investigadora inform\u00f3 que hay iniciativas para que las participaciones de las mujeres en los Consejos de Administraci\u00f3n lleguen a un 30%.&nbsp;<\/p>\n\n\n\n<p class=\"wp-block-paragraph\">Respecto a la brecha salarial la empresaria Norma Cerros, fundadora de&nbsp;Womerang&nbsp;destac\u00f3&nbsp;que las&nbsp;pol\u00edticas implementadas para acortar la brecha salarial&nbsp;en nuestro pa\u00eds&nbsp;no han&nbsp;sido del todo efectivas, ya&nbsp;que el porcentaje fluct\u00faa hacia arriba o hacia abajo.<\/p>\n\n\n\n<p class=\"wp-block-paragraph\">Lo que se requiere \u2013dijo- para evitar que sea un tema de discriminaci\u00f3n es un anclaje&nbsp;salarial&nbsp;ya que&nbsp;las mujeres no ganan menos por falta de preparaci\u00f3n&nbsp;pues en la actualidad se grad\u00faan m\u00e1s de universidades y posgrados que los hombres.&nbsp;<\/p>\n\n\n\n<p class=\"wp-block-paragraph\">Paula&nbsp;Santilli, presidenta de&nbsp;Pepsico. Alimentos M\u00e9xico,&nbsp;coment\u00f3 la eficiencia en las l\u00edneas de producci\u00f3n dirigidas por mujeres y que una de&nbsp;las estrategias al interior de su empresa para cumplir con la meta de lograr para 2025 la paridad entre hombres y mujeres en todas las gerencias&nbsp;es&nbsp;la promoci\u00f3n de la cultura del bienestar.<\/p>\n\n\n\n<p class=\"wp-block-paragraph\">Como&nbsp;la flexibilidad que tiene la empresa con respecto a los permisos por maternidad o paternidad, incluso si es por adopci\u00f3n homoparental.<\/p>\n\n\n\n<p class=\"wp-block-paragraph\">Por su parte,&nbsp;Rosa Martha Abascal Olascoaga, socia fundadora&nbsp;y vicepresidenta comercial de Estrategia Web 360,&nbsp;abord\u00f3 el tema de&nbsp;losobst\u00e1culos para incidir en el medio&nbsp;empresarialas\u00ed como las medidas para romperlos.<\/p>\n\n\n\n<p class=\"wp-block-paragraph\">Entre los que mencion\u00f3 la&nbsp;educaci\u00f3n conservadora en la que la maternidad es el medio de realizaci\u00f3n de las mujeres y pensar diferente es al menos ego\u00edsmo, as\u00ed como la forma en que se perciben a&nbsp;s\u00ed mismas las mujeres y educan a los hijos porque en ocasiones reproducen conductas mis\u00f3ginas y machistas.<\/p>\n\n\n\n<p class=\"wp-block-paragraph\">Otros obst\u00e1culos mencionados por Abascal Olascoaga son la dependencia emocional&nbsp;como&nbsp;el&nbsp;temor&nbsp;de quedar sola si se tiene m\u00e1s \u00e9xito que el marido, y la baja autoestima&nbsp;por lo que propuso&nbsp;tener un balance entre familia y trabajo.<\/p>\n\n\n\n<p class=\"wp-block-paragraph\">Tambi\u00e9n destac\u00f3 la importancia de vencer el&nbsp;miedo al fracaso,&nbsp;tras resaltar que se aprende m\u00e1s de las derrotas que de las victorias&nbsp;y&nbsp;la falta de financiamiento para las mujeres emprendedoras.<\/p>\n\n\n\n<p class=\"wp-block-paragraph\">En cuanto a las medidas para derribar esos obst\u00e1culos mencion\u00f3 que se debe de cambiar la forma de verse las propias mujeres; dominar su \u00e1rea de trabajo ya que mientras m\u00e1s estudios se tengan hay m\u00e1s posibilidades de \u00e9xito y romper ese c\u00edrculo cultural que perpet\u00faa malas actitudes desde casa.<\/p>\n\n\n\n<p class=\"wp-block-paragraph\">Rosa Martha Abascal se\u00f1al\u00f3 que la lectura de la obra de Edith&nbsp;Stein, primera graduada de filosof\u00eda en Alemania, quien vivi\u00f3 a principios del siglo pasado, le cambi\u00f3 la vida ya que afirmaba que&nbsp;las mujeres pod\u00edan&nbsp;dedicarse a cualquier profesi\u00f3n ya que ellas impregnan su&nbsp;feminidad en el trabajo.&nbsp;\u201cPodemos ser lo que queramos, nuestro \u00fanico freno somos nosotras mismas\u201d,afirm\u00f3.&nbsp;<\/p>\n\n\n\n<p class=\"wp-block-paragraph\">En su intervenci\u00f3n la senadora&nbsp;Xochitl&nbsp;G\u00e1lvez, secretaria de la Comisi\u00f3n de Anticorrupci\u00f3n, Transparencia y Participaci\u00f3n Ciudadana invit\u00f3 a las presentes a que en congruencia afilien a sus trabajadoras dom\u00e9sticas al Seguro Social.&nbsp;<\/p>\n\n\n\n<p class=\"wp-block-paragraph\">El panel fue moderado por la senadora Soraya P\u00e9rez Mungu\u00eda, integrante de la Comisi\u00f3n de Econom\u00eda, Comercio y Competitividad.<\/p>\n","protected":false},"excerpt":{"rendered":"<p>Elda Montiel SemM\u00e9xico. Cd. de M\u00e9xico. 9 de abril de 2019.- La inclusi\u00f3n de las mujeres en las empresas es altamente rentable, sin embargo,&nbsp;su participaci\u00f3n&nbsp;sigue siendo m\u00ednima en cargos de alta direcci\u00f3n y en los consejos de administraci\u00f3n de las empresas que cotizan en la bolsa&nbsp;y no por falta de preparaci\u00f3n sino por obst\u00e1culos culturales [&hellip;]<\/p>\n","protected":false},"author":3,"featured_media":3225,"comment_status":"open","ping_status":"open","sticky":false,"template":"","format":"standard","meta":{"_monsterinsights_skip_tracking":false,"footnotes":""},"categories":[690,50],"tags":[],"class_list":["post-3224","post","type-post","status-publish","format-standard","has-post-thumbnail","category-690","category-congreso"],"_links":{"self":[{"href":"https:\/\/redsemlac.com\/semmexico\/wp-json\/wp\/v2\/posts\/3224","targetHints":{"allow":["GET"]}}],"collection":[{"href":"https:\/\/redsemlac.com\/semmexico\/wp-json\/wp\/v2\/posts"}],"about":[{"href":"https:\/\/redsemlac.com\/semmexico\/wp-json\/wp\/v2\/types\/post"}],"author":[{"embeddable":true,"href":"https:\/\/redsemlac.com\/semmexico\/wp-json\/wp\/v2\/users\/3"}],"replies":[{"embeddable":true,"href":"https:\/\/redsemlac.com\/semmexico\/wp-json\/wp\/v2\/comments?post=3224"}],"version-history":[{"count":0,"href":"https:\/\/redsemlac.com\/semmexico\/wp-json\/wp\/v2\/posts\/3224\/revisions"}],"wp:featuredmedia":[{"embeddable":true,"href":"https:\/\/redsemlac.com\/semmexico\/wp-json\/wp\/v2\/media\/3225"}],"wp:attachment":[{"href":"https:\/\/redsemlac.com\/semmexico\/wp-json\/wp\/v2\/media?parent=3224"}],"wp:term":[{"taxonomy":"category","embeddable":true,"href":"https:\/\/redsemlac.com\/semmexico\/wp-json\/wp\/v2\/categories?post=3224"},{"taxonomy":"post_tag","embeddable":true,"href":"https:\/\/redsemlac.com\/semmexico\/wp-json\/wp\/v2\/tags?post=3224"}],"curies":[{"name":"wp","href":"https:\/\/api.w.org\/{rel}","templated":true}]}}