{"id":32213,"date":"2021-02-24T16:43:37","date_gmt":"2021-02-24T16:43:37","guid":{"rendered":"https:\/\/redsemlac.com\/semmexico\/?p=32213"},"modified":"2023-07-21T16:50:51","modified_gmt":"2023-07-21T21:50:51","slug":"la-alianza-va-por-guerrero-busca-erradicar-la-violencia-feminicida-adriana-diaz-contreras","status":"publish","type":"post","link":"https:\/\/redsemlac.com\/semmexico\/la-alianza-va-por-guerrero-busca-erradicar-la-violencia-feminicida-adriana-diaz-contreras\/","title":{"rendered":"La Alianza Va por Guerrero busca erradicar la violencia feminicida: Adriana D\u00edaz Contreras"},"content":{"rendered":"\n<ul class=\"wp-block-list\"><li><strong>La Secretaria General del PRD afirma que el reto es aplicar tolerancia cero para agresiones contra mujeres y ni\u00f1as<\/strong><\/li><li><strong>Critica a adversarios por su candidato acusado de violador<\/strong><\/li><\/ul>\n\n\n\n<p class=\"wp-block-paragraph\"><strong>Josefina Aguilar Pastor&nbsp;<\/strong><\/p>\n\n\n\n<p class=\"wp-block-paragraph\">SemM\u00e9xico. Chilpancingo, Gro., 24 de febrero de 2021.- Una pol\u00edtica de cero tolerancia, es fundamental en el Estado de Guerrero, para los golpeadores y asesinos de mujeres, propuso Adriana D\u00edaz Contreras, secretaria general de la direcci\u00f3n ejecutiva de Partido de la Revoluci\u00f3n Democr\u00e1tica (PRD), a fin de que esta entidad dijo, las mujeres puedan vivir sin violencia.<\/p>\n\n\n\n<p class=\"wp-block-paragraph\">En su visita al Estado de Guerrero, este fin de semana, para la presentaci\u00f3n del candidato priista a la Gubernatura de la colaci\u00f3n &nbsp;\u201cVa por Guerrero\u201d, conformada por el PRI y el PRD, la dirigenta perredista asegur\u00f3 que una de las prioridades de esta alianza, cuando triunfen, ser\u00e1 acabar con la impunidad para quienes violentan y asesinan a las mujeres.<\/p>\n\n\n\n<p class=\"wp-block-paragraph\">El reto, dijo, &nbsp;es convertir a Guerrero en una entidad libre de violencia contra las mujeres, \u201caplicar una pol\u00edtica cero tolerancia a los violadores\u201d, que, dijo es fundamental en la entidad hacer inaceptable admitir &nbsp;golpeadores y asesinos, &nbsp;y asegur\u00f3 que \u201cpodemos convertir a Guerrero en una entidad donde las mujeres puedan vivir sin violencia\u201d.<\/p>\n\n\n\n<p class=\"wp-block-paragraph\">D\u00edaz Contreras pidi\u00f3 al candidato de la coalici\u00f3n&nbsp; hacer la diferencia, &nbsp;y opin\u00f3&nbsp; que mientras los adversario postulan a un candidato acusado de violaci\u00f3n y acoso sexual, \u201cnosotros la coalici\u00f3n va por Guerrero postulamos a un defensor de los derechos de las mujeres, el derecho a la igualdad, a la paz y el trabajo, ese es el compromiso que hoy le solicitamos a nuestro candidato, que se aplique esta estrategia a favor de las mujeres\u201d.<\/p>\n\n\n\n<p class=\"wp-block-paragraph\">La secretaria general de la dirigencia nacional del PRD, critic\u00f3 la falta de pol\u00edticas p\u00fablicas que detengan la violencia y la impunidad contra las mujeres, refiri\u00f3 que en el pa\u00eds, 10.6 mujeres pierden la vida por feminicidio; cerca de 20 mil 431 mujeres, ni\u00f1as y adolescentes asesinadas;11 mil 217 delitos de acoso denunciados ante ministerios p\u00fablicos, 150 mil 716 denuncian por violaci\u00f3n, m\u00e1s de 49 mil 195 por violencia familiar, en tanto que m\u00e1s de 610 mil mujeres han acudido al ministerio p\u00fablico por la ausencia de apoyos econ\u00f3micos.<\/p>\n\n\n\n<p class=\"wp-block-paragraph\">Finalmente, la perredista se congratul\u00f3 del compromiso de paridad en el reconocimiento de las mujeres en su gobierno hecho por el aspirante, y poder de esa manera, lograr pol\u00edticas p\u00fablicas con perspectiva de g\u00e9nero.<\/p>\n","protected":false},"excerpt":{"rendered":"<p>Critica a adversarios por su candidato acusado de violador<\/p>\n","protected":false},"author":3,"featured_media":32214,"comment_status":"open","ping_status":"open","sticky":false,"template":"","format":"standard","meta":{"_monsterinsights_skip_tracking":false,"footnotes":""},"categories":[692,141],"tags":[],"class_list":["post-32213","post","type-post","status-publish","format-standard","has-post-thumbnail","category-692","category-elecciones-2020-2021"],"_links":{"self":[{"href":"https:\/\/redsemlac.com\/semmexico\/wp-json\/wp\/v2\/posts\/32213","targetHints":{"allow":["GET"]}}],"collection":[{"href":"https:\/\/redsemlac.com\/semmexico\/wp-json\/wp\/v2\/posts"}],"about":[{"href":"https:\/\/redsemlac.com\/semmexico\/wp-json\/wp\/v2\/types\/post"}],"author":[{"embeddable":true,"href":"https:\/\/redsemlac.com\/semmexico\/wp-json\/wp\/v2\/users\/3"}],"replies":[{"embeddable":true,"href":"https:\/\/redsemlac.com\/semmexico\/wp-json\/wp\/v2\/comments?post=32213"}],"version-history":[{"count":0,"href":"https:\/\/redsemlac.com\/semmexico\/wp-json\/wp\/v2\/posts\/32213\/revisions"}],"wp:featuredmedia":[{"embeddable":true,"href":"https:\/\/redsemlac.com\/semmexico\/wp-json\/wp\/v2\/media\/32214"}],"wp:attachment":[{"href":"https:\/\/redsemlac.com\/semmexico\/wp-json\/wp\/v2\/media?parent=32213"}],"wp:term":[{"taxonomy":"category","embeddable":true,"href":"https:\/\/redsemlac.com\/semmexico\/wp-json\/wp\/v2\/categories?post=32213"},{"taxonomy":"post_tag","embeddable":true,"href":"https:\/\/redsemlac.com\/semmexico\/wp-json\/wp\/v2\/tags?post=32213"}],"curies":[{"name":"wp","href":"https:\/\/api.w.org\/{rel}","templated":true}]}}