{"id":32210,"date":"2021-02-24T16:41:12","date_gmt":"2021-02-24T16:41:12","guid":{"rendered":"https:\/\/redsemlac.com\/semmexico\/?p=32210"},"modified":"2023-07-21T16:50:51","modified_gmt":"2023-07-21T21:50:51","slug":"medidas-cautelares-al-periodista-javier-santiago-agredido-el-fin-de-semana","status":"publish","type":"post","link":"https:\/\/redsemlac.com\/semmexico\/medidas-cautelares-al-periodista-javier-santiago-agredido-el-fin-de-semana\/","title":{"rendered":"Medidas cautelares al periodista Javier Santiago, agredido el fin de semana"},"content":{"rendered":"\n<ul class=\"wp-block-list\"><li><strong>Act\u00faa la Defensor\u00eda de los Derechos Humanos del Pueblo de Oaxaca y pide a salud toda la atenci\u00f3n para el reportero<\/strong><\/li><li><strong>Atacado &nbsp;golpes con palos y piedras, por una banda: qued\u00f3 inconsciente.&nbsp;<\/strong><\/li><\/ul>\n\n\n\n<p class=\"wp-block-paragraph\"><strong>Patricia Brise\u00f1o<\/strong><\/p>\n\n\n\n<p class=\"wp-block-paragraph\">SemM\u00e9xico, Oaxaca, Oax., 24 de febrero, 2021.- La Defensor\u00eda de los Derechos Humanos del Pueblo de Oaxaca (DDHPO) dict\u00f3 medidas cautelares a favor del periodista Javier Santiago, a trav\u00e9s de las cuales solicit\u00f3 a las autoridades protecci\u00f3n para el colaborador del portal informativo \u201cRealidad Oaxaca\u201d<\/p>\n\n\n\n<p class=\"wp-block-paragraph\">Tras condenar la agresi\u00f3n cometida contra el comunicador ocurrida la noche del domingo 21 de febrero en la periferia de la ciudad de Oaxaca, el organismo lo acompa\u00f1\u00f3 a la cl\u00ednica donde recibi\u00f3 atenci\u00f3n m\u00e9dica, y afirm\u00f3 que mantendr\u00e1 el respaldo para proteger sus derechos humanos.&nbsp;<\/p>\n\n\n\n<p class=\"wp-block-paragraph\">La noche del domingo, cerca de las 22:00 horas, mientras el reportero esperaba turno en un establecimiento de alimentos, un grupo de presuntos taxistas lo atac\u00f3 a golpes, utilizando palos y piedras, despu\u00e9s huyeron, dejando al reportero inconsciente.&nbsp;<\/p>\n\n\n\n<p class=\"wp-block-paragraph\">Los agresores fueron identificados de manera preliminar como choferes del servicio colectivo de taxis, incluso, uno descendi\u00f3 del veh\u00edculo con econ\u00f3mico 01-550, del sitio Villa de Etla, seg\u00fan testigos.<\/p>\n\n\n\n<p class=\"wp-block-paragraph\">La Defensor\u00eda del Pueblo se\u00f1al\u00f3 que este tipo de actos de violencia son un atentado en contra de la libertad de expresi\u00f3n y la labor informativa, por ello inici\u00f3 el expediente de queja DDHPO\/0268\/ (01)\/OAX\/2021.<\/p>\n\n\n\n<p class=\"wp-block-paragraph\">Del mismo modo se recomend\u00f3 a los servicios de salud de Oaxaca garantizar que el reportero tenga acceso a atenci\u00f3n m\u00e9dica con calidad y calidez, mientras que a la Secretar\u00eda de Seguridad P\u00fablica le solicit\u00f3 que elementos de la corporaci\u00f3n realicen labores de protecci\u00f3n y seguridad a la v\u00edctima.<\/p>\n\n\n\n<p class=\"wp-block-paragraph\">En tanto que, a la Fiscal\u00eda General del Estado le requiri\u00f3 que implemente medidas de protecci\u00f3n, lo cual implica definirlas conforme a un an\u00e1lisis de riesgo, adem\u00e1s de que realice una investigaci\u00f3n del hecho delictivo conforme a los principios de la debida diligencia, \u201ca fin de que se pueda llevar a los perpetradores a juicio y con ello se haga justicia para que este tipo de actos no queden en la impunidad\u201d.&nbsp;&nbsp;<\/p>\n\n\n\n<p class=\"wp-block-paragraph\">La Defensor\u00eda inform\u00f3 que de 2015 a 2020, inici\u00f3 270 investigaciones derivadas de quejas o cuadernos de antecedentes relacionados con violaciones a derechos humanos cometidas contra periodistas en la entidad.&nbsp;<\/p>\n\n\n\n<p class=\"wp-block-paragraph\">Mientras que en lo que va del 2021 ha registrado dos expedientes, lo que hace evidente la necesidad de garantizar que su seguridad y libertad al trabajar informando a la sociedad, pero adem\u00e1s la importancia de combatir la impunidad y garantizar el acceso a la justicia en estos casos.<\/p>\n\n\n\n<p class=\"wp-block-paragraph\">Organizaciones de periodistas y comunicadores en lo individual condenaron el ataque contra su colega, adem\u00e1s de justicia inmediata por parte de la instancia correspondiente.<\/p>\n","protected":false},"excerpt":{"rendered":"<p>Act\u00faa la Defensor\u00eda de los Derechos Humanos del Pueblo de Oaxaca y pide a salud toda la atenci\u00f3n para el reportero<\/p>\n","protected":false},"author":3,"featured_media":32211,"comment_status":"open","ping_status":"open","sticky":false,"template":"","format":"standard","meta":{"_monsterinsights_skip_tracking":false,"footnotes":""},"categories":[692,55],"tags":[],"class_list":["post-32210","post","type-post","status-publish","format-standard","has-post-thumbnail","category-692","category-periodistas"],"_links":{"self":[{"href":"https:\/\/redsemlac.com\/semmexico\/wp-json\/wp\/v2\/posts\/32210","targetHints":{"allow":["GET"]}}],"collection":[{"href":"https:\/\/redsemlac.com\/semmexico\/wp-json\/wp\/v2\/posts"}],"about":[{"href":"https:\/\/redsemlac.com\/semmexico\/wp-json\/wp\/v2\/types\/post"}],"author":[{"embeddable":true,"href":"https:\/\/redsemlac.com\/semmexico\/wp-json\/wp\/v2\/users\/3"}],"replies":[{"embeddable":true,"href":"https:\/\/redsemlac.com\/semmexico\/wp-json\/wp\/v2\/comments?post=32210"}],"version-history":[{"count":0,"href":"https:\/\/redsemlac.com\/semmexico\/wp-json\/wp\/v2\/posts\/32210\/revisions"}],"wp:featuredmedia":[{"embeddable":true,"href":"https:\/\/redsemlac.com\/semmexico\/wp-json\/wp\/v2\/media\/32211"}],"wp:attachment":[{"href":"https:\/\/redsemlac.com\/semmexico\/wp-json\/wp\/v2\/media?parent=32210"}],"wp:term":[{"taxonomy":"category","embeddable":true,"href":"https:\/\/redsemlac.com\/semmexico\/wp-json\/wp\/v2\/categories?post=32210"},{"taxonomy":"post_tag","embeddable":true,"href":"https:\/\/redsemlac.com\/semmexico\/wp-json\/wp\/v2\/tags?post=32210"}],"curies":[{"name":"wp","href":"https:\/\/api.w.org\/{rel}","templated":true}]}}