{"id":3221,"date":"2019-04-10T02:27:36","date_gmt":"2019-04-10T02:27:36","guid":{"rendered":"https:\/\/redsemlac.com\/semmexico\/?p=3221"},"modified":"2023-07-21T14:48:13","modified_gmt":"2023-07-21T19:48:13","slug":"desde-hace-dos-anos-y-cuatro-meses-el-gobierno-federal-declaro-la-alerta-de-violencia-de-genero-en-siete-municipios","status":"publish","type":"post","link":"https:\/\/redsemlac.com\/semmexico\/desde-hace-dos-anos-y-cuatro-meses-el-gobierno-federal-declaro-la-alerta-de-violencia-de-genero-en-siete-municipios\/","title":{"rendered":"Desde hace dos a\u00f1os y cuatro meses el gobierno federal declar\u00f3 la Alerta de Violencia de G\u00e9nero en siete municipios."},"content":{"rendered":"\n<p class=\"wp-block-paragraph\"><a href=\"https:\/\/www.semmexico.com\/gallery-post.php?id=7860#\">Itzel Grajales<\/a><\/p>\n\n\n\n<p class=\"wp-block-paragraph\">SemM\u00e9xico.&nbsp;Tuxtla Guti\u00e9rrez.&nbsp;10 de abril de 2019.- Ante el incremento del \u00edndice de feminicidios en los \u00faltimos tres a\u00f1os, la diputada Hayde\u00e9 Ocampo Olvera propuso al Pleno del Congreso del Estado la creaci\u00f3n de una Comisi\u00f3n Especial para dar seguimiento a las acciones de los ayuntamientos y el gobierno del estado en la prevenci\u00f3n y atenci\u00f3n de la violencia de g\u00e9nero.<\/p>\n\n\n\n<p class=\"wp-block-paragraph\">En el marco de una sesi\u00f3n ordinaria, Ocampo subi\u00f3 a la tribuna para se\u00f1alar que&nbsp;&nbsp;desde hace dos a\u00f1os y cuatro meses el gobierno federal declar\u00f3 la Alerta de Violencia de G\u00e9nero en siete municipios y las zonas ind\u00edgenas de Chiapas, sin embargo, las cifras muestran que no ha dado resultados: porque de 2016 a la fecha ocurrieron 462 muertes violentas de mujeres.<\/p>\n\n\n\n<p class=\"wp-block-paragraph\">El feminicidio, dijo, es la manifestaci\u00f3n m\u00e1s grave y aberrante de discriminaci\u00f3n y violencia contra las mujeres y las ni\u00f1as, y en los \u00faltimos meses la estad\u00edstica de este delito&nbsp; se ha disparado; por ello llam\u00f3 a los 124 ayuntamientos a instalar consejos municipales que atiendan esta problem\u00e1tica de manera urgente.<\/p>\n\n\n\n<p class=\"wp-block-paragraph\">Y a los diputados y diputadas de la LXVII Legislatura los invit\u00f3 a sumar esfuerzos con la conformaci\u00f3n de una Comisi\u00f3n Especial, que servir\u00eda para vigilar las pol\u00edticas p\u00fablicas, as\u00ed como la procuraci\u00f3n e impartici\u00f3n de justicia vinculada a estos cr\u00edmenes.<\/p>\n\n\n\n<p class=\"wp-block-paragraph\">\u201cEs necesario cuidar mucho los procesos penales, porque cuando hay carpetas mal hechas, hay poco que se pueda hacer; por eso cada autoridad debe hacer lo conducente, porque no estamos tomando en cuenta el dolor de las familias de las v\u00edctimas\u201d, enfatiz\u00f3 la diputada.<\/p>\n\n\n\n<p class=\"wp-block-paragraph\">El \u201cObservatorio feminista contra la violencia a las mujeres de Chiapas\u201d report\u00f3 que de enero a marzo de 2019 ocurrieron 50 muertes violentas de mujeres: con un promedio de 17 al mes; lo que equivale a casi una tercera parte de las&nbsp; registradas en 2018, a\u00f1o en que esta organizaci\u00f3n cont\u00f3 168 decesos de este tipo.<br><\/p>\n","protected":false},"excerpt":{"rendered":"<p>Itzel Grajales SemM\u00e9xico.&nbsp;Tuxtla Guti\u00e9rrez.&nbsp;10 de abril de 2019.- Ante el incremento del \u00edndice de feminicidios en los \u00faltimos tres a\u00f1os, la diputada Hayde\u00e9 Ocampo Olvera propuso al Pleno del Congreso del Estado la creaci\u00f3n de una Comisi\u00f3n Especial para dar seguimiento a las acciones de los ayuntamientos y el gobierno del estado en la prevenci\u00f3n [&hellip;]<\/p>\n","protected":false},"author":3,"featured_media":3222,"comment_status":"open","ping_status":"open","sticky":false,"template":"","format":"standard","meta":{"_monsterinsights_skip_tracking":false,"footnotes":""},"categories":[690,50],"tags":[],"class_list":["post-3221","post","type-post","status-publish","format-standard","has-post-thumbnail","category-690","category-congreso"],"_links":{"self":[{"href":"https:\/\/redsemlac.com\/semmexico\/wp-json\/wp\/v2\/posts\/3221","targetHints":{"allow":["GET"]}}],"collection":[{"href":"https:\/\/redsemlac.com\/semmexico\/wp-json\/wp\/v2\/posts"}],"about":[{"href":"https:\/\/redsemlac.com\/semmexico\/wp-json\/wp\/v2\/types\/post"}],"author":[{"embeddable":true,"href":"https:\/\/redsemlac.com\/semmexico\/wp-json\/wp\/v2\/users\/3"}],"replies":[{"embeddable":true,"href":"https:\/\/redsemlac.com\/semmexico\/wp-json\/wp\/v2\/comments?post=3221"}],"version-history":[{"count":0,"href":"https:\/\/redsemlac.com\/semmexico\/wp-json\/wp\/v2\/posts\/3221\/revisions"}],"wp:featuredmedia":[{"embeddable":true,"href":"https:\/\/redsemlac.com\/semmexico\/wp-json\/wp\/v2\/media\/3222"}],"wp:attachment":[{"href":"https:\/\/redsemlac.com\/semmexico\/wp-json\/wp\/v2\/media?parent=3221"}],"wp:term":[{"taxonomy":"category","embeddable":true,"href":"https:\/\/redsemlac.com\/semmexico\/wp-json\/wp\/v2\/categories?post=3221"},{"taxonomy":"post_tag","embeddable":true,"href":"https:\/\/redsemlac.com\/semmexico\/wp-json\/wp\/v2\/tags?post=3221"}],"curies":[{"name":"wp","href":"https:\/\/api.w.org\/{rel}","templated":true}]}}