{"id":32207,"date":"2021-02-24T16:38:41","date_gmt":"2021-02-24T16:38:41","guid":{"rendered":"https:\/\/redsemlac.com\/semmexico\/?p=32207"},"modified":"2023-07-21T16:50:51","modified_gmt":"2023-07-21T21:50:51","slug":"aprueban-ley-ingrid-en-oaxaca-con-7-anos-de-prision-a-servidores-que-difundan-imagenes-infamantes-de-mujeres-ninos-ninas-o-adolescentes","status":"publish","type":"post","link":"https:\/\/redsemlac.com\/semmexico\/aprueban-ley-ingrid-en-oaxaca-con-7-anos-de-prision-a-servidores-que-difundan-imagenes-infamantes-de-mujeres-ninos-ninas-o-adolescentes\/","title":{"rendered":"Aprueban Ley Ingrid en Oaxaca: con 7 a\u00f1os de prisi\u00f3n a servidores que difundan im\u00e1genes infamantes de mujeres, ni\u00f1os, ni\u00f1as o adolescentes"},"content":{"rendered":"\n<ul class=\"wp-block-list\"><li><strong>Impulsada por 4 diputadas y un congresista, proh\u00edbe adem\u00e1s divulgar representaciones violentas e \u00edntimas de cualquier tipo<\/strong><\/li><\/ul>\n\n\n\n<p class=\"wp-block-paragraph\"><strong>Patricia Brise\u00f1o<\/strong><\/p>\n\n\n\n<p class=\"wp-block-paragraph\">SemM\u00e9xico. OAXACA. Oax. 24 de febrero 2021.- El Congreso de Oaxaca aprob\u00f3 modificaciones al C\u00f3digo Penal de Estado que sanciona hasta con siete a\u00f1os de prisi\u00f3n, a servidora o servidor p\u00fablico que difunda im\u00e1genes explicitas de un crimen.<\/p>\n\n\n\n<p class=\"wp-block-paragraph\">La iniciativa avalada, conocida como Ley Ingrid, es en referencia a la filtraci\u00f3n de las fotograf\u00edas del cuerpo de Ingrid Escamilla, asesinada el nueve&nbsp; de febrero del a\u00f1o pasado,&nbsp; presuntamente por su pareja; al parecer agentes de la Fiscal\u00eda General de Justicia de la Ciudad de M\u00e9xico fueron los responsables de divulgar las im\u00e1genes.<\/p>\n\n\n\n<p class=\"wp-block-paragraph\">La modificaci\u00f3n&nbsp; consiste en la adici\u00f3n de la Fracci\u00f3n VII al Art\u00edculo 207 de la legislaci\u00f3n en menci\u00f3n, con la que se establecen de dos a siete a\u00f1os de prisi\u00f3n, y de treinta a cincuenta d\u00edas de multa a la persona que cometa la falta se\u00f1alada.<\/p>\n\n\n\n<p class=\"wp-block-paragraph\">El nuevo texto precisa que, \u201ccomete el delito de ejercicio il\u00edcito de servicio p\u00fablico qui\u00e9n difunda, entregue, revele, publique, transmita, exponga, remita, distribuya, videograbe, audiograbe, fotograf\u00ede, filme, reproduzca, comercialice, oferte, intercambie o comparta, im\u00e1genes, documentos o audios o videos del lugar de los hechos del hallazgo, indicios, evidencias, objetos, de cad\u00e1veres o parte de ellos\u201d.<\/p>\n\n\n\n<p class=\"wp-block-paragraph\">Tambi\u00e9n, a quien difunda im\u00e1genes sobre las circunstancias de su muerte, de las lesiones o estado de salud de personas, mujeres, ni\u00f1as, ni\u00f1os, adolescentes, integrantes de la comunidad LGBTTIQ, o de instrumentos relacionados con un hecho que la ley se\u00f1ale como delito.<\/p>\n\n\n\n<p class=\"wp-block-paragraph\">La reforma fue impulsada por las diputadas Magaly L\u00f3pez Dom\u00ednguez, Hilda Graciela P\u00e9rez Luis, Arcelia L\u00f3pez Hern\u00e1ndez, Laura Estrada Mauro y el congresista C\u00e9sar Enrique Morales Ni\u00f1o, y aprobada por el Pleno Legislativo.<\/p>\n","protected":false},"excerpt":{"rendered":"<p>Impulsada por 4 diputadas y un congresista, proh\u00edbe adem\u00e1s divulgar representaciones violentas e \u00edntimas de cualquier tipo<\/p>\n","protected":false},"author":3,"featured_media":32208,"comment_status":"open","ping_status":"open","sticky":false,"template":"","format":"standard","meta":{"_monsterinsights_skip_tracking":false,"footnotes":""},"categories":[692,50],"tags":[],"class_list":["post-32207","post","type-post","status-publish","format-standard","has-post-thumbnail","category-692","category-congreso"],"_links":{"self":[{"href":"https:\/\/redsemlac.com\/semmexico\/wp-json\/wp\/v2\/posts\/32207","targetHints":{"allow":["GET"]}}],"collection":[{"href":"https:\/\/redsemlac.com\/semmexico\/wp-json\/wp\/v2\/posts"}],"about":[{"href":"https:\/\/redsemlac.com\/semmexico\/wp-json\/wp\/v2\/types\/post"}],"author":[{"embeddable":true,"href":"https:\/\/redsemlac.com\/semmexico\/wp-json\/wp\/v2\/users\/3"}],"replies":[{"embeddable":true,"href":"https:\/\/redsemlac.com\/semmexico\/wp-json\/wp\/v2\/comments?post=32207"}],"version-history":[{"count":0,"href":"https:\/\/redsemlac.com\/semmexico\/wp-json\/wp\/v2\/posts\/32207\/revisions"}],"wp:featuredmedia":[{"embeddable":true,"href":"https:\/\/redsemlac.com\/semmexico\/wp-json\/wp\/v2\/media\/32208"}],"wp:attachment":[{"href":"https:\/\/redsemlac.com\/semmexico\/wp-json\/wp\/v2\/media?parent=32207"}],"wp:term":[{"taxonomy":"category","embeddable":true,"href":"https:\/\/redsemlac.com\/semmexico\/wp-json\/wp\/v2\/categories?post=32207"},{"taxonomy":"post_tag","embeddable":true,"href":"https:\/\/redsemlac.com\/semmexico\/wp-json\/wp\/v2\/tags?post=32207"}],"curies":[{"name":"wp","href":"https:\/\/api.w.org\/{rel}","templated":true}]}}