{"id":32201,"date":"2021-02-23T22:55:34","date_gmt":"2021-02-23T22:55:34","guid":{"rendered":"https:\/\/redsemlac.com\/semmexico\/?p=32201"},"modified":"2023-07-21T16:50:51","modified_gmt":"2023-07-21T21:50:51","slug":"implementan-ventanilla-unica-para-recibir-denuncias-del-sector-empresarial-en-q-r","status":"publish","type":"post","link":"https:\/\/redsemlac.com\/semmexico\/implementan-ventanilla-unica-para-recibir-denuncias-del-sector-empresarial-en-q-r\/","title":{"rendered":"Implementan Ventanilla \u00danica para recibir denuncias del sector empresarial en Q.R."},"content":{"rendered":"\n<ul class=\"wp-block-list\"><li><strong>Importante que las mujeres y hombres puedan tener un canal directo con las autoridades para reportar il\u00edcitos<\/strong><\/li><li><strong>Que las v\u00edctimas puedan identificar los delitos y reciban atenci\u00f3n oportuna<\/strong><\/li><\/ul>\n\n\n\n<p class=\"wp-block-paragraph\"><strong>\u00c1ngeles G\u00f3mez<\/strong><\/p>\n\n\n\n<p class=\"wp-block-paragraph\">SemM\u00e9xico, Benito Ju\u00e1rez, Q.R. 23 de febrero, 2021.- En conferencia de prensa, el Fiscal General del Estado, \u00d3scar Montes de Oca y Sergio Le\u00f3n, presidente de la Confederaci\u00f3n Patronal de la Rep\u00fablica Mexicana de Quintana Roo dieron a conocer la puesta en marcha de la Ventanilla \u00danica para recibir denuncias de empresarios y colaboradores del sector en los municipios de Benito Ju\u00e1rez, Isla Mujeres y Puerto Morelos.<\/p>\n\n\n\n<p class=\"wp-block-paragraph\">De acuerdo con un comunicado, el Fiscal General del Estado dijo que a efecto de promover la cultura de la denuncia se implement\u00f3 esta modalidad de Ventanilla \u00danica en colaboraci\u00f3n con el sector empresarial para acercar a los hombres y mujeres de ese sector laboral los servicios de la FGE y con ello facilitar la presentaci\u00f3n de denuncias o reportes por la posible comisi\u00f3n de un hecho delictivo para poder actuar de inmediato y evitar la impunidad.<\/p>\n\n\n\n<p class=\"wp-block-paragraph\">El titular de la representaci\u00f3n social manifest\u00f3 que es importante acercar a las mujeres del sector empresarial y laboral los servicios de la instituci\u00f3n con el fin de hacerles llegar informaci\u00f3n acerca de los tipos de violencia que contempla la ley y que pueden identificar si son v\u00edctimas de este delito para que lo denuncien ya que la violencia de g\u00e9nero se puede presentar en los \u00e1mbitos: laboral, acad\u00e9mico, institucional.<\/p>\n\n\n\n<p class=\"wp-block-paragraph\">Por su parte, Sergio Le\u00f3n Cervantes, presidente de COPARMEX Quintana Roo, reconoci\u00f3 el trabajo del Fiscal General por mantener el di\u00e1logo continuo con los empresarios del Estado y agradeci\u00f3 las facilidades que este organismo aut\u00f3nomo otorga al gremio empresarial.<\/p>\n\n\n\n<p class=\"wp-block-paragraph\">Enfatiz\u00f3 tambi\u00e9n que Coparmex implementa nuevas formas de trabajo para sus asociados de dichos municipios con el fin de que puedan recibir atenci\u00f3n oportuna por parte de la Fiscal\u00eda a fin de investigar cualquier tipo de delitos.<\/p>\n\n\n\n<p class=\"wp-block-paragraph\">Dijo que la recepci\u00f3n de denuncias se har\u00e1 mediante una cita, la cual puede ser solicitada v\u00eda WhatsApp al n\u00famero 5511164380 o mediante el correo electr\u00f3nico ola@coparmexquintanaroo.org.mx , para acudir al Centro Empresarial de Coparmex ubicado en avenida Tulum y realizar la denuncia correspondiente.<\/p>\n\n\n\n<p class=\"wp-block-paragraph\">SEM\/ag\/sj<\/p>\n","protected":false},"excerpt":{"rendered":"<p>Que las v\u00edctimas puedan identificar los delitos y reciban atenci\u00f3n oportuna<\/p>\n","protected":false},"author":3,"featured_media":32202,"comment_status":"open","ping_status":"open","sticky":false,"template":"","format":"standard","meta":{"_monsterinsights_skip_tracking":false,"footnotes":""},"categories":[692,51],"tags":[],"class_list":["post-32201","post","type-post","status-publish","format-standard","has-post-thumbnail","category-692","category-ejecutivo"],"_links":{"self":[{"href":"https:\/\/redsemlac.com\/semmexico\/wp-json\/wp\/v2\/posts\/32201","targetHints":{"allow":["GET"]}}],"collection":[{"href":"https:\/\/redsemlac.com\/semmexico\/wp-json\/wp\/v2\/posts"}],"about":[{"href":"https:\/\/redsemlac.com\/semmexico\/wp-json\/wp\/v2\/types\/post"}],"author":[{"embeddable":true,"href":"https:\/\/redsemlac.com\/semmexico\/wp-json\/wp\/v2\/users\/3"}],"replies":[{"embeddable":true,"href":"https:\/\/redsemlac.com\/semmexico\/wp-json\/wp\/v2\/comments?post=32201"}],"version-history":[{"count":0,"href":"https:\/\/redsemlac.com\/semmexico\/wp-json\/wp\/v2\/posts\/32201\/revisions"}],"wp:featuredmedia":[{"embeddable":true,"href":"https:\/\/redsemlac.com\/semmexico\/wp-json\/wp\/v2\/media\/32202"}],"wp:attachment":[{"href":"https:\/\/redsemlac.com\/semmexico\/wp-json\/wp\/v2\/media?parent=32201"}],"wp:term":[{"taxonomy":"category","embeddable":true,"href":"https:\/\/redsemlac.com\/semmexico\/wp-json\/wp\/v2\/categories?post=32201"},{"taxonomy":"post_tag","embeddable":true,"href":"https:\/\/redsemlac.com\/semmexico\/wp-json\/wp\/v2\/tags?post=32201"}],"curies":[{"name":"wp","href":"https:\/\/api.w.org\/{rel}","templated":true}]}}