{"id":32198,"date":"2021-02-23T22:50:49","date_gmt":"2021-02-23T22:50:49","guid":{"rendered":"https:\/\/redsemlac.com\/semmexico\/?p=32198"},"modified":"2023-07-21T16:50:51","modified_gmt":"2023-07-21T21:50:51","slug":"tenemos-que-dar-una-vuelta-de-tuerca-al-contexto-que-envuelve-la-violencia-sexual","status":"publish","type":"post","link":"https:\/\/redsemlac.com\/semmexico\/tenemos-que-dar-una-vuelta-de-tuerca-al-contexto-que-envuelve-la-violencia-sexual\/","title":{"rendered":"Tenemos que dar una vuelta de tuerca al contexto que envuelve la violencia sexual"},"content":{"rendered":"\n<ul class=\"wp-block-list\"><li><strong>Las v\u00edctimas de violaci\u00f3n tardan en reconstruirse, en recuperar su autoestima<\/strong><\/li><li><strong>El s\u00edndrome de indefensi\u00f3n aprendida naturaliza socialmente los abusos<\/strong><\/li><\/ul>\n\n\n\n<p class=\"wp-block-paragraph\"><strong>Soledad Jarqu\u00edn Edgar<\/strong><\/p>\n\n\n\n<p class=\"wp-block-paragraph\">SemM\u00e9xico, Cd. de M\u00e9xico, 23 de febrero, 2021.- \u00bfPor qu\u00e9 tardan tanto en denunciar las v\u00edctimas de violencia sexual? Pregunta con un dejo de incredulidad un entrevistador en su programa. La respuesta, para las especialistas, est\u00e1 directamente relacionada con el s\u00edndrome de indefensi\u00f3n aprendida, con la respuesta estigmatizante de la sociedad, con el impacto de un trauma brutal no s\u00f3lo sexual, f\u00edsico sino tambi\u00e9n psico-ecomocional del que es dif\u00edcil reconstruirse y como sociedad la tarea es poner a las v\u00edctimas en el centro de todo.<\/p>\n\n\n\n<p class=\"wp-block-paragraph\">La violaci\u00f3n sexual es un hecho invasivo, traum\u00e1tico y complejo en la vida de las mujeres, que muchas personas no entienden, dice la psicoterapeuta con experiencia en atenci\u00f3n a v\u00edctimas de violencia de g\u00e9nero, Beatriz Ram\u00edrez Caballero. A su vez Ita Bico Cruz L\u00f3pez, de la Defensor\u00eda de Derechos Humanos del Pueblo de Oaxaca, explica que restaurar la dignidad de las mujeres pasa por dar una vuelta de tuerca a la estigmatizaci\u00f3n que sobre la violencia sexual sigue existiendo en la sociedad patriarcal.<\/p>\n\n\n\n<p class=\"wp-block-paragraph\">Beatriz Ram\u00edrez Caballero se\u00f1ala que las v\u00edctimas desarrollan el s\u00edndrome de indefensi\u00f3n aprendida, es decir, \u201chagan lo que hagan no pasa nada\u201d, porque el agresor tiene el control y el poder, y va a ejercer el poder en contra de la v\u00edctima, se naturaliza el abuso.<\/p>\n\n\n\n<p class=\"wp-block-paragraph\">Por ejemplo, cita el caso de las mujeres que viven violencia sexual por parte de sus parejas. Ellas se esforzar\u00e1n por evitar la violencia (cocinar\u00e1n mejor, limpiar\u00e1n bien la casa, evitar\u00e1n engordar\u2026), pero evitar la violencia no depende de lo que ellas hagan, digan o sientan, la violencia es responsabilidad del agresor.<\/p>\n\n\n\n<p class=\"wp-block-paragraph\">El s\u00edndrome nos muestra que aprenden a no defenderse, creen que no tiene sentido, idea que se acrecienta cuando el victimario es una persona con alg\u00fan tipo de poder, m\u00e1s all\u00e1 del hecho de ser hombre.<\/p>\n\n\n\n<p class=\"wp-block-paragraph\">Por otro lado, las v\u00edctimas de violencia sexual y\/o violaci\u00f3n sexual se enfrentan al estr\u00e9s postraum\u00e1tico por la violencia f\u00edsica y sexual, pero tambi\u00e9n enfrentan una serie de frases \u2013insultos y amenazas- adem\u00e1s de actitudes que demeritan su autoestima, es violencia que merma sus capacidades.<\/p>\n\n\n\n<p class=\"wp-block-paragraph\">Esta violencia, explica Ram\u00edrez Caballero, hace \u201cun trabajo de gota sobre la piedra\u201d generando incertidumbre respecto al futuro de las v\u00edctimas, estr\u00e9s, cansancio, falta o exceso de apetito, depresi\u00f3n, lo mismo que el sue\u00f1o que puede ser excesivo o falta de \u00e9ste\u2026 frente todo ello, las mujeres consideran que no vale la pena hacer nada, que van a fracasar en sus denuncias y, si a eso se le agrega que muchas veces las autoridades ponen en duda su credibilidad, pasas de v\u00edctima a delincuente.<\/p>\n\n\n\n<p class=\"wp-block-paragraph\">Explic\u00f3 que esas son las razones por las que muchas mujeres callan, en otras ocasiones hablan 20 a\u00f1os despu\u00e9s. Algunas reaccionan cuando sus victimarios, esposos o familiares cercanos, atentan contra sus hijas lo que puede suceder muchos a\u00f1os despu\u00e9s.<\/p>\n\n\n\n<h2 class=\"wp-block-heading\"><strong>Una vuelta de tuerca<\/strong><\/h2>\n\n\n\n<p class=\"wp-block-paragraph\">A su vez, Ita Bico Cruz L\u00f3pez, defensora especializada en Equidad de G\u00e9nero y Atenci\u00f3n a Mujeres V\u00edctimas de Violencia de la Defensor\u00eda de los Derechos Humanos del Pueblo de Oaxaca (DDHPO), se\u00f1ala que las mujeres se enfrentan a un hecho traum\u00e1tico que invade su esfera psicosexual de forma violenta, por lo que las v\u00edctimas tardan en reconfigurar su espacio.<\/p>\n\n\n\n<p class=\"wp-block-paragraph\">Las te\u00f3ricas feministas, cita, han nombrado esta violencia como pedagog\u00eda de la violencia que nos ense\u00f1a al resto de las mujeres que hechos como ese nos pueden pasar y \u201chay una carga sobre la vulneraci\u00f3n del cuerpo de las mujeres\u201d y cuando el agresor es un hombre p\u00fablico con poder las mujeres enfrentan un temor exacerbado.<\/p>\n\n\n\n<p class=\"wp-block-paragraph\">Sin embargo, plantea Cruz L\u00f3pez es tiempo de dar una vuelta de tuerca al contexto social que envuelve la violencia sexual para poner en el centro a las v\u00edctimas, no solo para resarcir derechos sino ponerla en el centro como persona, en su dignidad.<\/p>\n\n\n\n<p class=\"wp-block-paragraph\">Las v\u00edctimas son vulnerables, muchas veces han sido amenazadas, el victimario conoce a su familia, el temor para ellas es extremo, aunado a ello, hay culpa porque tambi\u00e9n se les ha culpabilizado por no detener al agresor, por vestirse de una determinada forma, por andar en lugares determinados a horas \u201cno propias\u201d, por eso no salen y lo dicen de manera inmediata, por eso no denuncian.<\/p>\n\n\n\n<p class=\"wp-block-paragraph\">Hay en la sociedad una cultura patriarcal que estigmatiza a las mujeres, se les cuestiona su dignidad, su credibilidad, se les humilla y todo eso contribuye y aumenta el temor de la denuncia, donde record\u00f3 ellas inician un largo camino que muchas veces comienza cuando las v\u00edctimas han restituido su espacio, su salud.<\/p>\n\n\n\n<p class=\"wp-block-paragraph\">La agresi\u00f3n sexual es un hecho traum\u00e1tico que impacta la vida de las v\u00edctimas que deben pasar por un proceso restaurador de su salud y de su confianza, \u201csi no creemos en las v\u00edctimas en quienes vamos a creer\u201d, dice la psic\u00f3loga, que sostiene que como sociedad debemos restituirla su dignidad a esas mujeres.<\/p>\n\n\n\n<p class=\"wp-block-paragraph\">Datos:<\/p>\n\n\n\n<p class=\"wp-block-paragraph\">S\u00edndrome de indefensi\u00f3n aprendida un s\u00edntoma ps\u00edquico y emocional que se presenta en quienes, sometidos reiteradamente a situaciones abusivas o agresivas, adquieren la sensaci\u00f3n de que no hay defensa posible y se someten d\u00f3cil y mansamente a la repetici\u00f3n del maltrato.<\/p>\n\n\n\n<p class=\"wp-block-paragraph\">La Corte Interamericana de Derechos Humanos considera que la violaci\u00f3n sexual puede constituir tortura\u2026tiene consecuencias f\u00edsicas, emocionales y psicol\u00f3gicas devastadoras\u2026<\/p>\n","protected":false},"excerpt":{"rendered":"<p>Las v\u00edctimas de violaci\u00f3n tardan en reconstruirse, en recuperar su autoestima<\/p>\n","protected":false},"author":3,"featured_media":32199,"comment_status":"open","ping_status":"open","sticky":false,"template":"","format":"standard","meta":{"_monsterinsights_skip_tracking":false,"footnotes":""},"categories":[692,54],"tags":[],"class_list":["post-32198","post","type-post","status-publish","format-standard","has-post-thumbnail","category-692","category-mujeres"],"_links":{"self":[{"href":"https:\/\/redsemlac.com\/semmexico\/wp-json\/wp\/v2\/posts\/32198","targetHints":{"allow":["GET"]}}],"collection":[{"href":"https:\/\/redsemlac.com\/semmexico\/wp-json\/wp\/v2\/posts"}],"about":[{"href":"https:\/\/redsemlac.com\/semmexico\/wp-json\/wp\/v2\/types\/post"}],"author":[{"embeddable":true,"href":"https:\/\/redsemlac.com\/semmexico\/wp-json\/wp\/v2\/users\/3"}],"replies":[{"embeddable":true,"href":"https:\/\/redsemlac.com\/semmexico\/wp-json\/wp\/v2\/comments?post=32198"}],"version-history":[{"count":0,"href":"https:\/\/redsemlac.com\/semmexico\/wp-json\/wp\/v2\/posts\/32198\/revisions"}],"wp:featuredmedia":[{"embeddable":true,"href":"https:\/\/redsemlac.com\/semmexico\/wp-json\/wp\/v2\/media\/32199"}],"wp:attachment":[{"href":"https:\/\/redsemlac.com\/semmexico\/wp-json\/wp\/v2\/media?parent=32198"}],"wp:term":[{"taxonomy":"category","embeddable":true,"href":"https:\/\/redsemlac.com\/semmexico\/wp-json\/wp\/v2\/categories?post=32198"},{"taxonomy":"post_tag","embeddable":true,"href":"https:\/\/redsemlac.com\/semmexico\/wp-json\/wp\/v2\/tags?post=32198"}],"curies":[{"name":"wp","href":"https:\/\/api.w.org\/{rel}","templated":true}]}}