{"id":32191,"date":"2021-02-23T22:37:47","date_gmt":"2021-02-23T22:37:47","guid":{"rendered":"https:\/\/redsemlac.com\/semmexico\/?p=32191"},"modified":"2023-07-21T16:50:52","modified_gmt":"2023-07-21T21:50:52","slug":"la-ministra-japonesa-seiko-hashimoto-nueva-presidenta-de-los-juegos-olimpicos-de-tokio-2020","status":"publish","type":"post","link":"https:\/\/redsemlac.com\/semmexico\/la-ministra-japonesa-seiko-hashimoto-nueva-presidenta-de-los-juegos-olimpicos-de-tokio-2020\/","title":{"rendered":"La ministra japonesa Seiko Hashimoto, nueva presidenta de los Juegos Ol\u00edmpicos de Tokio 2020"},"content":{"rendered":"\n<ul class=\"wp-block-list\"><li><strong>Despu\u00e9s de la pol\u00e9mica por las declaraciones sexistas del anterior presidente, Yoshiro Mori, una mujer pasa a ocupar el m\u00e1ximo cargo en el Comit\u00e9 Ol\u00edmpico.<\/strong><\/li><li><strong> Seiko Hashimoto, exatleta y veterana de los Juegos, se enfrenta al cargo en medio de las adversidades por la pandemia de Covid-19, que podr\u00edan llevar a un nuevo aplazamiento<\/strong><\/li><\/ul>\n\n\n\n<p class=\"wp-block-paragraph\"><strong>Por\u00a0Marina Sardi\u00f1a<\/strong><\/p>\n\n\n\n<p class=\"wp-block-paragraph\">SemM\u00e9xico\/AmecoPress\/AFP. Madrid, Espa\u00f1a.  23 de febrero 2021.-\u00a0La ministra japonesa, de 56 a\u00f1os, Seiko Hashimoto fue nombrada, el pasado jueves, nueva presidenta del Comit\u00e9 Organizador de los Juegos Ol\u00edmpicos de Tokio 2020, asumiendo el cargo tras la renuncia del anterior responsable, Yoshiro Mori, debido a la pol\u00e9mica por sus comentarios sexistas. Este es un puesto inusual para una mujer en Jap\u00f3n, un pa\u00eds conservador donde el patriarcado manda en la sociedad.<\/p>\n\n\n\n<p class=\"wp-block-paragraph\">\u00abMi nombre es Seiko Hashimoto y he sido elegida como la nueva presidenta del Comit\u00e9 Organizador de Tokio 2020.&nbsp;<a href=\"https:\/\/www.olympic.org\/news\/ioc-statement-on-the-appointment-of-hashimoto-seiko-as-tokyo-2020-president\"><strong>Asumo la gran responsabilidad de ser la nueva presidenta del Comit\u00e9<\/strong><\/a>. Estoy muy motivada\u00bb, fueron las palabras de Hashimoto luego de la investidura para sustituir a Mori, despu\u00e9s de unas embarazosas declaraciones machistas -sobre el papel de las mujeres en las reuniones- que provocaron protestas en Jap\u00f3n y en el extranjero.<\/p>\n\n\n\n<h3 class=\"wp-block-heading\">Nombrada tras la pol\u00e9mica sexista de su predecesor<\/h3>\n\n\n\n<p class=\"wp-block-paragraph\">Era una de las \u00fanicas dos mujeres que formaban el Ejecutivo nip\u00f3n. Hashimoto, de 56 a\u00f1os, quien fue ministra de Igualdad de G\u00e9nero y Empoderamiento de la Mujer del gabinete del primer ministro nip\u00f3n, Yoshihide Suga, conoce bien los Juegos Ol\u00edmpicos y ha participado en calidad de deportista en hasta siete ocasiones como atleta en la categor\u00eda de patinaje de velocidad y ciclista de velocidad. \u00abEntiendo que mi nombramiento es un factor relacionado con la agenda de igualdad\u00bb, dijo, pero espera poder componer un comit\u00e9 con una \u201cvisi\u00f3n reformista\u201d.<\/p>\n\n\n\n<p class=\"wp-block-paragraph\">Durante su carrera se enfrent\u00f3 a las cr\u00edticas por un supuesto esc\u00e1ndalo de acoso sexual despu\u00e9s de que, en 2014, se publicaran fotograf\u00edas en las que aparec\u00eda abrazando y besando a un patinador 20 a\u00f1os menor que ella. El hombre dijo que no hab\u00eda sido acosado por Hashimoto y se disculp\u00f3 por el \u201cmalentendido\u201d. \u00abTanto entonces como ahora, lamento profundamente mi comportamiento\u00bb, dijo Hashimoto en una conferencia de prensa despu\u00e9s de ser nombrada formalmente para el cargo.<\/p>\n\n\n\n<p class=\"wp-block-paragraph\"><a href=\"https:\/\/www.france24.com\/es\/deportes\/20210212-renuncia-jefe-de-comit%C3%A9-organizador-tokio-2020-por-comentarios-sexistas\"><strong>El primer ministro de Jap\u00f3n, Suga<\/strong><\/a>, expres\u00f3 sus felicitaciones a Hashimoto: \u00abcomo dije antes, particip\u00f3 en los Juegos Ol\u00edmpicos siete veces, por lo que tiene una gran pasi\u00f3n por los Juegos de Tokio. Ella est\u00e1 decidida a dedicarlo todo y hacer esfuerzos para que los Juegos sean exitosos\u00bb.<\/p>\n\n\n\n<h3 class=\"wp-block-heading\">El principal desaf\u00edo de los Juegos es la pandemia de Covid-19<\/h3>\n\n\n\n<p class=\"wp-block-paragraph\">La semana pasada se conform\u00f3 la junta ejecutiva de Tokio 2020, los juegos que fueron aplazados durante un a\u00f1o debido a la pandemia. Este jueves 18 de febrero, se tom\u00f3 la decisi\u00f3n de que fuera Hashimoto quien asumiera el cargo. La salida de Mori fue \u201cenormemente perjudicial desde el punto de vista de la preparaci\u00f3n\u201d, dijo el vicepresidente del evento, Toshiaki Endo, afirmando que deb\u00edan tomar una decisi\u00f3n r\u00e1pida.<\/p>\n\n\n\n<p class=\"wp-block-paragraph\">Pero Hashimoto tiene varios desaf\u00edos en su nuevo cargo a cinco meses de la celebraci\u00f3n. El pol\u00e9mico futuro de los juegos est\u00e1 marcado por la pandemia de Covid-19. M\u00e1s del 80&nbsp;% de los japoneses se oponen al acto o quieren cambiar la fecha, programada para el 23 de julio, por miedo a una propagaci\u00f3n masiva del coronavirus. \u00abLos Juegos de Tokio, que est\u00e1n a solo cinco meses de distancia, deben celebrarse de manera segura. Pero, sobre todo, las medidas de prevenci\u00f3n del coronavirus son el desaf\u00edo m\u00e1s grande e importante\u201d, reconoci\u00f3 la l\u00edder.<\/p>\n\n\n\n<h3 class=\"wp-block-heading\">Jap\u00f3n comenz\u00f3 a vacunar a sus ciudadanos<\/h3>\n\n\n\n<p class=\"wp-block-paragraph\">\u201cQuiero hacer un esfuerzo para que los Juegos de Tokio sean un \u00e9xito\u201d, reiter\u00f3 Hashimoto, agregando que no escatimar\u00e1 en esfuerzos para garantizar las medidas de seguridad por la pandemia, su \u201cm\u00e1xima prioridad\u201d, comprometi\u00e9ndose a realizar unos \u201cjuegos Ol\u00edmpicos seguros\u201d para que el p\u00fablico y los atletas puedan disfrutar de las competiciones de forma segura.<\/p>\n\n\n\n<p class=\"wp-block-paragraph\">Los organizadores han tratado de calmar la inquietud sobre las medidas de bioseguridad, publicando las normas y protocolos que se utilizar\u00e1n durante los juegos. El mi\u00e9rcoles, Jap\u00f3n dio inicio a la inoculaci\u00f3n de su poblaci\u00f3n contra el Covid-19, pero el esfuerzo llega tarde y se enfrenta al estigma que tienen los japoneses sobre las vacunas, lo que ser\u00e1 dif\u00edcil lograr la inmunidad de reba\u00f1o antes de la Olimpiada.<\/p>\n\n\n\n<h3 class=\"wp-block-heading\">El mundo femenino del deporte celebra el nombramiento<\/h3>\n\n\n\n<p class=\"wp-block-paragraph\">Por su parte, el mundo del deporte ya se ha pronunciado sobre el nuevo nombramiento. Naomi Osaka, la tres veces ganadora del Grand Slam de Jap\u00f3n, dijo que siente que \u201ces realmente bueno porque est\u00e1s avanzando, las barreras se est\u00e1n rompiendo, especialmente para las mujeres\u00bb.<\/p>\n\n\n\n<p class=\"wp-block-paragraph\">La tenista japonesa dio la bienvenida a la renuncia de Mori, el pasado viernes: \u00abcreo que para m\u00ed, lo que significa es que hay muchas cosas que creo que la gente sol\u00eda aceptar las cosas que sol\u00edan decirse, pero est\u00e1s viendo que la nueva generaci\u00f3n no tolera muchas cosas\u00bb, dijo en una conferencia en Australia.<\/p>\n\n\n\n<h3 class=\"wp-block-heading\">Jap\u00f3n y la brecha de g\u00e9nero<\/h3>\n\n\n\n<p class=\"wp-block-paragraph\">Jap\u00f3n ocupa el puesto 121 entre 153 pa\u00edses en el \u00cdndice Global de Brecha de G\u00e9nero 2020 del Foro Econ\u00f3mico Mundial, la peor clasificaci\u00f3n entre los pa\u00edses avanzados, con una puntuaci\u00f3n baja en la participaci\u00f3n econ\u00f3mica y el empoderamiento pol\u00edtico de las mujeres. Las activistas y muchas mujeres comunes dicen que se necesitan&nbsp;<a href=\"https:\/\/www.france24.com\/es\/asia-pac%C3%ADfico\/20210211-presidente-comite-juegos-ol%C3%ADmpicos-yoshiro-mori-comentaros-sexistas-renuncia\"><strong>cambios dr\u00e1sticos en el lugar de trabajo y en la pol\u00edtica<\/strong><\/a>.<\/p>\n\n\n\n<p class=\"wp-block-paragraph\">\u00abEn Jap\u00f3n, cuando hay un tema relacionado con la igualdad de g\u00e9nero, no se escuchan muchas voces, e incluso si hay algunas voces para mejorar la situaci\u00f3n, se quedan sin fuerza y nada cambia\u00bb, dijo Momoko Nojo, una de las principales activistas que tras los comentarios sexistas del expresidente de los juegos, llev\u00f3 a cabo una campa\u00f1a en l\u00ednea para sacarlo de su cargo y concienciar a los japoneses sobre el machismo estructural en todos los \u00e1mbitos de la sociedad.<\/p>\n\n\n\n<p class=\"wp-block-paragraph\">\u201cMe hizo darme cuenta de que esta es una buena oportunidad para impulsar la igualdad de g\u00e9nero en Jap\u00f3n\u201d, dijo Nojo, quien pide que las mujeres tengan un papel \u201cno solo presencial\u201d en las decisiones del pa\u00eds.<\/p>\n","protected":false},"excerpt":{"rendered":"<p>Despu\u00e9s de la pol\u00e9mica por las declaraciones sexistas del anterior presidente, Yoshiro Mori, una mujer pasa a ocupar el m\u00e1ximo cargo en el Comit\u00e9 Ol\u00edmpico.<\/p>\n","protected":false},"author":3,"featured_media":32192,"comment_status":"open","ping_status":"open","sticky":false,"template":"","format":"standard","meta":{"_monsterinsights_skip_tracking":false,"footnotes":""},"categories":[692,53],"tags":[],"class_list":["post-32191","post","type-post","status-publish","format-standard","has-post-thumbnail","category-692","category-internacional"],"_links":{"self":[{"href":"https:\/\/redsemlac.com\/semmexico\/wp-json\/wp\/v2\/posts\/32191","targetHints":{"allow":["GET"]}}],"collection":[{"href":"https:\/\/redsemlac.com\/semmexico\/wp-json\/wp\/v2\/posts"}],"about":[{"href":"https:\/\/redsemlac.com\/semmexico\/wp-json\/wp\/v2\/types\/post"}],"author":[{"embeddable":true,"href":"https:\/\/redsemlac.com\/semmexico\/wp-json\/wp\/v2\/users\/3"}],"replies":[{"embeddable":true,"href":"https:\/\/redsemlac.com\/semmexico\/wp-json\/wp\/v2\/comments?post=32191"}],"version-history":[{"count":0,"href":"https:\/\/redsemlac.com\/semmexico\/wp-json\/wp\/v2\/posts\/32191\/revisions"}],"wp:featuredmedia":[{"embeddable":true,"href":"https:\/\/redsemlac.com\/semmexico\/wp-json\/wp\/v2\/media\/32192"}],"wp:attachment":[{"href":"https:\/\/redsemlac.com\/semmexico\/wp-json\/wp\/v2\/media?parent=32191"}],"wp:term":[{"taxonomy":"category","embeddable":true,"href":"https:\/\/redsemlac.com\/semmexico\/wp-json\/wp\/v2\/categories?post=32191"},{"taxonomy":"post_tag","embeddable":true,"href":"https:\/\/redsemlac.com\/semmexico\/wp-json\/wp\/v2\/tags?post=32191"}],"curies":[{"name":"wp","href":"https:\/\/api.w.org\/{rel}","templated":true}]}}