{"id":32188,"date":"2021-02-23T22:32:58","date_gmt":"2021-02-23T22:32:58","guid":{"rendered":"https:\/\/redsemlac.com\/semmexico\/?p=32188"},"modified":"2023-07-21T16:50:52","modified_gmt":"2023-07-21T21:50:52","slug":"por-ser-mujeres-lema-institucional-para-el-8-de-marzo","status":"publish","type":"post","link":"https:\/\/redsemlac.com\/semmexico\/por-ser-mujeres-lema-institucional-para-el-8-de-marzo\/","title":{"rendered":"\u2018Por ser mujeres\u2019, lema institucional para el 8 de marzo"},"content":{"rendered":"\n<ul class=\"wp-block-list\"><li><strong>Igualdad trata de poner atenci\u00f3n en la desigualdad estructural que sufren todas las mujeres por el hecho de ser mujeres, para convertirlo en un factor de cohesi\u00f3n<\/strong><\/li><\/ul>\n\n\n\n<p class=\"wp-block-paragraph\"><strong>Por\u00a0Gloria L\u00f3pez<\/strong><\/p>\n\n\n\n<p class=\"wp-block-paragraph\">SemM\u00e9xico\/AmecoPress. Madrid, Espa\u00f1a. 23 febrero 2021.- La secretaria de Estado de Igualdad y contra la Violencia de G\u00e9nero, Noelia Vera, y la directora del Instituto de las Mujeres, Beatriz Gimeno, han presentado hoy en rueda de prensa el mensaje y el calendario de actividades con los que el Ministerio de Igualdad conmemorar\u00e1 el pr\u00f3ximo 8 de marzo. \u2018Por ser mujeres\u2019 ser\u00e1 lema institucional con el que se trata de poner atenci\u00f3n en la desigualdad estructural que sufren todas las mujeres por el hecho de ser mujeres, para convertirlo en un factor de cohesi\u00f3n. Ir\u00e1 acompa\u00f1ado de la imagen de la hist\u00f3rica fotograf\u00eda de Kathrine Switzer en la marat\u00f3n de Boston de 1967. Tambi\u00e9n se han organizado un conjunto de seminarios y actos para celebrar esta fecha tan importante para las mujeres, el feminismo y la memoria colectiva.<\/p>\n\n\n\n<figure class=\"wp-block-image\"><a href=\"https:\/\/amecopress.net\/IMG\/jpg\/pre_im.jpg\"><img decoding=\"async\" src=\"https:\/\/amecopress.net\/local\/cache-vignettes\/L750xH369\/pre_im-50a69.jpg\" alt=\"JPEG\"\/><\/a><\/figure>\n\n\n\n<p class=\"wp-block-paragraph\">Una fecha que \u201cuna fuerza pol\u00edtica que niega la existencia de la violencia de g\u00e9nero\u201d, en palabras de Noelia Vera, trata de \u201cningunear\u201d, \u201cutilizando a los muertos y muertas\u201d por la pandemia \u201cen contra del feminismo\u201d. Frente a ello, la secretaria de Estado ha hecho un llamamiento a dar una \u00abrespuesta unitaria muy s\u00f3lida y muy firme\u00bb contra la extrema derecha.<\/p>\n\n\n\n<p class=\"wp-block-paragraph\">Noelia Vera, encargada de transmitir la \u201cesencia pol\u00edtica\u201d del lema y de la imagen elegidas para el pr\u00f3ximo 8 de marzo por el Ministerio de Igualdad ha recordado que Kathrine Switzer se convirti\u00f3 en la primera mujer en participar en una marat\u00f3n, competici\u00f3n destinada \u00fanicamente a hombres y que, a pesar de que intentaron detenerla, \u00absigui\u00f3 desafiante y desobediente ejerciendo su derecho a participar como cualquier otra persona\u00bb. \u201cEl movimiento feminista est\u00e1 peleando por los derechos con el mismo tes\u00f3n que Switzer\u00bb, ha afirmado.<\/p>\n\n\n\n<p class=\"wp-block-paragraph\">Con el lema elegido el departamento que dirige Irene Montero quiere subrayar que es el ministerio de \u00abtodas las mujeres sin distinci\u00f3n\u00bb, acoger toda su diversidad y decir que \u00abhay muchas formas de ser mujeres, pero hay algo que nos une a todas, que es lo que sufrimos por el hecho de ser mujeres\u00bb.<\/p>\n\n\n\n<h3 class=\"wp-block-heading\">Actividades previstas<\/h3>\n\n\n\n<p class=\"wp-block-paragraph\">Por su parte, Beatriz Gimeno, ha explicado que, para organizar el programa de actividades en torno al 8 de marzo, Igualdad ha seguido tres hilos. Por un lado dar tiempo y espacio para identificar qu\u00e9 est\u00e1 bloqueando el avance de la igualdad entre mujeres y hombres, a pesar del empuje del feminismo en las \u00faltimas d\u00e9cadas. En segundo lugar, se pretende visibilizar que la vida de las mujeres es todav\u00eda peor, solo por el hecho de ser mujeres, algo que la pandemia ha agravado. Y el tercer hilo tiene que ver con poner en valor el protagonismo de las mujeres para resistir y para proponer alternativas que coloquen la vida en el centro y como eje articulador de la vida en com\u00fan, porque el feminismo \u201cno solo se opone, tambi\u00e9n construye alternativas\u201d.<\/p>\n\n\n\n<p class=\"wp-block-paragraph\">El propio 8 de marzo se celebrar\u00e1 un acto institucional que dar\u00e1 especial protagonismo al conversatorio con mujeres de distintos perfiles laborales y vitales y a sus experiencias durante la pandemia. Tambi\u00e9n se contar\u00e1 con lecturas dramatizadas de autoras de diferentes \u00e9pocas. En la fachada del ministerio se expondr\u00e1 una composici\u00f3n art\u00edstica con im\u00e1genes de mujeres como Victoria Kent, Federica Montseny, Clara Campoamor o Emilia Pardo Baz\u00e1n \u00abque nos recordar\u00e1n de d\u00f3nde venimos y nos dir\u00e1n que porque fueron, somos\u00bb.<\/p>\n\n\n\n<p class=\"wp-block-paragraph\">Otra de las actividades centrales ser\u00e1 un programa de seminarios y conversatorios, que se desarrollar\u00e1n del 24 de febrero al 24 de marzo, en el que participar\u00e1n figuras como las fil\u00f3sofas Diana Maff\u00eda (<a href=\"https:\/\/twitter.com\/dianamaffia\">@dianamaffia<\/a>) o Silvia Federici, juristas como Carla Vallejo Torres (<a href=\"https:\/\/twitter.com\/Carlisvalle\">@Carlisvalle<\/a>) o Mar\u00eda Eugenia Rodr\u00edguez Palop (<a href=\"https:\/\/twitter.com\/MEugeniaRPalop\">@MEugeniaRPalop<\/a>), periodistas como Olga Rodr\u00edguez (<a href=\"https:\/\/twitter.com\/olgarodriguezfr\">@olgarodriguezfr<\/a>) o Magda Bandera (<a href=\"https:\/\/twitter.com\/magdabandera\">@magdabandera<\/a>), entre otras.<\/p>\n\n\n\n<p class=\"wp-block-paragraph\">Gimeno ha anunciado que el 9 de marzo arranca la 17\u00aa edici\u00f3n del Festival \u2019Ellas Crean\u2019, para dar visibilidad a artistas y creadoras del mundo de la cultura. Tambi\u00e9n el 12 de marzo se van a presentar las jornadas sobre familias monoparentales, el 81 por ciento encabezadas por mujeres. Y el 24 de marzo se presentar\u00e1 el c\u00f3mic \u2018Amelia. Historia de una lucha\u2019, basado en la experiencia de Amelia Tiganus, que \u201cindaga en las causas y la lucha contra la trata y la violencia sexual\u201d.<\/p>\n","protected":false},"excerpt":{"rendered":"<p>Igualdad trata de poner atenci\u00f3n en la desigualdad estructural que sufren todas las mujeres por el hecho de ser mujeres, para convertirlo en un factor de cohesi\u00f3n<\/p>\n","protected":false},"author":3,"featured_media":32189,"comment_status":"open","ping_status":"open","sticky":false,"template":"","format":"standard","meta":{"_monsterinsights_skip_tracking":false,"footnotes":""},"categories":[692,53],"tags":[],"class_list":["post-32188","post","type-post","status-publish","format-standard","has-post-thumbnail","category-692","category-internacional"],"_links":{"self":[{"href":"https:\/\/redsemlac.com\/semmexico\/wp-json\/wp\/v2\/posts\/32188","targetHints":{"allow":["GET"]}}],"collection":[{"href":"https:\/\/redsemlac.com\/semmexico\/wp-json\/wp\/v2\/posts"}],"about":[{"href":"https:\/\/redsemlac.com\/semmexico\/wp-json\/wp\/v2\/types\/post"}],"author":[{"embeddable":true,"href":"https:\/\/redsemlac.com\/semmexico\/wp-json\/wp\/v2\/users\/3"}],"replies":[{"embeddable":true,"href":"https:\/\/redsemlac.com\/semmexico\/wp-json\/wp\/v2\/comments?post=32188"}],"version-history":[{"count":0,"href":"https:\/\/redsemlac.com\/semmexico\/wp-json\/wp\/v2\/posts\/32188\/revisions"}],"wp:featuredmedia":[{"embeddable":true,"href":"https:\/\/redsemlac.com\/semmexico\/wp-json\/wp\/v2\/media\/32189"}],"wp:attachment":[{"href":"https:\/\/redsemlac.com\/semmexico\/wp-json\/wp\/v2\/media?parent=32188"}],"wp:term":[{"taxonomy":"category","embeddable":true,"href":"https:\/\/redsemlac.com\/semmexico\/wp-json\/wp\/v2\/categories?post=32188"},{"taxonomy":"post_tag","embeddable":true,"href":"https:\/\/redsemlac.com\/semmexico\/wp-json\/wp\/v2\/tags?post=32188"}],"curies":[{"name":"wp","href":"https:\/\/api.w.org\/{rel}","templated":true}]}}