{"id":32182,"date":"2021-02-23T21:12:12","date_gmt":"2021-02-23T21:12:12","guid":{"rendered":"https:\/\/redsemlac.com\/semmexico\/?p=32182"},"modified":"2023-07-21T16:50:52","modified_gmt":"2023-07-21T21:50:52","slug":"llama-alicia-barcena-evitar-el-retroceso-en-la-politica-de-genero-y-dotar-de-recursos-a-las-instituciones-estatales-como-inmujeres-en-mexico","status":"publish","type":"post","link":"https:\/\/redsemlac.com\/semmexico\/llama-alicia-barcena-evitar-el-retroceso-en-la-politica-de-genero-y-dotar-de-recursos-a-las-instituciones-estatales-como-inmujeres-en-mexico\/","title":{"rendered":"Llama Alicia B\u00e1rcena evitar el retroceso en la pol\u00edtica de g\u00e9nero y dotar de recursos a las instituciones estatales, como Inmujeres en M\u00e9xico"},"content":{"rendered":"\n<ul class=\"wp-block-list\"><li><strong>Inici\u00f3 la Sexag\u00e9sima Reuni\u00f3n de la Mesa Directiva de la Conferencia Regional sobre la Mujer de Am\u00e9rica Latina y el Caribe: aument\u00f3 la pobreza y&nbsp; la sobrecarga de trabajo no remunerado en las mujeres<\/strong><\/li><\/ul>\n\n\n\n<ul class=\"wp-block-list\"><li><strong>Indispensable iniciativas y estrategias para la recuperaci\u00f3n y reactivaci\u00f3n con la participaci\u00f3n de las mujeres en todos los \u00e1mbitos<\/strong><\/li><\/ul>\n\n\n\n<p class=\"wp-block-paragraph\"><strong>Redacci\u00f3n<\/strong><\/p>\n\n\n\n<p class=\"wp-block-paragraph\">SemM\u00e9xico, Cd. de M\u00e9xico, 23 de febrero, 2021.- La plena participaci\u00f3n de las mujeres en las estrategias de salida de la crisis derivada de la pandemia del COVID-19, con \u00e9nfasis en su inclusi\u00f3n digital y en la construcci\u00f3n de una sociedad del cuidado, es indispensable para una recuperaci\u00f3n igualitaria y sostenible en Am\u00e9rica Latina y el Caribe, coincidieron hoy autoridades y funcionarios internacionales en la inauguraci\u00f3n de la Sexag\u00e9sima Reuni\u00f3n de la Mesa Directiva de la Conferencia Regional sobre la Mujer de Am\u00e9rica Latina y el Caribe que tiene lugar de forma virtual hasta el jueves 25 de febrero.<\/p>\n\n\n\n<p class=\"wp-block-paragraph\">La Secretaria Ejecutiva de CEPAL destaca el impulso de&nbsp; pol\u00edticas y alianzas con la sociedad civil para mantener&nbsp; avances alcanzados en&nbsp; derechos de las mujeres y advierte a los gobiernos que las operadoras deben tener clara la perspectiva de g\u00e9nero.<\/p>\n\n\n\n<p class=\"wp-block-paragraph\">La reuni\u00f3n, que cuenta con la participaci\u00f3n de las Vicepresidentas de Colombia, Costa Rica, Ecuador y Uruguay, adem\u00e1s de Cancilleres, Ministras de la Mujer y autoridades de los mecanismos para el adelanto de las mujeres, entre otros representantes, es organizada por la Comisi\u00f3n Econ\u00f3mica para Am\u00e9rica Latina y el Caribe (CEPAL), que ejerce la Secretar\u00eda de la Conferencia, en coordinaci\u00f3n con la Entidad de las Naciones Unidas para la Igualdad de G\u00e9nero y el Empoderamiento de las Mujeres (ONU Mujeres).<\/p>\n\n\n\n<p class=\"wp-block-paragraph\">En la sesi\u00f3n de apertura intervinieron Alicia B\u00e1rcena, Secretaria Ejecutiva de la CEPAL; Mar\u00eda-Noel Vaeza, Directora Regional para las Am\u00e9ricas y el Caribe de ONU Mujeres; y M\u00f3nica Zalaquett, Ministra de la Mujer y la Equidad de G\u00e9nero de Chile, en su calidad de Presidenta de la Mesa Directiva de la Conferencia Regional sobre la Mujer de Am\u00e9rica Latina y el Caribe. Tambi\u00e9n particip\u00f3 de manera especial el Ministro de Relaciones Exteriores de Chile, Andr\u00e9s Allamand.<\/p>\n\n\n\n<p class=\"wp-block-paragraph\">Alicia B\u00e1rcena record\u00f3 que la pandemia del COVID-19 ha puesto de manifiesto el car\u00e1cter estructural de las desigualdades de g\u00e9nero en Am\u00e9rica Latina y el Caribe y la fuerte exposici\u00f3n de las mujeres a los impactos de la crisis. Solo en el sector de la salud, fuertemente presionado por la pandemia, las mujeres representan el 73,2 por ciento del total de personas ocupadas, con una brecha salarial de 23,7 por ciento respecto a los hombres. \u201cDebemos impulsar acciones, pol\u00edticas y alianzas para proteger los avances alcanzados en materia de derechos de las mujeres, evitar retrocesos y promover una recuperaci\u00f3n transformadora con igualdad de g\u00e9nero\u201d, plante\u00f3.<\/p>\n\n\n\n<h3 class=\"wp-block-heading\"><strong>Los Gobiernos deben actuar en tres rutas simult\u00e1neas<\/strong><\/h3>\n\n\n\n<p class=\"wp-block-paragraph\">\u201cPara ello -agreg\u00f3- resulta urgente avanzar en tres frentes de forma simult\u00e1nea: fortalecer la institucionalidad de g\u00e9nero en la respuesta a la pandemia, consolidar los sistemas de informaci\u00f3n de g\u00e9nero y asegurar recursos suficientes para las pol\u00edticas de igualdad\u201d. Esta estrategia debe considerar a la inclusi\u00f3n digital y a la construcci\u00f3n de una sociedad del cuidado como bases indispensables, dijo.<\/p>\n\n\n\n<p class=\"wp-block-paragraph\">Mar\u00eda-Noel Vaeza, Directora Regional para las Am\u00e9ricas y el Caribe de ONU Mujeres, se\u00f1al\u00f3 que \u201csolo con la participaci\u00f3n efectiva de las mujeres, tanto en la pol\u00edtica como en la econom\u00eda y en lo social, nuestra regi\u00f3n va a salir airosa de esta crisis\u201d, y destac\u00f3 la Consulta Regional intergubernamental previa al sexag\u00e9simo quinto periodo de sesiones de la Comisi\u00f3n de la Condici\u00f3n Jur\u00eddica y Social de la Mujer (CSW65) que se realizar\u00e1 durante la cita. \u201cNuestra regi\u00f3n va a llevar una voz conjunta, moderna, una voz que sale desde Santiago para decir d\u00f3nde deber\u00eda estar la mujer para alcanzar una democracia paritaria\u201d, remarc\u00f3.<\/p>\n\n\n\n<p class=\"wp-block-paragraph\">En la misma l\u00ednea, la Ministra M\u00f3nica Zalaquett sostuvo que \u201ces indispensable que todas las iniciativas y estrategias de respuesta, recuperaci\u00f3n y reactivaci\u00f3n aseguren la participaci\u00f3n de las mujeres en todos los \u00e1mbitos y niveles y que tengan una clara perspectiva de g\u00e9nero\u201d. \u201cHemos visto c\u00f3mo cada d\u00eda m\u00e1s pa\u00edses de la regi\u00f3n toman esta direcci\u00f3n, usando su creatividad, flexibilidad y resiliencia para empujar la Agenda Regional G\u00e9nero, a pesar del actual contexto adverso: esfuerzos fiscales dirigidos a las mujeres, modificaciones legislativas para impulsar sistemas de cuidado integrales, campa\u00f1as de corresponsabilidad, estrategias para disminuir la brecha digital y el uso de herramientas tecnol\u00f3gicas para acercar los servicios de atenci\u00f3n en violencia contra las mujeres son solo algunos de los ejemplos\u201d, dijo.<\/p>\n\n\n\n<h3 class=\"wp-block-heading\"><strong>Urgen al gobierno a cumplir el acuerdo de Santiago 2020<\/strong><\/h3>\n\n\n\n<p class=\"wp-block-paragraph\">\u201cHace poco m\u00e1s de un a\u00f1o se realiz\u00f3 en la sede de la CEPAL en Santiago de Chile la XIV Conferencia Regional sobre la Mujer de Am\u00e9rica Latina y el Caribe. En ese momento no se dimensionaban los desaf\u00edos que tendr\u00edamos que encarar como regi\u00f3n y como pa\u00eds. Pero ya en ese contexto, avanzar en el concepto de \u2018autonom\u00eda de las mujeres en escenarios econ\u00f3micos cambiantes\u2019 y adoptar el Compromiso de Santiago result\u00f3 muy significativo, y quiz\u00e1 pionero, toda vez que sus conclusiones se encuentran m\u00e1s vigentes que nunca. La Conferencia Regional y su Mesa Directiva son plataformas que permiten impulsar la coordinaci\u00f3n, la cooperaci\u00f3n regional y la implementaci\u00f3n de los acuerdos alcanzados con nuevos br\u00edos y vigor\u201d, manifest\u00f3, por su parte, el Ministro de Relaciones Exteriores de Chile, Andr\u00e9s Allamand.<\/p>\n\n\n\n<p class=\"wp-block-paragraph\">Durante su intervenci\u00f3n, Alicia B\u00e1rcena alert\u00f3 sobre el aumento de la pobreza y de la sobrecarga de trabajo no remunerado en las mujeres. La crisis, apunt\u00f3, ha generado un retroceso de m\u00e1s de una d\u00e9cada en los avances logrados en materia de participaci\u00f3n laboral de las mujeres.<\/p>\n\n\n\n<p class=\"wp-block-paragraph\">\u201cUrge avanzar hacia una redistribuci\u00f3n social de los cuidados e impulsar la econom\u00eda del cuidado como un sector dinamizador para la recuperaci\u00f3n con igualdad\u201d, sostuvo la m\u00e1xima autoridad de la CEPAL.<\/p>\n\n\n\n<p class=\"wp-block-paragraph\">\u201cPara enfrentar la crisis con un horizonte de igualdad y sostenibilidad, se requieren pactos sociales, pol\u00edticos y econ\u00f3micos que garanticen el cuidado como un derecho, incluyan una fiscalidad redistributiva, una provisi\u00f3n de bienes y servicios p\u00fablicos de calidad y un aumento de la inversi\u00f3n con diversificaci\u00f3n productiva desde un enfoque de g\u00e9nero e interseccionalidad. Y esto solo es posible a trav\u00e9s de amplios di\u00e1logos y alianzas, con plena participaci\u00f3n de las mujeres, que nos permitan avanzar hacia la efectiva implementaci\u00f3n de la Agenda Regional del G\u00e9nero y de la Agenda 2030 para el Desarrollo Sostenible\u201d, concluy\u00f3.<\/p>\n","protected":false},"excerpt":{"rendered":"<p>Inici\u00f3 la Sexag\u00e9sima Reuni\u00f3n de la Mesa Directiva de la Conferencia Regional sobre la Mujer de Am\u00e9rica Latina y el Caribe: aument\u00f3 la pobreza y  la sobrecarga de trabajo no remunerado en las mujeres<\/p>\n","protected":false},"author":3,"featured_media":32183,"comment_status":"open","ping_status":"open","sticky":false,"template":"","format":"standard","meta":{"_monsterinsights_skip_tracking":false,"footnotes":""},"categories":[692,51],"tags":[],"class_list":["post-32182","post","type-post","status-publish","format-standard","has-post-thumbnail","category-692","category-ejecutivo"],"_links":{"self":[{"href":"https:\/\/redsemlac.com\/semmexico\/wp-json\/wp\/v2\/posts\/32182","targetHints":{"allow":["GET"]}}],"collection":[{"href":"https:\/\/redsemlac.com\/semmexico\/wp-json\/wp\/v2\/posts"}],"about":[{"href":"https:\/\/redsemlac.com\/semmexico\/wp-json\/wp\/v2\/types\/post"}],"author":[{"embeddable":true,"href":"https:\/\/redsemlac.com\/semmexico\/wp-json\/wp\/v2\/users\/3"}],"replies":[{"embeddable":true,"href":"https:\/\/redsemlac.com\/semmexico\/wp-json\/wp\/v2\/comments?post=32182"}],"version-history":[{"count":0,"href":"https:\/\/redsemlac.com\/semmexico\/wp-json\/wp\/v2\/posts\/32182\/revisions"}],"wp:featuredmedia":[{"embeddable":true,"href":"https:\/\/redsemlac.com\/semmexico\/wp-json\/wp\/v2\/media\/32183"}],"wp:attachment":[{"href":"https:\/\/redsemlac.com\/semmexico\/wp-json\/wp\/v2\/media?parent=32182"}],"wp:term":[{"taxonomy":"category","embeddable":true,"href":"https:\/\/redsemlac.com\/semmexico\/wp-json\/wp\/v2\/categories?post=32182"},{"taxonomy":"post_tag","embeddable":true,"href":"https:\/\/redsemlac.com\/semmexico\/wp-json\/wp\/v2\/tags?post=32182"}],"curies":[{"name":"wp","href":"https:\/\/api.w.org\/{rel}","templated":true}]}}