{"id":3218,"date":"2019-04-10T02:26:04","date_gmt":"2019-04-10T02:26:04","guid":{"rendered":"https:\/\/redsemlac.com\/semmexico\/?p=3218"},"modified":"2023-07-21T14:48:13","modified_gmt":"2023-07-21T19:48:13","slug":"el-presiente-amlo-no-se-ha-pronunciado-por-los-derechos-de-la-infancia","status":"publish","type":"post","link":"https:\/\/redsemlac.com\/semmexico\/el-presiente-amlo-no-se-ha-pronunciado-por-los-derechos-de-la-infancia\/","title":{"rendered":"El presiente AMLO no se ha pronunciado por los derechos de la infancia."},"content":{"rendered":"\n<p class=\"wp-block-paragraph\"><a href=\"https:\/\/www.semmexico.com\/gallery-post.php?id=7864#\">Redacci\u00f3n<\/a><\/p>\n\n\n\n<p class=\"wp-block-paragraph\">SemM\u00e9xico. Cd. de M\u00e9xico. 10 de abril de 2019.- La Senadora Kenia L\u00f3pez Rabad\u00e1n, del PAN,&nbsp;en su calidad de&nbsp;integrante&nbsp;del Frente por la Defensa de los Derechos de la Ni\u00f1ez, present\u00f3&nbsp;en conferencia de prensa a&nbsp;Clara Torres, ex directora General de Estancias Infantiles,&nbsp;con el fin de&nbsp;que explicara c\u00f3mo las estancias infantiles se convirtieron en un tema controversial.<\/p>\n\n\n\n<p class=\"wp-block-paragraph\">Clara Torres, ex directora General de Estancias Infantiles, explic\u00f3 que ella inici\u00f3 el trabajo desde el Equipo de Transici\u00f3n del Presidente Andr\u00e9s Manuel L\u00f3pez Obrador.<\/p>\n\n\n\n<p class=\"wp-block-paragraph\">Destac\u00f3 que&nbsp;el 5 de febrero,&nbsp;la subsecretaria Ariadna Montiel,&nbsp;le&nbsp;coment\u00f3&nbsp;que debido a que las estancias infantiles, tanto en la gira de agradecimiento del&nbsp;Presidente, como en la gira de los 100 d\u00edas, se han hecho presentes en todos y cada uno de los municipios en los&nbsp;cuales&nbsp;ha asistido&nbsp;el&nbsp;Presidente,&nbsp;\u201chab\u00edan visto esto como una amenaza pol\u00edtica, ya que son mil 500 l\u00edderes, as\u00ed me lo dijo\u201d.<\/p>\n\n\n\n<p class=\"wp-block-paragraph\">Se\u00f1al\u00f3 que en&nbsp;la Secretar\u00eda de&nbsp;Bienestar se tienen&nbsp;dos \u00e1reas:&nbsp;la primera, es la de&nbsp;compromiso social, que est\u00e1 a cargo de&nbsp;la&nbsp;Secretar\u00eda&nbsp;y la de la operaci\u00f3n&nbsp;pol\u00edtica,&nbsp;a cargo&nbsp;de la subsecretaria&nbsp;Montiel,&nbsp;quien es la que maneja los padrones.<\/p>\n\n\n\n<p class=\"wp-block-paragraph\">Clara Torres: \u201cMontiel fue la que a m\u00ed me dijo&nbsp;el 5 de febrero,&nbsp;que&nbsp;el viernes anterior, Josefina V\u00e1zquez Mota junto con otros senadores hicieron un pronunciamiento porque hab\u00edan reducido el 50%\u201d.<\/p>\n\n\n\n<p class=\"wp-block-paragraph\">&nbsp;\u201cPosterior a esto,&nbsp;el s\u00e1bado siguiente Margarita Zavala hace un escrito&nbsp;<\/p>\n\n\n\n<p class=\"wp-block-paragraph\">sobre estancias infantiles; el 5 de febrero, si mal no recuerdo era martes, y&nbsp;las estancias hab\u00edan ido a todas las c\u00e1maras de diputados a reclamar el la&nbsp;reducci\u00f3n del 50%\u201d.<\/p>\n\n\n\n<p class=\"wp-block-paragraph\">\u201cLa cosa es que a m\u00ed me notifican que no puedo volver a reunirme ni con los responsables de estancias infantiles, ni con diputados, ni con senadores, porque a partir del 5 de febrero el tema de estancias infantiles ya no se iba a tratar como una pol\u00edtica p\u00fablica, sino como una amenaza pol\u00edtica\u201d.<\/p>\n\n\n\n<p class=\"wp-block-paragraph\">La exfuncionaria recalc\u00f3 que desde la campa\u00f1a el presiente evit\u00f3 hacer compromisos en favor de la infancia, fue un tema que no se toc\u00f3.<\/p>\n","protected":false},"excerpt":{"rendered":"<p>Redacci\u00f3n SemM\u00e9xico. Cd. de M\u00e9xico. 10 de abril de 2019.- La Senadora Kenia L\u00f3pez Rabad\u00e1n, del PAN,&nbsp;en su calidad de&nbsp;integrante&nbsp;del Frente por la Defensa de los Derechos de la Ni\u00f1ez, present\u00f3&nbsp;en conferencia de prensa a&nbsp;Clara Torres, ex directora General de Estancias Infantiles,&nbsp;con el fin de&nbsp;que explicara c\u00f3mo las estancias infantiles se convirtieron en un tema [&hellip;]<\/p>\n","protected":false},"author":3,"featured_media":3219,"comment_status":"open","ping_status":"open","sticky":false,"template":"","format":"standard","meta":{"_monsterinsights_skip_tracking":false,"footnotes":""},"categories":[690,50],"tags":[],"class_list":["post-3218","post","type-post","status-publish","format-standard","has-post-thumbnail","category-690","category-congreso"],"_links":{"self":[{"href":"https:\/\/redsemlac.com\/semmexico\/wp-json\/wp\/v2\/posts\/3218","targetHints":{"allow":["GET"]}}],"collection":[{"href":"https:\/\/redsemlac.com\/semmexico\/wp-json\/wp\/v2\/posts"}],"about":[{"href":"https:\/\/redsemlac.com\/semmexico\/wp-json\/wp\/v2\/types\/post"}],"author":[{"embeddable":true,"href":"https:\/\/redsemlac.com\/semmexico\/wp-json\/wp\/v2\/users\/3"}],"replies":[{"embeddable":true,"href":"https:\/\/redsemlac.com\/semmexico\/wp-json\/wp\/v2\/comments?post=3218"}],"version-history":[{"count":0,"href":"https:\/\/redsemlac.com\/semmexico\/wp-json\/wp\/v2\/posts\/3218\/revisions"}],"wp:featuredmedia":[{"embeddable":true,"href":"https:\/\/redsemlac.com\/semmexico\/wp-json\/wp\/v2\/media\/3219"}],"wp:attachment":[{"href":"https:\/\/redsemlac.com\/semmexico\/wp-json\/wp\/v2\/media?parent=3218"}],"wp:term":[{"taxonomy":"category","embeddable":true,"href":"https:\/\/redsemlac.com\/semmexico\/wp-json\/wp\/v2\/categories?post=3218"},{"taxonomy":"post_tag","embeddable":true,"href":"https:\/\/redsemlac.com\/semmexico\/wp-json\/wp\/v2\/tags?post=3218"}],"curies":[{"name":"wp","href":"https:\/\/api.w.org\/{rel}","templated":true}]}}