{"id":32163,"date":"2021-02-22T23:50:04","date_gmt":"2021-02-22T23:50:04","guid":{"rendered":"https:\/\/redsemlac.com\/semmexico\/?p=32163"},"modified":"2023-07-21T16:50:53","modified_gmt":"2023-07-21T21:50:53","slug":"la-union-es-la-fuerza-de-las-mujeres-sonia-garza-presidenta-de-la-ammje","status":"publish","type":"post","link":"https:\/\/redsemlac.com\/semmexico\/la-union-es-la-fuerza-de-las-mujeres-sonia-garza-presidenta-de-la-ammje\/","title":{"rendered":"La uni\u00f3n es la fuerza de las mujeres: Sonia Garza, presidenta de la AMMJE"},"content":{"rendered":"\n<ul class=\"wp-block-list\"><li><strong>La Asociaci\u00f3n de Mujeres Mexicanas Jefas de Empresas crea una red internacional para apoyar al sector<\/strong><\/li><\/ul>\n\n\n\n<p class=\"wp-block-paragraph\"><strong>Mario Alavez |\u00a0El Sol de M\u00e9xico<\/strong><\/p>\n\n\n\n<p class=\"wp-block-paragraph\">SemM\u00e9xico\/El Sol de M\u00e9xico. Cd. de M\u00e9xico. 22 de febrero 2021.- Las empresarias de M\u00e9xico est\u00e1n creando un c\u00edrculo virtuoso para estimular el crecimiento de los peque\u00f1os, medianos y grandes negocios liderados por ellas, para permitir que los ingresos se mantengan a flote en medio de la crisis m\u00e1s grande de la \u00e9poca contempor\u00e1nea, asegur\u00f3 Sonia Garza, presidenta de la Asociaci\u00f3n Mexicana de Mujeres Jefas de Empresas.<\/p>\n\n\n\n<p class=\"wp-block-paragraph\">En entrevista con El Sol de M\u00e9xico, la empresaria regiomontana asegur\u00f3 que el concepto de que los hombres son los proveedores del hogar ha quedado atr\u00e1s.<\/p>\n\n\n\n<p class=\"wp-block-paragraph\">\u201cLas mujeres aportamos 70 por ciento de nuestros ingresos a la familia. Antes se ten\u00eda el concepto de que el hombre era el proveedor y ahora la mujer se ha convertido en una fuente de riqueza muy importante para su familia o su comunidad\u201d.<\/p>\n\n\n\n<p class=\"wp-block-paragraph\">De acuerdo con una encuesta interna de la asociaci\u00f3n realizada en enero, 40 por ciento de m\u00e1s de cinco mil empresas integradas en la asociaci\u00f3n reportaron una reducci\u00f3n de 30 por ciento en sus ingresos durante el confinamiento.<\/p>\n\n\n\n<p class=\"wp-block-paragraph\">\u201cEsto se debe a que lo primero que se cerr\u00f3 fueron los negocios liderados por mujeres, porque nuestros emprendimientos est\u00e1n enfocados al comercio y los servicios y fueron las primeras afectaciones que tuvimos y nos pusimos las pilas y nos pusimos a trabajar porque ten\u00edamos que sacar a nuestras familias adelante\u201d, asegura la empresaria mexicana.<\/p>\n\n\n\n<p class=\"wp-block-paragraph\">Ernesto L\u00f3pez- C\u00f3rdova, gerente de Pr\u00e1ctica, Finanzas, Competitividad e Innovaci\u00f3n del Banco Mundial, dijo en diciembre del a\u00f1o pasado que las empresas que reportaron m\u00e1s cierres y despidos durante la pandemia fueron las lideradas por ellas o que ten\u00edan una mayor presencia de mujeres.<\/p>\n\n\n\n<p class=\"wp-block-paragraph\">De acuerdo con datos del Instituto Nacional de Estad\u00edstica y Geograf\u00eda (Inegi), la participaci\u00f3n laboral femenina cay\u00f3 de 45 por ciento del mercado laboral a 35 por ciento. S\u00f3lo en abril del a\u00f1o pasado 13.6 millones de mujeres salieron del mercado laboral.<\/p>\n\n\n\n<p class=\"wp-block-paragraph\">A esto, dice Sonia Garza, se suma la informalidad, donde est\u00e1n insertas 6.3 millones de emprendedoras y empresarias. \u201cEsas mujeres est\u00e1n en la informalidad por la falta de horarios flexibles y que, a falta de recursos econ\u00f3micos, no pueden tener un negocio establecido. Y muchas veces tambi\u00e9n es por el miedo de que no saben c\u00f3mo hacerlo\u201d, asegur\u00f3 la CEO del Consorcio Dermatol\u00f3gico de M\u00e9xico, una empresa dedicada a la distribuci\u00f3n de productos dermatol\u00f3gicos y dermocosm\u00e9ticos, quien el mi\u00e9rcoles asumi\u00f3 la presidencia del organismo.<\/p>\n\n\n\n<p class=\"wp-block-paragraph\">A\u00f1ade que 1.3 millones de mujeres perdieron sus negocios, mientras que actualmente otros tres millones siguen sin encontrar un trabajo.<\/p>\n\n\n\n<p class=\"wp-block-paragraph\">Para combatir los problemas que enfrentan en el mundo de los negocios, la AMMJE ampli\u00f3 su objeto social y recibir\u00e1 a todas las mujeres que quieran sumarse al organismo, incluso si su proyecto productivo apenas est\u00e1 en construcci\u00f3n.<\/p>\n\n\n\n<p class=\"wp-block-paragraph\">Sonia Garza a\u00f1ade que adem\u00e1s hicieron una alianza con Heroica, una organizaci\u00f3n que tiene redes internacionales de emprendimiento especializados en este sector, al tiempo que crearon carteras de cr\u00e9dito revolvente para que las empresarias del organismo tuvieran acceso a los recursos en caso de que lo necesitaran.<\/p>\n\n\n\n<p class=\"wp-block-paragraph\">Finalmente, para sortear el confinamiento y el cierre temporal de los negocios, la AMMJE hizo una alianza estrat\u00e9gica con Mercado Libre para repartir los productos de las empresarias mexicanas y que el negocio siguiera su marcha, pese a tener las cortinas abajo.<\/p>\n\n\n\n<p class=\"wp-block-paragraph\">Para combatir la informalidad, la asociaci\u00f3n implement\u00f3 la Academia AMMJE. \u201cA trav\u00e9s de la Academia vamos a abrazar a estas mujeres y las vamos a llevar paso a paso para que cumplan sus objetivos y para que ingresen a la formalidad si desean hacerlo\u201d.<\/p>\n\n\n\n<h4 class=\"wp-block-heading\"><strong>ESTRATEGIA TECNOL\u00d3GICA<\/strong><\/h4>\n\n\n\n<p class=\"wp-block-paragraph\">Ante los cierres de las empresas, Sonia Garza dijo que la crisis represent\u00f3 la oportunidad perfecta para capacitarse en el uso de las tecnolog\u00edas de la informaci\u00f3n.<\/p>\n\n\n\n<p class=\"wp-block-paragraph\">Estas herramientas, asegura, permiten que el crecimiento de los negocios tenga una aceleraci\u00f3n exponencial en beneficio de las mujeres y de sus familias.<\/p>\n\n\n\n<p class=\"wp-block-paragraph\">\u00abLa venta en l\u00ednea fue un detonante muy importante que tuvimos y le dimos duro, inmediatamente a hacer convenios. Hicimos una app de AMMJE para nuestras afiliadas, hicimos una tienda virtual para nuestros negocios. Supimos leer el entorno, nos supimos adaptar y responder con rapidez a todos los cambios que se nos vinieron encima\u00bb.<\/p>\n\n\n\n<p class=\"wp-block-paragraph\">La l\u00edder de la AMMJE, un organismo que cumple 56 a\u00f1os de existencia, record\u00f3 que la econom\u00eda rosa representa 37 por ciento del Producto Interno Bruto (PIB).<\/p>\n","protected":false},"excerpt":{"rendered":"<p>La Asociaci\u00f3n de Mujeres Mexicanas Jefas de Empresas crea una red internacional para apoyar al sector<\/p>\n","protected":false},"author":3,"featured_media":32164,"comment_status":"open","ping_status":"open","sticky":false,"template":"","format":"standard","meta":{"_monsterinsights_skip_tracking":false,"footnotes":""},"categories":[692,54],"tags":[],"class_list":["post-32163","post","type-post","status-publish","format-standard","has-post-thumbnail","category-692","category-mujeres"],"_links":{"self":[{"href":"https:\/\/redsemlac.com\/semmexico\/wp-json\/wp\/v2\/posts\/32163","targetHints":{"allow":["GET"]}}],"collection":[{"href":"https:\/\/redsemlac.com\/semmexico\/wp-json\/wp\/v2\/posts"}],"about":[{"href":"https:\/\/redsemlac.com\/semmexico\/wp-json\/wp\/v2\/types\/post"}],"author":[{"embeddable":true,"href":"https:\/\/redsemlac.com\/semmexico\/wp-json\/wp\/v2\/users\/3"}],"replies":[{"embeddable":true,"href":"https:\/\/redsemlac.com\/semmexico\/wp-json\/wp\/v2\/comments?post=32163"}],"version-history":[{"count":0,"href":"https:\/\/redsemlac.com\/semmexico\/wp-json\/wp\/v2\/posts\/32163\/revisions"}],"wp:featuredmedia":[{"embeddable":true,"href":"https:\/\/redsemlac.com\/semmexico\/wp-json\/wp\/v2\/media\/32164"}],"wp:attachment":[{"href":"https:\/\/redsemlac.com\/semmexico\/wp-json\/wp\/v2\/media?parent=32163"}],"wp:term":[{"taxonomy":"category","embeddable":true,"href":"https:\/\/redsemlac.com\/semmexico\/wp-json\/wp\/v2\/categories?post=32163"},{"taxonomy":"post_tag","embeddable":true,"href":"https:\/\/redsemlac.com\/semmexico\/wp-json\/wp\/v2\/tags?post=32163"}],"curies":[{"name":"wp","href":"https:\/\/api.w.org\/{rel}","templated":true}]}}