{"id":32160,"date":"2021-02-22T23:47:05","date_gmt":"2021-02-22T23:47:05","guid":{"rendered":"https:\/\/redsemlac.com\/semmexico\/?p=32160"},"modified":"2023-07-21T16:50:53","modified_gmt":"2023-07-21T21:50:53","slug":"el-pan-en-guerrero-propondra-una-mujer-para-la-gubernatura","status":"publish","type":"post","link":"https:\/\/redsemlac.com\/semmexico\/el-pan-en-guerrero-propondra-una-mujer-para-la-gubernatura\/","title":{"rendered":"El PAN en Guerrero, propondr\u00e1 una  mujer para la gubernatura"},"content":{"rendered":"\n<ul class=\"wp-block-list\"><li><strong>Eloy Salmer\u00f3n D\u00edaz, dirigente estatal, inform\u00f3 sobre tres aspirantes<\/strong><\/li><\/ul>\n\n\n\n<ul class=\"wp-block-list\"><li><strong>La campa\u00f1a buscar\u00e1 hacer conciencia para que la poblaci\u00f3n no se deje llevar por el populismo<\/strong><\/li><\/ul>\n\n\n\n<p class=\"wp-block-paragraph\"><strong>Josefina Aguilar Pastor&nbsp;&nbsp;<\/strong><strong><\/strong><\/p>\n\n\n\n<p class=\"wp-block-paragraph\">SemM\u00e9xico. Chilpancingo, Gro., 22 de febrero de 2021. \u2013 En los pr\u00f3ximos d\u00edas, la dirigencia nacional del Partido Acci\u00f3n Nacional (PAN), emitir\u00e1 la resoluci\u00f3n sobre las propuestas de candidatas a la gubernatura del estado, inform\u00f3 el dirigente estatal de dicho instituto, Eloy Salmer\u00f3n D\u00edaz, quien reiter\u00f3 la aplicaci\u00f3n del principio de paridad en la asignaci\u00f3n de candidaturas.<\/p>\n\n\n\n<p class=\"wp-block-paragraph\">A anunci\u00f3 una campa\u00f1a de concientizaci\u00f3n de la sociedad, para que no se deje llevar por el populismo de un candidato postulado, a pesar de los se\u00f1alamientos en su contra.&nbsp;<\/p>\n\n\n\n<p class=\"wp-block-paragraph\">El dirigente panista, dio a conocer que hace poco m\u00e1s de una semana, la comisi\u00f3n permanente estatal, env\u00edo a su hom\u00f3loga nacional, la terna de las aspirantes a la gubernatura el estado, dicho \u00f3rgano deber\u00e1 analizar y definir el mejor perfil para contender por este cargo.&nbsp;<\/p>\n\n\n\n<p class=\"wp-block-paragraph\">La terna, est\u00e1 conformada por Irma Lilia Garz\u00f3n Bernal, ex diputad local, presidenta de la mesa directiva del Poder Legislativo, ex regidora, consejera estatal y nacional del PAN; Victoria Escuen \u00c1vila, consejera&nbsp;estar y nacional de dicho instituto pol\u00edtico, y Arely Alelhy Garc\u00eda, empresaria.&nbsp;<\/p>\n\n\n\n<p class=\"wp-block-paragraph\">Salmer\u00f3n D\u00edaz dijo que est\u00e1n en espera de la resoluci\u00f3n que emita la comisi\u00f3n permanente nacional de su partido, en caso de ninguna de las tres obtenga la mayor\u00eda de votos, el \u00f3rgano estatal, tendr\u00e1 que enviar una nueva propuesta.&nbsp;<\/p>\n\n\n\n<p class=\"wp-block-paragraph\">El dirigente panista subray\u00f3, que como m\u00ednimo, piden a los perfiles que pretenden participar por Acci\u00f3n Nacional en este proceso electoral, es que sean gente honesta, responsable, integra, honrada y que se le pueda confiar&nbsp;los destinos del estado.&nbsp;<\/p>\n\n\n\n<p class=\"wp-block-paragraph\">\u201cA eso estamos apostando al nivel nacional y estatal, y en Guerrero va a ser una mujer la candidata, que va a defender los derechos de las mujeres, sus derechos pol\u00edticos, pugnar porque se respeten los derechos en los temas de aguada en el gobierno, la paridad de g\u00e9nero en los cargos y sobre todo repudiar la violencia contra las mujeres en todos los sentidos\u201d, sent\u00f3 Salmer\u00f3n D\u00edaz.&nbsp;<\/p>\n\n\n\n<p class=\"wp-block-paragraph\">En ese sentido, reiter\u00f3 su repudio a la decisi\u00f3n de&nbsp;un partido pol\u00edtico en el poder, de imponer a&nbsp;alguien con antecedentes&nbsp;no claros, &nbsp;que repetidamente ha sonado en los medios de comunicaci\u00f3n, &nbsp;que no es la persona apta para gobernar este estado.&nbsp;<\/p>\n\n\n\n<p class=\"wp-block-paragraph\">Admiti\u00f3 que los gobernantes no resuelven de tajo los problemas que&nbsp;tiene la sociedad, pero si en cada proceso electoral elijen a las y&nbsp;los mejores, la sociedad a empezar a mejorar,&nbsp;pero si en cada proceso electoral por emoci\u00f3n o fanatismo, votan por alg\u00fan populista esperando que con as\u00ed se resuelvan los problemas, \u201cestamos equivocados todos, debemos entrar al an\u00e1lisis y ver los perfiles de cada uno de los aspirantes\u201d, sostuvo Eloy Salmer\u00f3n.&nbsp;<\/p>\n","protected":false},"excerpt":{"rendered":"<p>Eloy Salmer\u00f3n D\u00edaz, dirigente estatal, inform\u00f3 sobre tres aspirantes<\/p>\n","protected":false},"author":3,"featured_media":32161,"comment_status":"open","ping_status":"open","sticky":false,"template":"","format":"standard","meta":{"_monsterinsights_skip_tracking":false,"footnotes":""},"categories":[692,141],"tags":[],"class_list":["post-32160","post","type-post","status-publish","format-standard","has-post-thumbnail","category-692","category-elecciones-2020-2021"],"_links":{"self":[{"href":"https:\/\/redsemlac.com\/semmexico\/wp-json\/wp\/v2\/posts\/32160","targetHints":{"allow":["GET"]}}],"collection":[{"href":"https:\/\/redsemlac.com\/semmexico\/wp-json\/wp\/v2\/posts"}],"about":[{"href":"https:\/\/redsemlac.com\/semmexico\/wp-json\/wp\/v2\/types\/post"}],"author":[{"embeddable":true,"href":"https:\/\/redsemlac.com\/semmexico\/wp-json\/wp\/v2\/users\/3"}],"replies":[{"embeddable":true,"href":"https:\/\/redsemlac.com\/semmexico\/wp-json\/wp\/v2\/comments?post=32160"}],"version-history":[{"count":0,"href":"https:\/\/redsemlac.com\/semmexico\/wp-json\/wp\/v2\/posts\/32160\/revisions"}],"wp:featuredmedia":[{"embeddable":true,"href":"https:\/\/redsemlac.com\/semmexico\/wp-json\/wp\/v2\/media\/32161"}],"wp:attachment":[{"href":"https:\/\/redsemlac.com\/semmexico\/wp-json\/wp\/v2\/media?parent=32160"}],"wp:term":[{"taxonomy":"category","embeddable":true,"href":"https:\/\/redsemlac.com\/semmexico\/wp-json\/wp\/v2\/categories?post=32160"},{"taxonomy":"post_tag","embeddable":true,"href":"https:\/\/redsemlac.com\/semmexico\/wp-json\/wp\/v2\/tags?post=32160"}],"curies":[{"name":"wp","href":"https:\/\/api.w.org\/{rel}","templated":true}]}}