{"id":32146,"date":"2021-02-22T21:16:36","date_gmt":"2021-02-22T21:16:36","guid":{"rendered":"https:\/\/redsemlac.com\/semmexico\/?p=32146"},"modified":"2023-07-21T16:50:53","modified_gmt":"2023-07-21T21:50:53","slug":"en-enero-cinco-feminicidios-y-173-delincuentes-por-violencia-contra-las-mujeres-informo-la-fiscal-ernestina-godoy","status":"publish","type":"post","link":"https:\/\/redsemlac.com\/semmexico\/en-enero-cinco-feminicidios-y-173-delincuentes-por-violencia-contra-las-mujeres-informo-la-fiscal-ernestina-godoy\/","title":{"rendered":"En enero, cinco feminicidios y 173 delincuentes por violencia contra las mujeres, inform\u00f3 la Fiscal Ernestina Godoy"},"content":{"rendered":"\n<ul class=\"wp-block-list\"><li><strong>Vinculaciones a proceso en el &nbsp;100 por ciento de los casos<\/strong><\/li><li><strong>Trabajo especial para atenuar los delitos de g\u00e9nero, con la polic\u00eda<\/strong><\/li><\/ul>\n\n\n\n<p class=\"wp-block-paragraph\"><strong>Elda Montiel<\/strong><\/p>\n\n\n\n<p class=\"wp-block-paragraph\">SemM\u00e9xico. Cd. M\u00e9xico. 22 de febrero 2021.- La fiscal de la Ciudad de M\u00e9xico, Ernestina Godoy Ramos, destac\u00f3 que se concentr\u00f3 la atenci\u00f3n en los delitos contra las mujeres por lo que en el primer mes se obtuvo cinco vinculaciones a proceso por el delito de feminicidio y en todos los casos se consigui\u00f3 que distintos jueces dictar\u00e1n prisi\u00f3n preventiva, lo que representa 100 por ciento de efectividad.<\/p>\n\n\n\n<p class=\"wp-block-paragraph\">Abund\u00f3, que de manera general se consigui\u00f3 173 vinculaciones a proceso por violencia contra las mujeres, con el 70 por ciento de casos con prisi\u00f3n preventiva oficiosa.<\/p>\n\n\n\n<p class=\"wp-block-paragraph\">Entre los casos hay denuncias de violencia familiar, abuso sexual, acoso sexual, trata de personas y violaci\u00f3n que, de manera particular, este delito cuenta con el 100 por ciento de imputados en prisi\u00f3n preventiva de 20 vinculaciones a proceso logradas.<\/p>\n\n\n\n<p class=\"wp-block-paragraph\">El delito de violaci\u00f3n, destac\u00f3 la fiscal general, se investiga desde la Unidad de Investigaci\u00f3n Inmediata del Delito de Violaci\u00f3n, que forma parte de la Fiscal\u00eda de Investigaci\u00f3n de Delitos Sexuales.<\/p>\n\n\n\n<p class=\"wp-block-paragraph\">De manera general, inform\u00f3 que se cumplimentaron \u00f3rdenes de aprehensi\u00f3n, se efectuaron detenciones en flagrancia y se atendieron denuncias ciudadanas, que permitieron, durante las tres primeras quincenas del a\u00f1o, obtener dos mil 308 vinculaciones a proceso, de las cuales mil 410 imputados permanecen en prisi\u00f3n preventiva.<\/p>\n\n\n\n<p class=\"wp-block-paragraph\">Preciso, la fiscal Godoy Ramos, que esto fue resultado derivado de los trabajos ministeriales de la Fiscal\u00eda General de Justicia de la Ciudad de M\u00e9xico (FGJCDMX), aunado a las labores de inteligencia por parte de la Polic\u00eda de Investigaci\u00f3n (PDI).<\/p>\n\n\n\n<p class=\"wp-block-paragraph\">En conferencia de prensa virtual con la Jefa de Gobierno, Claudia Sheinbaum Pardo, la titular de la FGJCDMX, Ernestina Godoy Ramos, enfatiz\u00f3 que los delitos de alto impacto han sido atendidos de manera oportuna, incluso desde las agencias de la Coordinaci\u00f3n General de Investigaci\u00f3n Territorial, donde se ha implementado un mecanismo de mayores trabajos de inteligencia.<\/p>\n\n\n\n<p class=\"wp-block-paragraph\">Explic\u00f3 la Fiscal, en el delito de lesiones dolosas por disparo de arma de fuego hay registro en enero de 19 vinculaciones a proceso, con 18 personas en prisi\u00f3n preventiva, lo que significa un 95 por ciento de personas en prisi\u00f3n por este il\u00edcito.<\/p>\n\n\n\n<p class=\"wp-block-paragraph\">Por lo que respecta a casos de homicidio doloso, en el mismo per\u00edodo se han obtenido 11 vinculaciones a proceso, con el mismo n\u00famero de prisiones preventivas como medida cautelar, lo que representa el ciento por ciento por ciento de estos casos resueltos con prisi\u00f3n.<\/p>\n\n\n\n<p class=\"wp-block-paragraph\">En cuanto al delito de robo de veh\u00edculos, la FGJCDMX reporta en enero 48 imputados en prisi\u00f3n preventiva; no obstante, la fiscal capitalina precis\u00f3 que no todos los imputados alcanzan esta medida cautelar como se establece en el Sistema de Justicia Penal Acusatorio.<\/p>\n\n\n\n<p class=\"wp-block-paragraph\">La Fiscal\u00eda General de Justicia de la Ciudad de M\u00e9xico, en apego a sus funciones y atribuciones como \u00e1rea esencial, contin\u00faa todos los d\u00edas sus tareas de investigaci\u00f3n para combatir la impunidad y pone a disposici\u00f3n de la ciudadan\u00eda los n\u00fameros telef\u00f3nicos (55) 5200 9000 y 800 745 2369 para orientaci\u00f3n jur\u00eddica gratuita.<\/p>\n","protected":false},"excerpt":{"rendered":"<p>Vinculaciones a proceso en el  100 por ciento de los casos<\/p>\n","protected":false},"author":3,"featured_media":32147,"comment_status":"open","ping_status":"open","sticky":false,"template":"","format":"standard","meta":{"_monsterinsights_skip_tracking":false,"footnotes":""},"categories":[692,51],"tags":[],"class_list":["post-32146","post","type-post","status-publish","format-standard","has-post-thumbnail","category-692","category-ejecutivo"],"_links":{"self":[{"href":"https:\/\/redsemlac.com\/semmexico\/wp-json\/wp\/v2\/posts\/32146","targetHints":{"allow":["GET"]}}],"collection":[{"href":"https:\/\/redsemlac.com\/semmexico\/wp-json\/wp\/v2\/posts"}],"about":[{"href":"https:\/\/redsemlac.com\/semmexico\/wp-json\/wp\/v2\/types\/post"}],"author":[{"embeddable":true,"href":"https:\/\/redsemlac.com\/semmexico\/wp-json\/wp\/v2\/users\/3"}],"replies":[{"embeddable":true,"href":"https:\/\/redsemlac.com\/semmexico\/wp-json\/wp\/v2\/comments?post=32146"}],"version-history":[{"count":0,"href":"https:\/\/redsemlac.com\/semmexico\/wp-json\/wp\/v2\/posts\/32146\/revisions"}],"wp:featuredmedia":[{"embeddable":true,"href":"https:\/\/redsemlac.com\/semmexico\/wp-json\/wp\/v2\/media\/32147"}],"wp:attachment":[{"href":"https:\/\/redsemlac.com\/semmexico\/wp-json\/wp\/v2\/media?parent=32146"}],"wp:term":[{"taxonomy":"category","embeddable":true,"href":"https:\/\/redsemlac.com\/semmexico\/wp-json\/wp\/v2\/categories?post=32146"},{"taxonomy":"post_tag","embeddable":true,"href":"https:\/\/redsemlac.com\/semmexico\/wp-json\/wp\/v2\/tags?post=32146"}],"curies":[{"name":"wp","href":"https:\/\/api.w.org\/{rel}","templated":true}]}}