{"id":32131,"date":"2021-02-22T17:02:00","date_gmt":"2021-02-22T17:02:00","guid":{"rendered":"https:\/\/redsemlac.com\/semmexico\/?p=32131"},"modified":"2023-07-21T16:50:53","modified_gmt":"2023-07-21T21:50:53","slug":"monreal-el-censor-con-piel-de-oveja","status":"publish","type":"post","link":"https:\/\/redsemlac.com\/semmexico\/monreal-el-censor-con-piel-de-oveja\/","title":{"rendered":"Monreal: el censor con piel de oveja"},"content":{"rendered":"\n<h2 class=\"wp-block-heading\"><strong>Desobediencia<\/strong><\/h2>\n\n\n\n<p class=\"wp-block-paragraph\"><strong>Olimpia Flores Ortiz<\/strong><\/p>\n\n\n\n<p class=\"wp-block-paragraph\">SemM\u00e9xico. Oaxaca. 22 de febrero 2021.- El presente de pandemia convirti\u00f3 a las redes sociales en instrumentos de comunicaci\u00f3n e informaci\u00f3n indispensables para resolver los diferentes aspectos de la vida, como las relaciones afectivas y las relaciones laborales; tambi\u00e9n son v\u00eda para acceder a derechos humanos, como la salud y la educaci\u00f3n\u2026y el ocio.<\/p>\n\n\n\n<p class=\"wp-block-paragraph\">La libertad de expresi\u00f3n por las redes es el bien para tutelarse por la Ley. \u00bfQu\u00e9 se regular\u00eda y con qu\u00e9 sentido?&nbsp; &nbsp;&nbsp;<\/p>\n\n\n\n<p class=\"wp-block-paragraph\">El Senador Ricardo Monreal de Morena, trae entre manos presentar una Iniciativa con proyecto de <strong>Decreto por el que se REFORMAN y ADICIONAN diversas disposiciones de la Ley Federal de Telecomunicaciones y Radiodifusi\u00f3n,<\/strong> con la intenci\u00f3n de regular los servicios de redes sociales.<\/p>\n\n\n\n<p class=\"wp-block-paragraph\">El impulso le viene a partir de la censura de Twitter al Trump todav\u00eda presidente. Y se escandaliz\u00f3: viendo las barbas de su vecino cortar, ech\u00f3 las suyas a remojar.<\/p>\n\n\n\n<p class=\"wp-block-paragraph\">La trascendencia de regular en el sentido que pretende la iniciativa va m\u00e1s all\u00e1 de referirse a un servicio en espec\u00edfico, se trata de una regulaci\u00f3n que abarca la vida toda.<\/p>\n\n\n\n<p class=\"wp-block-paragraph\">Ha puesto un gran tema sobre la mesa de la discusi\u00f3n, abri\u00e9ndola desde el Senado con el Instituto de Investigaciones Jur\u00eddicas de la UNAM el pasado jueves 18 de febrero, en un foro de discusi\u00f3n para los efectos, &nbsp;donde la coincidencia un\u00e1nime fue acerca de la oportunidad de abordar el debate, e incluso de la necesidad misma de legislar; como tambi\u00e9n un\u00e1nime es que desde diversas \u00f3pticas se le enderezaran cr\u00edticas al proyecto porque pareci\u00f3 que va en el orden de las restricciones a las libertades de las usuarias y usuarios, m\u00e1s que de su tutela.<\/p>\n\n\n\n<p class=\"wp-block-paragraph\">No habr\u00eda de regular a los medios que fungen como intermediarios (las empresas) sino a las actitudes de quienes concurren en las redes, usuarios y prestadores del servicio. Y en ese sentido, lo que se definen son mecanismos de gobernanza m\u00e1s que de control vertical. Es como si no se comprendiera el sentido reticular de la red, para las que los gobiernos no pueden actuar como rectores. \u00bfC\u00f3mo lo har\u00edan para una interoperabilidad tan compleja? No es cuesti\u00f3n de ponerles t\u00e9rminos y condiciones, como en un contrato tradicional. Es dif\u00edcil determinar un modelo, porque se tratar\u00eda de una articulaci\u00f3n de modelos m\u00faltiples con objetivos diferentes,<\/p>\n\n\n\n<p class=\"wp-block-paragraph\">Tendr\u00edan por otro lado que regular para una interconexi\u00f3n de redes que son aut\u00f3nomas cada una con su modelo de negocios espec\u00edfico, asociados con est\u00e1ndares y acuerdos internacionales.<\/p>\n\n\n\n<p class=\"wp-block-paragraph\">Se ir\u00eda hacia la mayor restricci\u00f3n si se hace responsables del mensaje a las empresas que entonces endurecer\u00edan sus criterios de censura e ir\u00eda contra los par\u00e1metros interamericanos que caminan en sentido liberal y abierto.<\/p>\n\n\n\n<p class=\"wp-block-paragraph\">Como ir\u00eda tambi\u00e9n en contra del T-MEC mismo que acord\u00f3 mayor liberalizaci\u00f3n y no m\u00e1s restricciones, dado el papel fundamental que las redes juegan para la econom\u00eda.<\/p>\n\n\n\n<p class=\"wp-block-paragraph\">La iniciativa refiere que regular\u00e1 s\u00f3lo a las redes sociales relevantes, que son aquellas que tienen m\u00e1s de un mill\u00f3n de usuarios o suscriptores como Facebook, Twitter, Instagram o TikTok. &nbsp;\u00bfPor qu\u00e9? Y \u00bfs\u00f3lo redes abiertas, las cerradas como WhatsApp no?<\/p>\n\n\n\n<p class=\"wp-block-paragraph\">Estas redes tendr\u00edan que pedirle permiso al Instituto Federal de Telecomunicaciones, para operar en M\u00e9xico. El hecho de exigir a una empresa que obtenga un permiso del gobierno mexicano para operar en territorio mexicano no tiene manera t\u00e9cnica de restringirse, puede burlarse con una VPN gringa. Expertas y expertos, se refirieron m\u00e1s o menos a que la iniciativa no es adecuada para los efectos que se pretende, porque no parece corresponder a la din\u00e1mica del espacio virtual.<\/p>\n\n\n\n<p class=\"wp-block-paragraph\">Por otro lado, \u00bfpor qu\u00e9 tendr\u00eda el IFT que otorgar la autorizaci\u00f3n si su car\u00e1cter es t\u00e9cnico y la legislaci\u00f3n pretende tutelar un derecho humano que seg\u00fan Monreal es el de la libertad de expresi\u00f3n? \u00bfNo es materia en todo caso del Instituto Nacional de Acceso a la Informaci\u00f3n, que es el \u00e1mbito en el que si incurre su pretendida Ley? \u00bfO es porque el INAI en este r\u00e9gimen est\u00e1 apestado?<\/p>\n\n\n\n<p class=\"wp-block-paragraph\">El IFT -que ser\u00eda el facultado-, \u00bfcon qu\u00e9 criterios va a emitir los mecanismos pertinentes para establecer las suspensiones temporales o definitivas? El concepto de \u201cmensajes que provocaron alg\u00fan delito o perturbaci\u00f3n del orden p\u00fablico\u201d, es de tal ambig\u00fcedad y va en el sentido de la tendencia a criminalizar toda expresi\u00f3n de disidencia del r\u00e9gimen. Y es lo suficientemente abierto para cualquier discrecionalidad: lo mismo podr\u00eda suspenderse a L\u00f3pez con sus mensajes de odio; que a las feministas clamando el fin del patriarcado, Esa es una tendencia en el contexto de la legislaci\u00f3n del estado de excepci\u00f3n instituido.<\/p>\n\n\n\n<p class=\"wp-block-paragraph\">Para la suspensi\u00f3n temporal dependeremos de algoritmos o tecnolog\u00edas automatizadas; para la suspensi\u00f3n definitiva la eventual impugnaci\u00f3n tendr\u00eda que resolverse por personas de las empresas expertas en derechos humanos y libertad de expresi\u00f3n, que dictaminen. O pasar a ser arbitrados usuarios y empresas por el IFT. \u00bfTendr\u00e1 idea Monreal de las restricciones que va a desatar y por tanto de las impugnaciones?<\/p>\n\n\n\n<p class=\"wp-block-paragraph\">No hay tal intenci\u00f3n de defender la libertad de expresi\u00f3n, es un enga\u00f1o. \u00bfPara que someti\u00f3 Monreal su proyecto a discusi\u00f3n especializada? \u00bfQu\u00e9 quiere Monreal?&nbsp;<\/p>\n\n\n\n<p class=\"wp-block-paragraph\">No a la Ley Monreal, es censura y es control.<\/p>\n\n\n\n<p class=\"wp-block-paragraph\"><a href=\"https:\/\/www.facebook.com\/OlimpiaFloresMirabilia\">https:\/\/www.facebook.com\/OlimpiaFloresMirabilia<\/a><\/p>\n\n\n\n<p class=\"wp-block-paragraph\"><strong>Twitter @euphrasina\u00a0 (gusto por la elocuencia)<\/strong><\/p>\n","protected":false},"excerpt":{"rendered":"<p> El presente de pandemia convirti\u00f3 a las redes sociales en instrumentos de comunicaci\u00f3n e informaci\u00f3n indispensables para resolver los diferentes aspectos de la vida<\/p>\n","protected":false},"author":3,"featured_media":18201,"comment_status":"open","ping_status":"open","sticky":false,"template":"","format":"standard","meta":{"_monsterinsights_skip_tracking":false,"footnotes":""},"categories":[692,133,134,35],"tags":[],"class_list":["post-32131","post","type-post","status-publish","format-standard","has-post-thumbnail","category-692","category-desobediencia","category-olimpia-flores-ortiz","category-opinion"],"_links":{"self":[{"href":"https:\/\/redsemlac.com\/semmexico\/wp-json\/wp\/v2\/posts\/32131","targetHints":{"allow":["GET"]}}],"collection":[{"href":"https:\/\/redsemlac.com\/semmexico\/wp-json\/wp\/v2\/posts"}],"about":[{"href":"https:\/\/redsemlac.com\/semmexico\/wp-json\/wp\/v2\/types\/post"}],"author":[{"embeddable":true,"href":"https:\/\/redsemlac.com\/semmexico\/wp-json\/wp\/v2\/users\/3"}],"replies":[{"embeddable":true,"href":"https:\/\/redsemlac.com\/semmexico\/wp-json\/wp\/v2\/comments?post=32131"}],"version-history":[{"count":0,"href":"https:\/\/redsemlac.com\/semmexico\/wp-json\/wp\/v2\/posts\/32131\/revisions"}],"wp:featuredmedia":[{"embeddable":true,"href":"https:\/\/redsemlac.com\/semmexico\/wp-json\/wp\/v2\/media\/18201"}],"wp:attachment":[{"href":"https:\/\/redsemlac.com\/semmexico\/wp-json\/wp\/v2\/media?parent=32131"}],"wp:term":[{"taxonomy":"category","embeddable":true,"href":"https:\/\/redsemlac.com\/semmexico\/wp-json\/wp\/v2\/categories?post=32131"},{"taxonomy":"post_tag","embeddable":true,"href":"https:\/\/redsemlac.com\/semmexico\/wp-json\/wp\/v2\/tags?post=32131"}],"curies":[{"name":"wp","href":"https:\/\/api.w.org\/{rel}","templated":true}]}}