{"id":32128,"date":"2021-02-22T16:54:30","date_gmt":"2021-02-22T16:54:30","guid":{"rendered":"https:\/\/redsemlac.com\/semmexico\/?p=32128"},"modified":"2023-07-21T16:50:53","modified_gmt":"2023-07-21T21:50:53","slug":"ningun-agresor-en-el-poder","status":"publish","type":"post","link":"https:\/\/redsemlac.com\/semmexico\/ningun-agresor-en-el-poder\/","title":{"rendered":"Ning\u00fan agresor en el poder"},"content":{"rendered":"\n<h2 class=\"wp-block-heading\">La mitad del cielo<\/h2>\n\n\n\n<p class=\"has-text-align-right wp-block-paragraph\"><em>\u00a0\u201cNinguna mujer que se respete puede querer trabajar por un partido pol\u00edtico que las ignore\u201d<\/em><\/p>\n\n\n\n<p class=\"has-text-align-right wp-block-paragraph\"><em>Susan Brownel Antony, 1872<\/em><\/p>\n\n\n\n<p class=\"wp-block-paragraph\"><strong>Por: Muriel Salinas D\u00edaz<\/strong><\/p>\n\n\n\n<p class=\"wp-block-paragraph\">SemM\u00e9xico. Cd. de M\u00e9xico. 22 de febrero 2021.- El 19 de febrero la titular de la Secretar\u00eda de Seguridad y Protecci\u00f3n Ciudadana del gobierno federal, Rosa Icela Rodr\u00edguez, inform\u00f3 en la conferencia matutina presidencial que en enero de 2021 los delitos de violaci\u00f3n en el pa\u00eds disminuyeron 1% con respecto del mismo mes en 2020, esto un d\u00eda despu\u00e9s de que el presidente en el mismo espacio respondiera con la frase \u201cya chole\u201d en reacci\u00f3n a los cuestionamientos que se le han hecho respecto de su abierto respaldo a la candidatura de F\u00e9lix Salgado Macedonio a la gubernatura de Guerrero &#8211; quien cuenta con varias denuncias por violaci\u00f3n sexual- y declarara que las exigencias social de no postular a este personaje, no son m\u00e1s que un \u201clinchamiento pol\u00edtico\u201d al calor del proceso electoral y pura \u201cpolitiquer\u00eda\u201d.<\/p>\n\n\n\n<p class=\"wp-block-paragraph\">La cifra anunciada por la secretaria nos permite observar el contexto de impunidad social y de Estado que prevalece en el pa\u00eds con respecto a la violencia contra las mujeres y muy especialmente con relaci\u00f3n a los delitos sexuales. Pues, seg\u00fan cifras del INEGI, en todo el pa\u00eds el 95% de las indagatorias iniciadas por denuncias de violaci\u00f3n sexual permanecen impunes. A la luz de este escalofriante dato, es claro que si el requisito para ser candidato a cualquier cargo de elecci\u00f3n popular reside en acreditar que no son agresores ni deudores alimentarios mediante sentencia en firme, muchos <em>Salgados Macedonios<\/em> podr\u00e1n postularse sin empacho con la intenci\u00f3n de acceder al poder, no porque sean inocentes, sino porque han vivido en la impunidad.<\/p>\n\n\n\n<p class=\"wp-block-paragraph\">Sin duda las prioridades de cualquier gobierno pueden ser medidas con base a sus presupuestos. De acuerdo con el Tercer Informe Hemisf\u00e9rico de la OEA sobre el cumplimiento de la Convenci\u00f3n Belem Do Par\u00e1 (2018), ning\u00fan pa\u00eds de Am\u00e9rica Latina y El Caribe ha logrado destinar ni siquiera el 1% de sus presupuestos nacionales a las pol\u00edticas para prevenir, atender, sancionar y erradicar la violencia contra las mujeres. En el caso de M\u00e9xico, en el Presupuesto de Egresos de la Federaci\u00f3n (PEF) para el ejercicio fiscal 2021, se destinaron 3,210 millones de pesos para pol\u00edticas p\u00fablicas relacionadas con la violencia contra las mujeres, que en t\u00e9rminos totales del PEF -que es de $6,295,736,200,000 M.N.- representa apenas el 0.050 por ciento.<\/p>\n\n\n\n<p class=\"wp-block-paragraph\">El presidente y los dirigentes de su partido parecen no entender que su proyecto de <em>Cuarta Transformaci\u00f3n<\/em> implica su propia transformaci\u00f3n y que en este sentido no hay avance posible sin las mujeres y sin una verdadera perspectiva de g\u00e9nero como pol\u00edtica de Estado, lo cual adem\u00e1s no es algo sujeto a la voluntad de quien gobierna, sino que es una obligaci\u00f3n constitucional para el Estado Mexicano, al ser ello parte de los compromisos internacionales en materia de derechos humanos de las mujeres adoptados por nuestro pa\u00eds. Por el contrario, la misoginia del presidente en sus conferencias matutinas le resulta cada vez m\u00e1s inocultable, pues su molestia es cada vez m\u00e1s visible cuando tiene que responder preguntas sobre asuntos relacionados con las mujeres. Su \u201cYa chole\u201d no es s\u00f3lo una expresi\u00f3n de hartazgo, sino una clara expresi\u00f3n de la misoginia que le caracteriza y desde la cual dirige no s\u00f3lo a la naci\u00f3n, sino tambi\u00e9n las decisiones de su partido.<\/p>\n\n\n\n<p class=\"wp-block-paragraph\">Por su parte, MORENA se situar\u00eda en una vertiginosa carrera de dilapidaci\u00f3n de la legitimidad y el capital pol\u00edtico que le permiti\u00f3 llegar al poder en las elecciones de 2018 si mantiene la decisi\u00f3n de sostener como candidato a la gubernatura de Guerrero a F\u00e9lix Salgado Macedonio, pues no s\u00f3lo confirmar\u00eda que desde el Estado se sigue protegiendo a los violadores y agresores de mujeres, sino que ello configura un mensaje claro: los derechos humanos de las mujeres no tienen cabida en la Cuarta Transformaci\u00f3n. Aunque sea una obligaci\u00f3n constitucional del gobierno proteger, promover y garantizar esos derechos a todas las mexicanas y aunque conformamos m\u00e1s de la mitad de la poblaci\u00f3n del pa\u00eds y del padr\u00f3n electoral. Simplemente ni nos ve, ni nos oye.<\/p>\n\n\n\n<p class=\"wp-block-paragraph\">La exigencia del movimiento feminista a MORENA y a todos los partidos pol\u00edticos es una: <strong>Ning\u00fan agresor en el poder<\/strong>. A este respecto, ya comienzan a dar acuse de recibo otros partidos pol\u00edticos: esta semana Movimiento Ciudadano retir\u00f3 su apoyo al precandidato a diputado de Texmelucan, Jos\u00e9 Medel Galindo, tras haber difundido im\u00e1genes de \u00e9l y su hija en las que la exhib\u00eda sin ropa y bes\u00e1ndola en la boca; en tanto que en Veracruz este mismo instituto pol\u00edtico retir\u00f3 su apoyo a otro precandidato a una diputaci\u00f3n local, quien fue denunciado por intento de violaci\u00f3n por una ciudadana. Por su parte, la dirigencia nacional del PRD retir\u00f3 la candidatura a diputado federal por Durango a Gamaliel Ochoa Serrano, debido a que fue denunciado por una ciudadana por hostigamiento y abuso sexual.<\/p>\n\n\n\n<p class=\"wp-block-paragraph\">El esp\u00edritu con el que fueron emitidos los <strong><em>Lineamientos para que los Partidos Pol\u00edticos Prevengan, Atiendan, Sancionen y Erradiquen la Violencia Pol\u00edtica contra las Mujeres en Raz\u00f3n de G\u00e9nero<\/em><\/strong> y que contienen los criterios 3 de 3, responde a la aspiraci\u00f3n democr\u00e1tica de elevar la calidad de la representaci\u00f3n pol\u00edtica y con ello avanzar hacia la consolidaci\u00f3n de la democracia paritaria. \u00bfDe parte de qui\u00e9n?, pregunta el presidente, quien al parecer no se ha enterado ni es capaz de comprender los avances de las mujeres en el \u00faltimo siglo y medio en M\u00e9xico y en el mundo.<\/p>\n","protected":false},"excerpt":{"rendered":"<p>La mitad del cielo<\/p>\n","protected":false},"author":3,"featured_media":32129,"comment_status":"open","ping_status":"open","sticky":false,"template":"","format":"standard","meta":{"_monsterinsights_skip_tracking":false,"footnotes":""},"categories":[692,82,35],"tags":[],"class_list":["post-32128","post","type-post","status-publish","format-standard","has-post-thumbnail","category-692","category-la-opinion","category-opinion"],"_links":{"self":[{"href":"https:\/\/redsemlac.com\/semmexico\/wp-json\/wp\/v2\/posts\/32128","targetHints":{"allow":["GET"]}}],"collection":[{"href":"https:\/\/redsemlac.com\/semmexico\/wp-json\/wp\/v2\/posts"}],"about":[{"href":"https:\/\/redsemlac.com\/semmexico\/wp-json\/wp\/v2\/types\/post"}],"author":[{"embeddable":true,"href":"https:\/\/redsemlac.com\/semmexico\/wp-json\/wp\/v2\/users\/3"}],"replies":[{"embeddable":true,"href":"https:\/\/redsemlac.com\/semmexico\/wp-json\/wp\/v2\/comments?post=32128"}],"version-history":[{"count":0,"href":"https:\/\/redsemlac.com\/semmexico\/wp-json\/wp\/v2\/posts\/32128\/revisions"}],"wp:featuredmedia":[{"embeddable":true,"href":"https:\/\/redsemlac.com\/semmexico\/wp-json\/wp\/v2\/media\/32129"}],"wp:attachment":[{"href":"https:\/\/redsemlac.com\/semmexico\/wp-json\/wp\/v2\/media?parent=32128"}],"wp:term":[{"taxonomy":"category","embeddable":true,"href":"https:\/\/redsemlac.com\/semmexico\/wp-json\/wp\/v2\/categories?post=32128"},{"taxonomy":"post_tag","embeddable":true,"href":"https:\/\/redsemlac.com\/semmexico\/wp-json\/wp\/v2\/tags?post=32128"}],"curies":[{"name":"wp","href":"https:\/\/api.w.org\/{rel}","templated":true}]}}