{"id":32126,"date":"2021-02-22T16:45:41","date_gmt":"2021-02-22T16:45:41","guid":{"rendered":"https:\/\/redsemlac.com\/semmexico\/?p=32126"},"modified":"2023-07-21T16:50:53","modified_gmt":"2023-07-21T21:50:53","slug":"presentaran-en-el-senado-iniciativas-para-incluir-aprendizaje-de-la-lengua-de-senas-y-sistema-braille-en-los-planes-de-estudio","status":"publish","type":"post","link":"https:\/\/redsemlac.com\/semmexico\/presentaran-en-el-senado-iniciativas-para-incluir-aprendizaje-de-la-lengua-de-senas-y-sistema-braille-en-los-planes-de-estudio\/","title":{"rendered":"Presentar\u00e1n en el Senado iniciativas para incluir aprendizaje de la Lengua de Se\u00f1as y Sistema Braille en los planes de estudio"},"content":{"rendered":"\n<p class=\"wp-block-paragraph\"><strong>Redacci\u00f3n<\/strong><\/p>\n\n\n\n<p class=\"wp-block-paragraph\">SemM\u00e9xico. Ciudad de M\u00e9xico. 22 de febrero de 2021.-Presentar\u00e1 una iniciativa para incluir el aprendizaje de la Lengua de Se\u00f1as Mexicana y del Sistema Braille en los planes y programas de estudio<\/p>\n\n\n\n<p class=\"wp-block-paragraph\">El senador Ricardo Monreal \u00c1vila impulsa dos proyectos que buscan fortalecer los mecanismos para prevenir la violencia en contra las mujeres e incluir el aprendizaje de la Lengua de Se\u00f1as Mexicana y del Sistema Braille en los planes y programas de estudio.&nbsp;<\/p>\n\n\n\n<p class=\"wp-block-paragraph\">Se trata de dos iniciativas con sentido social que el coordinador del Grupo Parlamentario de Morena presentar\u00e1 en las sesiones ordinarias del 23 y 25 de febrero.&nbsp;<\/p>\n\n\n\n<p class=\"wp-block-paragraph\">En la primera de ellas, Monreal \u00c1vila propone reformar la Ley General de Acceso de las Mujeres a una Vida Libre de Violencia, a fin de establecer la obligaci\u00f3n para las y los servidores p\u00fablicos, de los diferentes \u00f3rdenes de gobierno, a recibir educaci\u00f3n y capacitaci\u00f3n permanente sobre los derechos humanos de las mujeres.&nbsp;<\/p>\n\n\n\n<p class=\"wp-block-paragraph\">Adem\u00e1s, de visibilizar, concientizar, sensibilizar y reproducir conductas en el ejercicio de sus funciones, que tiendan a erradicar la violencia sistem\u00e1tica que se ejerce contra las ni\u00f1as y mujeres, en todas sus vertientes.<\/p>\n\n\n\n<p class=\"wp-block-paragraph\">&nbsp;\u201cResulta especialmente necesario adecuar las medidas legislativas como una respuesta a la crisis que estamos atravesando a nivel mundial, pues la Covid-19 agudiz\u00f3 uno de los m\u00e1s abominables males que aquejan a nuestra sociedad y que desafortunadamente aumenta d\u00eda con d\u00eda: la violencia contra las mujeres\u201d.<\/p>\n\n\n\n<p class=\"wp-block-paragraph\">El legislador subray\u00f3 que la violencia contra las mujeres aument\u00f3 en este periodo de confinamiento, pues en el primer semestre de 2020 el Sistema Nacional de Seguridad P\u00fablica contabiliz\u00f3 489 feminicidios y mil 443 v\u00edctimas de homicidios dolosos; es decir, un total de mil 932 mujeres asesinadas.<\/p>\n\n\n\n<p class=\"wp-block-paragraph\">Tan s\u00f3lo en el primer semestre del a\u00f1o pasado, agreg\u00f3 Monreal \u00c1vila, la Comisi\u00f3n Nacional de los Derechos Humanos recibi\u00f3 82 quejas por violencia de g\u00e9nero y acoso laboral.<\/p>\n\n\n\n<p class=\"wp-block-paragraph\">Por ello, propuso robustecer las obligaciones de las y los servidores p\u00fablicos para capacitarse permanentemente sobre los diversos tipos, modalidades, causas y consecuencias de la violencia contra las mujeres, sin importar que su funci\u00f3n est\u00e9 vinculada o no con la procuraci\u00f3n e impartici\u00f3n de justicia.&nbsp;<\/p>\n\n\n\n<p class=\"wp-block-paragraph\">Se trata, asent\u00f3 el l\u00edder de la mayor\u00eda legislativa, de garantizar ambientes laborales seguros para las mujeres, en que las funciones de cada puesto se desarrollen con estricto apego a la protecci\u00f3n de su libertad, integridad y dignidad.<\/p>\n\n\n\n<p class=\"wp-block-paragraph\">En una segunda iniciativa, Ricardo Monreal plantear\u00e1 reformar la Ley General de Educaci\u00f3n, con el prop\u00f3sito de incluir en la formaci\u00f3n de las y los mexicanos, la comprensi\u00f3n del Lenguaje de Se\u00f1as Mexicana y del Sistema Braille, as\u00ed como en los contenidos de los planes y programas de estudio de la educaci\u00f3n que imparta el Estado.<\/p>\n\n\n\n<p class=\"wp-block-paragraph\">Subray\u00f3 la necesidad de \u201cabrir paso\u201d para que todos los estudiantes puedan aprender y desarrollarse en cualquier aspecto, sin ser excluidos o discriminados. De ah\u00ed la importancia de garantizar una educaci\u00f3n inclusiva, en la que se eliminen las barreras del aprendizaje y la participaci\u00f3n.<\/p>\n\n\n\n<p class=\"wp-block-paragraph\">De esta manera, presentar\u00e1 este proyecto para fomentar una sociedad en la que no s\u00f3lo las personas con alguna discapacidad aprendan un lenguaje espec\u00edfico de acuerdo con sus capacidades, sino que todos los alumnos puedan acceder al aprendizaje de otras lenguas y m\u00e9todos de comunicaci\u00f3n.<\/p>\n\n\n\n<p class=\"wp-block-paragraph\">El senador explic\u00f3 que la Lengua de Se\u00f1as Mexicana es utilizada por personas con alguna discapacidad auditiva, y que, como todo lenguaje posee su propia gram\u00e1tica y est\u00e1 compuesta por s\u00edmbolos manuales.<\/p>\n\n\n\n<p class=\"wp-block-paragraph\">Por su parte, el Sistema Braille ha permitido que personas con discapacidad visual puedan aprender y expresarse a trav\u00e9s de puntos de relieve que, con el tacto de la yema de los dedos, permiten conocer letras, signos, n\u00fameros, notas musicales, entre otras cosas.<\/p>\n\n\n\n<p class=\"wp-block-paragraph\">Estos sistemas o medios de comunicaci\u00f3n han sido empleados en diversos \u00e1mbitos, siendo uno de los esenciales el educativo, pues representa en muchas ocasiones el primer punto de contacto para el aprendizaje de un idioma, lengua o sistema de comunicaci\u00f3n.<\/p>\n\n\n\n<p class=\"wp-block-paragraph\">As\u00ed, propuso que las autoridades promuevan entre todos los integrantes de la comunidad educativa el aprendizaje de estos sistemas de comunicaci\u00f3n, a trav\u00e9s de programas de formaci\u00f3n, actualizaci\u00f3n y capacitaci\u00f3n dirigidos al personal que ejerza funciones docentes, directivos o de supervisi\u00f3n.&nbsp;<\/p>\n","protected":false},"excerpt":{"rendered":"<p>Presentar\u00e1 una iniciativa para incluir el aprendizaje de la Lengua de Se\u00f1as Mexicana y del Sistema Braille en los planes y programas de estudio<\/p>\n","protected":false},"author":3,"featured_media":27126,"comment_status":"open","ping_status":"open","sticky":false,"template":"","format":"standard","meta":{"_monsterinsights_skip_tracking":false,"footnotes":""},"categories":[692,50],"tags":[],"class_list":["post-32126","post","type-post","status-publish","format-standard","has-post-thumbnail","category-692","category-congreso"],"_links":{"self":[{"href":"https:\/\/redsemlac.com\/semmexico\/wp-json\/wp\/v2\/posts\/32126","targetHints":{"allow":["GET"]}}],"collection":[{"href":"https:\/\/redsemlac.com\/semmexico\/wp-json\/wp\/v2\/posts"}],"about":[{"href":"https:\/\/redsemlac.com\/semmexico\/wp-json\/wp\/v2\/types\/post"}],"author":[{"embeddable":true,"href":"https:\/\/redsemlac.com\/semmexico\/wp-json\/wp\/v2\/users\/3"}],"replies":[{"embeddable":true,"href":"https:\/\/redsemlac.com\/semmexico\/wp-json\/wp\/v2\/comments?post=32126"}],"version-history":[{"count":0,"href":"https:\/\/redsemlac.com\/semmexico\/wp-json\/wp\/v2\/posts\/32126\/revisions"}],"wp:featuredmedia":[{"embeddable":true,"href":"https:\/\/redsemlac.com\/semmexico\/wp-json\/wp\/v2\/media\/27126"}],"wp:attachment":[{"href":"https:\/\/redsemlac.com\/semmexico\/wp-json\/wp\/v2\/media?parent=32126"}],"wp:term":[{"taxonomy":"category","embeddable":true,"href":"https:\/\/redsemlac.com\/semmexico\/wp-json\/wp\/v2\/categories?post=32126"},{"taxonomy":"post_tag","embeddable":true,"href":"https:\/\/redsemlac.com\/semmexico\/wp-json\/wp\/v2\/tags?post=32126"}],"curies":[{"name":"wp","href":"https:\/\/api.w.org\/{rel}","templated":true}]}}