{"id":31960,"date":"2021-02-17T23:32:33","date_gmt":"2021-02-17T23:32:33","guid":{"rendered":"https:\/\/redsemlac.com\/semmexico\/?p=31960"},"modified":"2023-07-21T16:48:08","modified_gmt":"2023-07-21T21:48:08","slug":"vidas-que-se-truncaron-tras-las-cifras","status":"publish","type":"post","link":"https:\/\/redsemlac.com\/semmexico\/vidas-que-se-truncaron-tras-las-cifras\/","title":{"rendered":"Vidas que se truncaron | Tras las cifras"},"content":{"rendered":"\n<p class=\"wp-block-paragraph\"><strong>Por: Dulce Mar\u00eda Sauri Riancho<\/strong><\/p>\n\n\n\n<p class=\"has-text-align-right wp-block-paragraph\"><strong><em>A las y los 12,845 yucatecos fallecidos entre enero y agosto de 2020<\/em><\/strong><\/p>\n\n\n\n<p class=\"wp-block-paragraph\">SemM\u00e9xico. M\u00e9rida, Yucat\u00e1n. 17 de febrero 2021.- Entre enero y agosto del a\u00f1o pasado, el Inegi contabiliz\u00f3 m\u00e1s de 683,000 muertes (683,823), 184,039 decesos m\u00e1s que la cantidad estimada por dem\u00f3grafos y responsables de la salud p\u00fablica para ese periodo del a\u00f1o.<\/p>\n\n\n\n<p class=\"wp-block-paragraph\">Estas aterradoras cifras representan vidas que no deber\u00edan haberse extinguido, de no haberse presentado la pandemia del Covid-19. Dejo para otro momento la dolorosa pregunta sobre la inevitabilidad de esas p\u00e9rdidas, si pudimos hacer m\u00e1s para evitarlas, reaccionando a tiempo y coordinadamente. Tarde o temprano vendr\u00e1 la rendici\u00f3n de cuentas, ante la historia y ante los tribunales de la ciudadan\u00eda.<\/p>\n\n\n\n<p class=\"wp-block-paragraph\">Pero hoy quiero proponerles, amig@s lectores, una revisi\u00f3n de los datos consignados por la instituci\u00f3n responsable de elaborar estad\u00edsticas objetivas, imparciales, m\u00e1s all\u00e1 de cualquier inclinaci\u00f3n pol\u00edtica.<\/p>\n\n\n\n<p class=\"wp-block-paragraph\">Llamo su atenci\u00f3n que los registros de defunciones analizados incluyen los tres primeros meses del a\u00f1o pasado, buena parte de los cuales transcurrieron sin Covid, pues apenas el 18 de marzo se consign\u00f3 el primer deceso atribuido directamente al virus de la pandemia. Afortunadamente, desde hace varios a\u00f1os las estad\u00edsticas en general se consignan por g\u00e9nero pues, como en este caso, existen diferencias entre mujeres y hombres. La espiral ascendente de la muerte comenz\u00f3 en mayo, siendo julio cuando se registr\u00f3 el mayor n\u00famero de defunciones.<\/p>\n\n\n\n<p class=\"wp-block-paragraph\">A esas alturas del a\u00f1o, Covid-19 aparece como la segunda causa de muerte, desplazando a la diabetes que ocupaba tradicionalmente ese sitio. S\u00f3lo la superan las enfermedades del coraz\u00f3n. Pero cuando se distingue por sexo, fue la diabetes la causa n\u00famero dos de las defunciones de las mujeres, desplazando al tercer lugar a este maligno virus.<\/p>\n\n\n\n<p class=\"wp-block-paragraph\">Por razones a\u00fan poco explicadas, el Covid se ha ensa\u00f1ado m\u00e1s en los hombres, a grado tal que 66 de cada 100 personas muertas son de sexo masculino, y s\u00f3lo una tercera parte, femenino. Ambos sexos comparten a los tumores malignos como la cuarta causa de mortalidad en este periodo, pero las enfermedades del h\u00edgado (cirrosis) es la quinta para los hombres, en tanto que las cerebro-vasculares lo son para las mujeres.<\/p>\n\n\n\n<p class=\"wp-block-paragraph\">En la tabla general aparecen en 8\u00ba lugar las agresiones (homicidios), pero para los hombres, es la sexta, con 20,165 muertes violentas entre enero y agosto pasados, en tanto que no figura entre las 10 primeras causas de muerte entre las mujeres.<\/p>\n\n\n\n<p class=\"wp-block-paragraph\">La mortalidad \u201cen exceso\u201d se presenta tambi\u00e9n en otras causas. Por ejemplo, muri\u00f3 casi 40 por ciento (38.6%) m\u00e1s por enfermedades del coraz\u00f3n que las esperadas en el periodo enero-agosto. Algo semejante sucedi\u00f3 con la diabetes, casi 36 por ciento m\u00e1s y con la influenza y neumon\u00eda, con un aumento de 44 por ciento de defunciones por esa causa. Antes de octubre, estad\u00edsticos y epidemi\u00f3logos habr\u00e1n de revisar estos datos, pero podemos anticipar que este incremento desmedido puede deberse a una de dos situaciones: o un error en la clasificaci\u00f3n de la causa de muerte, o una deficiencia en la atenci\u00f3n de una enfermedad cr\u00f3nico-degenerativa, como son diabetes y cardiopat\u00edas.<\/p>\n\n\n\n<p class=\"wp-block-paragraph\">En el primer caso, los medios de comunicaci\u00f3n han consignado historias de contagiad@s de Covid que fallecieron en sus domicilios y que por \u201cfacilidad\u201d para su exhumaci\u00f3n (cremaci\u00f3n generalmente), se consigna otra causa de muerte en su certificado de defunci\u00f3n, la m\u00e1s socorrida puede ser el coraz\u00f3n.<\/p>\n\n\n\n<p class=\"wp-block-paragraph\">La otra posibilidad es a\u00fan m\u00e1s ominosa: que quienes acud\u00edan regularmente a sus controles al hospital o centro de salud por sus padecimientos: diab\u00e9ticos, hipertensos, insuficiencia renal, etc., esos que llamamos cr\u00f3nico-degenerativos, hayan decidido faltar a sus consultas ante el riesgo de contraer el virus, o que los hospitales reconvertidos para atender a los contagiados de Covid hayan dejado de recibir a los pacientes con otros padecimientos.<\/p>\n\n\n\n<p class=\"wp-block-paragraph\">El hecho es que muchas personas m\u00e1s que las esperadas murieron por estas causas que si hubiesen predominado las condiciones \u2014y las tendencias\u2014 de los a\u00f1os previos.<\/p>\n\n\n\n<p class=\"wp-block-paragraph\">Por el contrario, hubo un descenso de muertes por agresi\u00f3n entre enero y agosto del a\u00f1o pasado, Se esperaban 23,729 decesos y hubo 22,182. Posiblemente el confinamiento desde finales de marzo haya ayudado a disminuir, al menos temporalmente, los casos de muerte violenta en el pa\u00eds.<\/p>\n\n\n\n<p class=\"wp-block-paragraph\">La informaci\u00f3n brindada por el Inegi permite distinguir la mortalidad, de acuerdo al grupo de edad. Desde menores de 1 a\u00f1o, hasta 65 a\u00f1os y m\u00e1s, los 10 intervalos muestran las diferencias por edad y por sexo. El Covid-19 es la principal causa de muerte en las personas (hombres y mujeres) fallecidas de 35-44, 45-54 y 55-64 a\u00f1os. Sin embargo, el Covid es la primera causa para las mujeres de 45-54 a\u00f1os, y la segunda en los otros dos intervalos, en tanto que para los hombres es la primera en los tres.<\/p>\n\n\n\n<p class=\"wp-block-paragraph\">Las personas adultas mayores (65 a\u00f1os y m\u00e1s) registran Covid como tercera causa, por debajo de enfermedades del coraz\u00f3n y de la diabetes. Los homicidios son la primera causa de muerte entre mujeres y hombres de 15-24 a\u00f1os, en tanto que es la primera para los hombres de 25-34 a\u00f1os; esto es, la violencia cobra vidas que comienzan apenas a despegar sus talentos y habilidades, y otras tantas en plenitud, pero sobre todo, por voluntad de otro de cortarlas de tajo. La tabla de mortalidad registra a los accidentes como la principal causa para el grupo de 10-14 a\u00f1os (329 decesos), segunda para las ni\u00f1as (90 muertes) y primera para los ni\u00f1os (239 muertes).<\/p>\n\n\n\n<p class=\"wp-block-paragraph\">El an\u00e1lisis de estas cifras desde un enfoque de g\u00e9nero arrojar\u00e1 luces sobre la propensi\u00f3n de los ni\u00f1os a sufrir accidentes mortales sobre las ni\u00f1as de su misma edad.<\/p>\n\n\n\n<p class=\"wp-block-paragraph\">Mucho para la reflexi\u00f3n, pero tambi\u00e9n para reformular la estrategia de salud p\u00fablica en tiempos del Covid.<\/p>\n\n\n\n<p class=\"wp-block-paragraph\">P.D. El domingo 14 de febrero se cumplieron 30 a\u00f1os de haber tomado protesta como gobernadora interina de Yucat\u00e1n. Es mi mayor honor haber contribuido a la transformaci\u00f3n de esta tierra en el tiempo que me correspondi\u00f3 gobernarla.<\/p>\n","protected":false},"excerpt":{"rendered":"<p>A las y los 12,845 yucatecos fallecidos entre enero y agosto de 2020<\/p>\n","protected":false},"author":3,"featured_media":27587,"comment_status":"open","ping_status":"open","sticky":false,"template":"","format":"standard","meta":{"_monsterinsights_skip_tracking":false,"footnotes":""},"categories":[692,151,35],"tags":[],"class_list":["post-31960","post","type-post","status-publish","format-standard","has-post-thumbnail","category-692","category-dulce-maria-sauri-riancho","category-opinion"],"_links":{"self":[{"href":"https:\/\/redsemlac.com\/semmexico\/wp-json\/wp\/v2\/posts\/31960","targetHints":{"allow":["GET"]}}],"collection":[{"href":"https:\/\/redsemlac.com\/semmexico\/wp-json\/wp\/v2\/posts"}],"about":[{"href":"https:\/\/redsemlac.com\/semmexico\/wp-json\/wp\/v2\/types\/post"}],"author":[{"embeddable":true,"href":"https:\/\/redsemlac.com\/semmexico\/wp-json\/wp\/v2\/users\/3"}],"replies":[{"embeddable":true,"href":"https:\/\/redsemlac.com\/semmexico\/wp-json\/wp\/v2\/comments?post=31960"}],"version-history":[{"count":0,"href":"https:\/\/redsemlac.com\/semmexico\/wp-json\/wp\/v2\/posts\/31960\/revisions"}],"wp:featuredmedia":[{"embeddable":true,"href":"https:\/\/redsemlac.com\/semmexico\/wp-json\/wp\/v2\/media\/27587"}],"wp:attachment":[{"href":"https:\/\/redsemlac.com\/semmexico\/wp-json\/wp\/v2\/media?parent=31960"}],"wp:term":[{"taxonomy":"category","embeddable":true,"href":"https:\/\/redsemlac.com\/semmexico\/wp-json\/wp\/v2\/categories?post=31960"},{"taxonomy":"post_tag","embeddable":true,"href":"https:\/\/redsemlac.com\/semmexico\/wp-json\/wp\/v2\/tags?post=31960"}],"curies":[{"name":"wp","href":"https:\/\/api.w.org\/{rel}","templated":true}]}}