{"id":3196,"date":"2019-04-16T02:13:13","date_gmt":"2019-04-16T02:13:13","guid":{"rendered":"https:\/\/redsemlac.com\/semmexico\/?p=3196"},"modified":"2023-07-21T14:48:11","modified_gmt":"2023-07-21T19:48:11","slug":"las-reformas-tienen-como-proposito-prevenir-que-programas-dirigidos-a-ninas-ninos-y-adolescentes-no-tengan-recortes-presupuestales","status":"publish","type":"post","link":"https:\/\/redsemlac.com\/semmexico\/las-reformas-tienen-como-proposito-prevenir-que-programas-dirigidos-a-ninas-ninos-y-adolescentes-no-tengan-recortes-presupuestales\/","title":{"rendered":"Las reformas tienen como prop\u00f3sito prevenir que programas dirigidos a ni\u00f1as, ni\u00f1os y adolescentes no tengan recortes presupuestales."},"content":{"rendered":"\n<p class=\"wp-block-paragraph\"><a href=\"https:\/\/www.semmexico.com\/gallery-post.php?id=7900#\">Redacci\u00f3n<\/a><\/p>\n\n\n\n<p class=\"wp-block-paragraph\">SemM\u00e9xico. Cd. de M\u00e9xico. 16 de abril de 2019.- Piden evitar recortes presupuestales a programas dirigidos a ni\u00f1as, ni\u00f1os y adolescentes. Con el objetivo de garantizar el acceso a ni\u00f1as y ni\u00f1os a las estancias infantiles en el pa\u00eds, la senadora Mar\u00eda Guadalupe Salda\u00f1a Cisneros present\u00f3 un proyecto de decreto que reforma y adiciona diversas disposiciones de las leyes Generales de Desarrollo Social; de los Derechos de Ni\u00f1as, Ni\u00f1os y Adolescentes; de Prestaci\u00f3n de Servicios para la Atenci\u00f3n, Cuidado y Desarrollo Integral Infantil; y la Ley Federal de Presupuesto y Responsabilidad Hacendaria.<\/p>\n\n\n\n<p class=\"wp-block-paragraph\">Indic\u00f3 que las adecuaciones propuestas a la citada Ley tienen el prop\u00f3sito de que se mandate al Estado a prestar los servicios de estancias infantiles. Que cuando se haga a trav\u00e9s de terceros, estos reciban los recursos econ\u00f3micos necesarios para la prestaci\u00f3n de los mismos.<\/p>\n\n\n\n<p class=\"wp-block-paragraph\">La legisladora del PAN, explic\u00f3 que las reformas a la Ley Federal de Presupuesto y Responsabilidad Hacendaria, tienen como prop\u00f3sito prevenir que programas dirigidos a ni\u00f1as, ni\u00f1os y adolescentes no tengan recortes presupuestales, a menos que est\u00e9 debidamente justificado y as\u00ed, no quede sujeto a coyunturas del momento.<\/p>\n\n\n\n<p class=\"wp-block-paragraph\">Asever\u00f3 que las decisiones de dar recursos para el cuidado de los ni\u00f1os se manejaban hace 40 a\u00f1os. \u201cNo retrocedamos. Hemos trabajado mucho para que esto avance\u201d.<\/p>\n\n\n\n<p class=\"wp-block-paragraph\">Sab\u00edan ustedes, pregunt\u00f3, que el 90 por ciento de los accidentes de las y los ni\u00f1os suceden en casa. Las quemaduras ocurren en el hogar, porque alguien se le ocurre que pueden ser cuidados por el abuelo, un vecino, un t\u00edo, hermano mayor, que a veces tienen 9 o 10 a\u00f1os.<\/p>\n\n\n\n<p class=\"wp-block-paragraph\">Es f\u00e1cil pensar en un programa que reparte dinero. Eso es sencillo. Los invito a los que hoy tienen mayor\u00eda, a que hablen con el Presidente, que lo sensibilicen y le hablen de la magnitud del da\u00f1o que se le ha hecho a las ni\u00f1as y ni\u00f1os, agreg\u00f3 la senadora.<\/p>\n\n\n\n<p class=\"wp-block-paragraph\">\u201cTienen que hacer un programa integral nuevo. P\u00f3ngale otro nombre pero que sea algo sustentado, que nos ayude a atender a los menores que viven en las zonas m\u00e1s pobres. No los abandonemos\u201d, detall\u00f3.<\/p>\n\n\n\n<p class=\"wp-block-paragraph\">El documento establece que de acuerdo con informaci\u00f3n del Fondo de las Naciones Unidas para la Infancia, (UNICEF): \u201clos primeros cinco a\u00f1os son determinantes en la vida de todos los ni\u00f1os y ni\u00f1as, ya que durante ese periodo se sientan las bases de su desarrollo f\u00edsico, motor y socioemocional. Por ello, en esta etapa es fundamental garantizarles las mejores condiciones de salud, nutrici\u00f3n, protecci\u00f3n y cuidados para que tengan todo lo necesario para un buen comienzo\u201d.<\/p>\n\n\n\n<p class=\"wp-block-paragraph\">El proyecto de decreto fue turnado a las comisiones Unidas de Desarrollo y Bienestar Social y Estudios Legislativos.<\/p>\n","protected":false},"excerpt":{"rendered":"<p>Redacci\u00f3n SemM\u00e9xico. Cd. de M\u00e9xico. 16 de abril de 2019.- Piden evitar recortes presupuestales a programas dirigidos a ni\u00f1as, ni\u00f1os y adolescentes. Con el objetivo de garantizar el acceso a ni\u00f1as y ni\u00f1os a las estancias infantiles en el pa\u00eds, la senadora Mar\u00eda Guadalupe Salda\u00f1a Cisneros present\u00f3 un proyecto de decreto que reforma y adiciona [&hellip;]<\/p>\n","protected":false},"author":3,"featured_media":3197,"comment_status":"open","ping_status":"open","sticky":false,"template":"","format":"standard","meta":{"_monsterinsights_skip_tracking":false,"footnotes":""},"categories":[690,50],"tags":[],"class_list":["post-3196","post","type-post","status-publish","format-standard","has-post-thumbnail","category-690","category-congreso"],"_links":{"self":[{"href":"https:\/\/redsemlac.com\/semmexico\/wp-json\/wp\/v2\/posts\/3196","targetHints":{"allow":["GET"]}}],"collection":[{"href":"https:\/\/redsemlac.com\/semmexico\/wp-json\/wp\/v2\/posts"}],"about":[{"href":"https:\/\/redsemlac.com\/semmexico\/wp-json\/wp\/v2\/types\/post"}],"author":[{"embeddable":true,"href":"https:\/\/redsemlac.com\/semmexico\/wp-json\/wp\/v2\/users\/3"}],"replies":[{"embeddable":true,"href":"https:\/\/redsemlac.com\/semmexico\/wp-json\/wp\/v2\/comments?post=3196"}],"version-history":[{"count":0,"href":"https:\/\/redsemlac.com\/semmexico\/wp-json\/wp\/v2\/posts\/3196\/revisions"}],"wp:featuredmedia":[{"embeddable":true,"href":"https:\/\/redsemlac.com\/semmexico\/wp-json\/wp\/v2\/media\/3197"}],"wp:attachment":[{"href":"https:\/\/redsemlac.com\/semmexico\/wp-json\/wp\/v2\/media?parent=3196"}],"wp:term":[{"taxonomy":"category","embeddable":true,"href":"https:\/\/redsemlac.com\/semmexico\/wp-json\/wp\/v2\/categories?post=3196"},{"taxonomy":"post_tag","embeddable":true,"href":"https:\/\/redsemlac.com\/semmexico\/wp-json\/wp\/v2\/tags?post=3196"}],"curies":[{"name":"wp","href":"https:\/\/api.w.org\/{rel}","templated":true}]}}