{"id":31934,"date":"2021-02-17T19:56:57","date_gmt":"2021-02-17T19:56:57","guid":{"rendered":"https:\/\/redsemlac.com\/semmexico\/?p=31934"},"modified":"2023-07-21T16:48:08","modified_gmt":"2023-07-21T21:48:08","slug":"susana-baez-voz-de-sororidad-desde-la-frontera","status":"publish","type":"post","link":"https:\/\/redsemlac.com\/semmexico\/susana-baez-voz-de-sororidad-desde-la-frontera\/","title":{"rendered":"Susana B\u00e1ez. Voz de sororidad desde la frontera"},"content":{"rendered":"\n<h2 class=\"wp-block-heading\">Bellas y Airosas<\/h2>\n\n\n\n<p class=\"wp-block-paragraph\"><strong>Elvira Hern\u00e1ndez Carballido<\/strong><\/p>\n\n\n\n<p class=\"wp-block-paragraph\"><br>SemM\u00e9xico. Pachuca, Hidalgo. 17 de febrero 2021.- La conoc\u00ed en 1991, en la Especialidad de Estudios de la Mujer, en El Colegio de M\u00e9xico. Por primera vez se abr\u00eda un espacio para leer y discutir desde una postura feminista. Recuerdo que el d\u00eda de la entrevista, esperaba mi turno y escucha perfectamente a la compa\u00f1era que estaba siendo interrogada. Hablaba con pasi\u00f3n, muy entusiasmada. Al salir, sonr\u00edo amigable. Me gust\u00f3 su andar de mujer embarazada, con ese vientre enorme y ese andar cansado, pero altivo.<br>El primer d\u00eda de clases, al presentarnos una por una las nuevas alumnas, de inmediato hizo referencia a su parto y a esa nueva experiencia de saberse madre. Me dio gusto reconocerla y saber que igual que yo tambi\u00e9n hab\u00eda entrado a ese programa encabezado por la inolvidable Elena Urrutia y donde tuvimos el gozo de tener brillas profesoras como Alicia Elena P\u00e9rez Duarte, Graciela Hierro, Marcela Lagarde y Esperanza Tu\u00f1\u00f3n, entre muchas m\u00e1s.&nbsp; Adem\u00e1s, el grupo fue muy unido, as\u00ed como de plural y diverso.&nbsp;<\/p>\n\n\n\n<p class=\"wp-block-paragraph\">Cada una con su especialidad y con sus temas, fiel a sus pasiones y respetuosa de nuestras diferencias. Desde entonces Susana era una apasionada de la literatura, sobre todo de las obras de las escritoras mexicanas y extranjeras. Desde ese tiempo fue definitiva en su vida nuestra maestra Aralia L\u00f3pez.<\/p>\n\n\n\n<p class=\"wp-block-paragraph\">Durante un a\u00f1os y medio coincid\u00edamos en muchas cosas, a veces com\u00edamos al salir de clase, siempre admir\u00e9 esa pasi\u00f3n al exponer o al compartir alguna lectura. Y fue muy gracioso que ella entr\u00f3 embrazada al curso y al concluirlo ahora yo esperaba a mi primer hijo.<\/p>\n\n\n\n<p class=\"wp-block-paragraph\">Hoy Susana B\u00e1ez Ayala es profesora investigadora en la Universidad Aut\u00f3noma de Ciudad Ju\u00e1rez donde ha desbordado generosamente todo lo aprendido en esa especialidad. Una hermosa herencia que nos dej\u00f3 Elena Urrutia y cada una de las profesoras que nos formaron. Por eso, siempre que veo un evento sobre mujeres, feminismo y g\u00e9nero organizado en ese territorio al norte de nuestro pa\u00eds, s\u00e9 que Susana tiene mucho que ver. As\u00ed, admir\u00e9 su alianza con Patricia Ravelo en las \u201cAcciones colectivas en contra de la violencia hacia las mujeres en Ciudad Ju\u00e1rez\u201d. Nunca olvido cuando fui a esa ciudad de Chihuahua tan marcada por el dolor y la impotencia. Iba en su coche, una noche sin estrellas ni luna y me dec\u00eda: \u201cMira, Elvira, mira mi ciudad, es una ciudad muerta, sin luz, sin gente, sin nosotras\u201d. Pero su fuerza siempre ha sido m\u00e1s fuerte que ese dolor, no deja de investigar, de escribir, de dar voz a las mujeres, de abrir espacios para reflexionar, para denunciar.<\/p>\n\n\n\n<p class=\"wp-block-paragraph\">Gracias a ella, asegur\u00f3 con todo orgullo, aunque tambi\u00e9n de otras aliadas, existe una Maestr\u00eda en Estudios Interdisciplinarios de G\u00e9nero, la cual coordin\u00f3 de 2013 a 2018. En cada actividad o espacio donde se haga referencia a las mujeres, Susana est\u00e1 presente, como responsable, como creadora, como aliada.<\/p>\n\n\n\n<p class=\"wp-block-paragraph\">De todas las actividades que realiza, me acabo de unir a una que organiz\u00f3 este 2021 con Selfa Chew. Empezaron con mesas redondas con escritoras de la entidad y ahora tienen un coloquio internacional llamado \u201cPoder, G\u00e9nero y Literatura\u201d. Susana asegur\u00f3 que organizarlo es un ejemplo de la certeza de que \u201clos c\u00f3digos culturales articulados por los sistemas de poder patriarcales han afectado los procesos de creaci\u00f3n, publicaci\u00f3n y cr\u00edtica de obras literarias, subordin\u00e1ndolos a l\u00f3gicas y econom\u00edas sexistas a las que con frecuencia responden contestatariamente los quehaceres feministas literarios\u201d. Fue as\u00ed como durante los d\u00edas 11 y 12 de febrero se llev\u00f3 a cabo y fue organizado por la Universidad Aut\u00f3noma de Ciudad Ju\u00e1rez y la Universidad del Paso Texas.<\/p>\n\n\n\n<p class=\"wp-block-paragraph\">Cuando toc\u00f3 mi turno dentro de ese evento -realizado de lejos como nos obligan estas medidas sanitarias- fue muy grato verla de cerca a trav\u00e9s de la computadora porque pese a todo se siente siempre la verdadera sororidad. Ah\u00ed estaba ella, la misma voz apasionada, la misma entrega, el mismo cari\u00f1o de siempre. Cu\u00e1nto trabajo y qu\u00e9 grandes resultados ha logrado en la Universidad Aut\u00f3noma de Ciudad Ju\u00e1rez. Libros donde no solamente aborda cuestiones te\u00f3ricas, tambi\u00e9n ha mostrado su lado literario, su sensibilidad para empezar a escribir teatro. Fue as\u00ed como apareci\u00f3 \u201cVoces femeninas de la dramaturgia de fronteras\u201d, textos que<br>representan el resultado de otra lucha, tener un taller exclusivo para escritoras de la regi\u00f3n, donde ellas pudieran sentirse a gusto, en confianza, libres.<\/p>\n\n\n\n<p class=\"wp-block-paragraph\">Sin duda, Susana B\u00e1ez representa esa herencia maravillosa que cada profesora nos dio generosamente en cada clase del Programa Interdisciplinario de Estudios de la Mujer. En todo espacio, se deben abrir ventanas y puertas para todas las mujeres, debe latir el feminismo, usar esos lentes con perspectiva de g\u00e9nero.&nbsp; Ella lo ha llevado a cabo con todo compromiso.&nbsp; Me veo en su espejo y evoco cada ense\u00f1anza, cada pasi\u00f3n y cada reflexi\u00f3n, que nunca se queden en<br>nosotras, se deben compartir, tejer redes, demostrar con hechos esa gozosa sororidad. Susana B\u00e1ez, lo hace cada d\u00eda en la Universidad Aut\u00f3noma de Ciudad Ju\u00e1rez. Solidaria como ella sola, este evento celebrado en su instituci\u00f3n fue tambi\u00e9n un homenaje en honor a la poeta, su tocaya, Susana Ch\u00e1vez Castillo. Cuando me prest\u00f3 textos de ella, lo primero que me coment\u00f3 fue la manera en que esta sensible y fuerte mujer tatu\u00f3 en nuestras almas esa frase de \u201cni una menos, ni una muerta m\u00e1s. Ch\u00e1vez fue asesinada en 2011, una mujer sensible que siempre expres\u00f3 su dolor, pero tambi\u00e9n su coraje y lucha ante los feminicidios en M\u00e9xico, pero principalmente en la tierra donde naci\u00f3, pero donde tambi\u00e9n le arrebataron la vida, pero jam\u00e1s la voz:<\/p>\n\n\n\n<p class=\"has-text-align-center wp-block-paragraph\"><em>Sangre m\u00eda, de alba, de luna partida, del silencio.<\/em><\/p>\n\n\n\n<p class=\"has-text-align-center wp-block-paragraph\"><em>De roca muerta, de mujer en cama, saltando al vac\u00edo,<\/em><\/p>\n\n\n\n<p class=\"has-text-align-center wp-block-paragraph\"><em>Abierta a la locura.<\/em><\/p>\n\n\n\n<p class=\"has-text-align-center wp-block-paragraph\"><em>Sangre clara y definida, f\u00e9rtil y semilla. Sangre incomprensible gira,<\/em><\/p>\n\n\n\n<p class=\"has-text-align-center wp-block-paragraph\"><em>Sangre liberaci\u00f3n de s\u00ed misma. Sangre r\u00edo de mis cantos,<\/em><\/p>\n\n\n\n<p class=\"has-text-align-center wp-block-paragraph\"><em>Mar de mis abismos.<\/em><\/p>\n\n\n\n<p class=\"has-text-align-center wp-block-paragraph\"><em>Sangre instante donde nazco adolorida.<\/em><\/p>\n\n\n\n<p class=\"has-text-align-center wp-block-paragraph\"><em>Nutrida de mi \u00faltima presencia.<\/em><\/p>\n\n\n\n<p class=\"wp-block-paragraph\">Por eso, es importante que una investigadora, maestra, feminista y amiga como Susana B\u00e1ez siga trabajando con tanto compromiso para dar voz a las mujeres que est\u00e1n en la frontera, tan cerca de Estados Unidos y tan lejos todav\u00eda de una vida sin violencia.&nbsp; Pero cuando palpas la fuerza de una voz y la pasi\u00f3n de una convicci\u00f3n, no queda duda que el norte tendr\u00e1 que colindar con la justicia.<\/p>\n","protected":false},"excerpt":{"rendered":"<p>Bellas y Airosas<\/p>\n","protected":false},"author":3,"featured_media":31337,"comment_status":"open","ping_status":"open","sticky":false,"template":"","format":"standard","meta":{"_monsterinsights_skip_tracking":false,"footnotes":""},"categories":[692,201,202,35],"tags":[],"class_list":["post-31934","post","type-post","status-publish","format-standard","has-post-thumbnail","category-692","category-bellas-y-airosas","category-elvira-hernandez-carballido","category-opinion"],"_links":{"self":[{"href":"https:\/\/redsemlac.com\/semmexico\/wp-json\/wp\/v2\/posts\/31934","targetHints":{"allow":["GET"]}}],"collection":[{"href":"https:\/\/redsemlac.com\/semmexico\/wp-json\/wp\/v2\/posts"}],"about":[{"href":"https:\/\/redsemlac.com\/semmexico\/wp-json\/wp\/v2\/types\/post"}],"author":[{"embeddable":true,"href":"https:\/\/redsemlac.com\/semmexico\/wp-json\/wp\/v2\/users\/3"}],"replies":[{"embeddable":true,"href":"https:\/\/redsemlac.com\/semmexico\/wp-json\/wp\/v2\/comments?post=31934"}],"version-history":[{"count":0,"href":"https:\/\/redsemlac.com\/semmexico\/wp-json\/wp\/v2\/posts\/31934\/revisions"}],"wp:featuredmedia":[{"embeddable":true,"href":"https:\/\/redsemlac.com\/semmexico\/wp-json\/wp\/v2\/media\/31337"}],"wp:attachment":[{"href":"https:\/\/redsemlac.com\/semmexico\/wp-json\/wp\/v2\/media?parent=31934"}],"wp:term":[{"taxonomy":"category","embeddable":true,"href":"https:\/\/redsemlac.com\/semmexico\/wp-json\/wp\/v2\/categories?post=31934"},{"taxonomy":"post_tag","embeddable":true,"href":"https:\/\/redsemlac.com\/semmexico\/wp-json\/wp\/v2\/tags?post=31934"}],"curies":[{"name":"wp","href":"https:\/\/api.w.org\/{rel}","templated":true}]}}