{"id":31822,"date":"2021-02-15T10:03:00","date_gmt":"2021-02-15T10:03:00","guid":{"rendered":"https:\/\/redsemlac.com\/semmexico\/?p=31822"},"modified":"2023-07-21T16:48:11","modified_gmt":"2023-07-21T21:48:11","slug":"urge-ratificar-la-convencion-interamericana-de-proteccion-a-los-derechos-humanos-de-las-personas-mayores-donde-mexico-es-omiso","status":"publish","type":"post","link":"https:\/\/redsemlac.com\/semmexico\/urge-ratificar-la-convencion-interamericana-de-proteccion-a-los-derechos-humanos-de-las-personas-mayores-donde-mexico-es-omiso\/","title":{"rendered":"Urge ratificar la Convenci\u00f3n Interamericana de Protecci\u00f3n a los Derechos Humanos de las Personas Mayores, donde M\u00e9xico es omiso"},"content":{"rendered":"\n<ul class=\"wp-block-list\"><li><strong>La violencia contra las mujeres mayores agudizada en la pandemia, do\u00f1a Lorenza y m\u00e1s<\/strong><\/li><li><strong>Insuficientes los apoyos econ\u00f3micos se requieren pol\u00edticas p\u00fablicas adaptadas a las necesidades de las personas mayores.<\/strong><\/li><\/ul>\n\n\n\n<p class=\"wp-block-paragraph\">Elda Montiel<\/p>\n\n\n\n<p class=\"wp-block-paragraph\">SemM\u00e9xico. Cd. de M\u00e9xico. 15 de febrero 2021.- Que grave, que el caso de la se\u00f1ora Lorenza Reyes de 93 a\u00f1os, maltratada por su hijo y que se denunci\u00f3 por un video en redes sociales, captado por los vecinos, haya sido el detonante para que se den cuenta de la violencia que a diario sufrimos las mujeres personas mayores.<\/p>\n\n\n\n<p class=\"wp-block-paragraph\">Expresa \u00c1ngeles Fuentes Vera, la activista de los derechos humanos de 78 a\u00f1os de edad y con m\u00e1s de 40 a\u00f1os de lucha social en la zona de los pedregales del Ajusco, quien se\u00f1ala que la violencia a las personas mayores es un com\u00fan denominador que se vive a diario y se queda en el entorno familiar en un c\u00edrculo de terror.<\/p>\n\n\n\n<p class=\"wp-block-paragraph\">Las personas mayores en esta zona de los pedregales, y en esta ciudad hemos sido invisibilidades, discriminadas, violentadas y despojadas de nuestro patrimonio incluso por nuestros familiares, abunda.<\/p>\n\n\n\n<p class=\"wp-block-paragraph\">En esta pandemia las personas mayores en esta ciudad, y en esta zona hemos llevado la peor parte. Vivimos en una localidad donde los terrenos son grandes, donde viven hasta 5 o 6 familias y la abuela es la que se encarga de atender tanto a nietos como bisnietos porque todo mundo sale a trabajar.<\/p>\n\n\n\n<p class=\"wp-block-paragraph\">Por otra parte, tambi\u00e9n hay personas mayores que no tienen sustento para vivir y salen a buscar el sustento diario con riesgo de contagiarse.<\/p>\n\n\n\n<p class=\"wp-block-paragraph\">Est\u00e1 convencida que no se puede dejar toda la responsabilidad a las familias, es una responsabilidad del Estado Mexicano.<\/p>\n\n\n\n<p class=\"wp-block-paragraph\">Muchas veces abandonan a las personas mayores en los parques, en las iglesias, en la v\u00eda p\u00fablica, porque se quieren quedar con su patrimonio.<\/p>\n\n\n\n<p class=\"wp-block-paragraph\">\u00c1ngeles Fuentes Vera celebra que la denuncia en el caso de Lorenza Reyes, que fue una cuesti\u00f3n de organizaci\u00f3n vecinal de Tlalpan, haya tenido \u00e9xito, ya que por lo general las autoridades de procuraci\u00f3n de justicia quieren que la denuncia la haga alg\u00fan familiar, cuando son \u00e9stos los que no s\u00f3lo maltratan a sus progenitores, sino que los abandonan en v\u00eda p\u00fablica generalmente para despojarlos de su patrimonio.<\/p>\n\n\n\n<p class=\"wp-block-paragraph\">Detalla, &nbsp;que el hijo o la hija llevan a alg\u00fan parque o iglesia a su padre o madre y les dicen \u2013esp\u00e9rame aqu\u00ed 10 minutos y pasan 10 a\u00f1os y no regresan por ellos -. &nbsp;<\/p>\n\n\n\n<p class=\"wp-block-paragraph\">\u201cLa persona mayor se integra a la poblaci\u00f3n de calle en las peores situaciones para su salud, su persona, porque ya perdieron la br\u00fajula. Ni siquiera saben porque est\u00e1n en la calle\u201d.<\/p>\n\n\n\n<p class=\"wp-block-paragraph\">Tambi\u00e9n en esta pandemia las personas mayores, sobre todo las mujeres, hemos sido motivo de violencia por parte de nuestra familia, hay un estado de nerviosismo en la gente por falta de trabajo, falta de actividades, y se genera una cierta sicosis al interior de las familias donde las personas mayores son violentadas.<\/p>\n\n\n\n<p class=\"wp-block-paragraph\">Tambi\u00e9n est\u00e1 el miedo a enfermarnos a que si nos llevan a un hospital hay riesgo a morir, sin los rituales correspondientes a los que est\u00e1bamos acostumbrados, desgraciadamente las instituciones que daban cobijo a nuestras demandas est\u00e1n ahorita cerradas tanto privadas como p\u00fablicas.<\/p>\n\n\n\n<p class=\"wp-block-paragraph\">La protecci\u00f3n de las personas mayores no podemos dejarla en manos de la familia es responsabilidad del Estado, asegura Fuentes Vera, ya que en el caso de la se\u00f1ora Lorenza Reyes los familiares no quisieron presentar denuncia.<\/p>\n\n\n\n<p class=\"wp-block-paragraph\">Al respecto, indica que ella ha acompa\u00f1ado a personas a la Fiscal\u00eda de la Ciudad de M\u00e9xico a presentar la denuncia por maltrato a personas mayores, pero ya ah\u00ed se arrepienten porque van a meter a sus hijas o hijos a la c\u00e1rcel y tambi\u00e9n por el temor a la reacci\u00f3n de otros familiares.<\/p>\n\n\n\n<p class=\"wp-block-paragraph\">Cabe se\u00f1alar que \u00c1ngeles Fuentes Vera es la presidenta del Comit\u00e9 de Derechos Humanos del Ajusco A.C., integrante de la Asamblea del Consejo para Prevenir y Eliminar la Discriminaci\u00f3n de la Ciudad de M\u00e9xico (COPRED), desde 2015, y miembro del Comit\u00e9 Intersectorial M\u00e9xico por la Convenci\u00f3n de los Derechos Humanos de las Personas Mayores.<\/p>\n\n\n\n<p class=\"wp-block-paragraph\">En este sentido, dijo, es importante que nosotros retomemos los art\u00edculos de la Constituci\u00f3n, de la Constituci\u00f3n de la Ciudad de M\u00e9xico, y tambi\u00e9n la Convenci\u00f3n Interamericana para Proteger los Derechos Humanos de las personas mayores, que fue declarada el 15 de junio de 2015, en la OEA y que desgraciadamente M\u00e9xico firma, pero no ratifica.<\/p>\n\n\n\n<p class=\"wp-block-paragraph\">Considera, Fuentes Vera, que es contradictorio que en M\u00e9xico tenemos actualmente una gerontocracia en el poder que no ha querido ratificar la Convenci\u00f3n Interamericana para proteger los Derechos de las Personas Mayores, que es un instrumento jur\u00eddico internacional vinculante, que nuestro pa\u00eds tiene trabado a pesar de que la gente del poder ejecutivo son personas mayores, nuestro presidente, la Secretar\u00eda de Gobernaci\u00f3n, no ha habido voluntad pol\u00edtica para firmar y ratificar esta Convenci\u00f3n.<\/p>\n\n\n\n<p class=\"wp-block-paragraph\">Esta Convenci\u00f3n se\u00f1ala claramente en el Art\u00edculo 6\u00ba el derecho a vivir con dignidad la vejez, y con cuidados paliativos, es decir, cuando ya estas postrada o imposibilitada con deterioro cognitivo.<\/p>\n\n\n\n<p class=\"wp-block-paragraph\">Reconoci\u00f3 que hay apoyos de tipo econ\u00f3mico que son insuficientes y necesitamos completar con pol\u00edticas p\u00fablicas adecuadas de acuerdo a las problem\u00e1ticas de las Personas Mayores.<\/p>\n\n\n\n<p class=\"wp-block-paragraph\">Propone: \u201cRetomemos los derechos humanos de la Constituci\u00f3n pol\u00edtica; de igualdad y no discriminaci\u00f3n; derecho de autonom\u00eda e independencia; a un trabajo digno, a cuidados de largo plazo, a respeto a nuestras propiedades y el derecho a participar para hacer efectivos nuestros derechos.<\/p>\n\n\n\n<p class=\"wp-block-paragraph\">En el momento en que asumamos nuestros derechos desde el polic\u00eda hasta el Jefe del Ejecutivo, en nuestro edificio, casa, colonia, se ir\u00e1 concientizando a las personas mayores para hacer efectivos nuestros derechos, que ahorita est\u00e1n invisibilizados.<\/p>\n\n\n\n<p class=\"wp-block-paragraph\">Las personas mayores tenemos derechos y exigimos la mayor protecci\u00f3n a nuestros derechos humanos, se\u00f1al\u00f3 contundente.<\/p>\n\n\n\n<p class=\"wp-block-paragraph\">Agreg\u00f3 que se puede denunciar maltrato a personas mayores directamente a los tel\u00e9fonos de la Secretaria de Inclusi\u00f3n y Bienestar, Almudena Ocejo, 55 55 12 13 51 o al tel\u00e9fono de la titular del Instituto Para el Envejecimiento Digno (INED) cuya titular es Beatriz Garc\u00eda Cruz 55 5510 96 97. &nbsp;&nbsp;&nbsp;&nbsp;&nbsp;&nbsp;&nbsp;&nbsp;&nbsp;&nbsp;&nbsp;&nbsp;&nbsp;&nbsp;&nbsp;&nbsp;&nbsp;&nbsp;&nbsp;&nbsp;&nbsp;&nbsp;<\/p>\n","protected":false},"excerpt":{"rendered":"<p>La violencia contra las mujeres mayores agudizada en la pandemia, do\u00f1a Lorenza y m\u00e1s<\/p>\n","protected":false},"author":3,"featured_media":31823,"comment_status":"open","ping_status":"open","sticky":false,"template":"","format":"standard","meta":{"_monsterinsights_skip_tracking":false,"footnotes":""},"categories":[692,54],"tags":[],"class_list":["post-31822","post","type-post","status-publish","format-standard","has-post-thumbnail","category-692","category-mujeres"],"_links":{"self":[{"href":"https:\/\/redsemlac.com\/semmexico\/wp-json\/wp\/v2\/posts\/31822","targetHints":{"allow":["GET"]}}],"collection":[{"href":"https:\/\/redsemlac.com\/semmexico\/wp-json\/wp\/v2\/posts"}],"about":[{"href":"https:\/\/redsemlac.com\/semmexico\/wp-json\/wp\/v2\/types\/post"}],"author":[{"embeddable":true,"href":"https:\/\/redsemlac.com\/semmexico\/wp-json\/wp\/v2\/users\/3"}],"replies":[{"embeddable":true,"href":"https:\/\/redsemlac.com\/semmexico\/wp-json\/wp\/v2\/comments?post=31822"}],"version-history":[{"count":0,"href":"https:\/\/redsemlac.com\/semmexico\/wp-json\/wp\/v2\/posts\/31822\/revisions"}],"wp:featuredmedia":[{"embeddable":true,"href":"https:\/\/redsemlac.com\/semmexico\/wp-json\/wp\/v2\/media\/31823"}],"wp:attachment":[{"href":"https:\/\/redsemlac.com\/semmexico\/wp-json\/wp\/v2\/media?parent=31822"}],"wp:term":[{"taxonomy":"category","embeddable":true,"href":"https:\/\/redsemlac.com\/semmexico\/wp-json\/wp\/v2\/categories?post=31822"},{"taxonomy":"post_tag","embeddable":true,"href":"https:\/\/redsemlac.com\/semmexico\/wp-json\/wp\/v2\/tags?post=31822"}],"curies":[{"name":"wp","href":"https:\/\/api.w.org\/{rel}","templated":true}]}}