{"id":31810,"date":"2021-02-13T22:14:58","date_gmt":"2021-02-13T22:14:58","guid":{"rendered":"https:\/\/redsemlac.com\/semmexico\/?p=31810"},"modified":"2023-07-21T16:48:11","modified_gmt":"2023-07-21T21:48:11","slug":"anuncian-codiciado-premio-latinoamericano-para-academica-mexicana-dra-aurora-teran-fuentes","status":"publish","type":"post","link":"https:\/\/redsemlac.com\/semmexico\/anuncian-codiciado-premio-latinoamericano-para-academica-mexicana-dra-aurora-teran-fuentes\/","title":{"rendered":"Anuncian codiciado Premio Latinoamericano para acad\u00e9mica mexicana Dra. Aurora Ter\u00e1n Fuentes"},"content":{"rendered":"\n<p class=\"wp-block-paragraph\"><strong>Roberto Gonz\u00e1lez Short<\/strong><\/p>\n\n\n\n<p class=\"wp-block-paragraph\">SemM\u00e9xico. SANTIAGO CHILE. 13 de febrero 2021.- El mundo acad\u00e9mico mexicano a nivel nacional se sentir\u00e1 m\u00e1s que honrado con el anuncio hecho la tarde de este martes en Santiago de Chile, cuando el director general de Prensam\u00e9rica Roberto Gonz\u00e1lez Short mencion\u00f3 el nombre de la Dra. Aurora Ter\u00e1n Fuentes como la ganadora del Premio Latinoamericano Dr. Zenobio Saldivia 2021 en la categor\u00eda \u2018Grandes acad\u00e9micos\u00b4. Este reconocimiento internacional lo recibir\u00e1 en el Teatro Hidalgo en una fecha por anunciar.<\/p>\n\n\n\n<div class=\"wp-block-image\"><figure class=\"alignright size-large is-resized\"><a href=\"https:\/\/redsemlac.com\/semmexico\/wp-content\/uploads\/2021\/02\/Aurora-teran-1.jpeg\"><img loading=\"lazy\" decoding=\"async\" src=\"https:\/\/redsemlac.com\/semmexico\/wp-content\/uploads\/2021\/02\/Aurora-teran-1.jpeg\" alt=\"\" class=\"wp-image-31811\" width=\"295\" height=\"399\"\/><\/a><\/figure><\/div>\n\n\n\n<p class=\"wp-block-paragraph\">La mexicana nacida en Torre\u00f3n Coahuila, el s\u00e1bado 26 de diciembre de 1970, posee un Doctorado en Historia en la Unidad Acad\u00e9mica de Historia de la Universidad Aut\u00f3noma de Zacatecas, cuenta tambi\u00e9n con una Maestr\u00eda en Humanidades-Historia. Facultad de Humanidades tambi\u00e9n de la Universidad Aut\u00f3noma de Zacatecas. Esta profesional desde 2010 a la fecha se desempe\u00f1a como profesora-investigadora de tiempo completo dictaminado por la Universidad Pedag\u00f3gica Nacional, Unidad 011, desde 2017 a la fecha asume la coordinaci\u00f3n editorial de la Universidad Pedag\u00f3gica Nacional, Unidad 011.<\/p>\n\n\n\n<p class=\"wp-block-paragraph\">Este premio latinoamericano ya se ha entregado en Costa Rica (2016), Ecuador (2018) y ahora y este 2021 en M\u00e9xico.<\/p>\n\n\n\n<p class=\"wp-block-paragraph\">\u00abMuchos pero muchos son los atestados acad\u00e9micos que cuenta la Dra. Aurora Ter\u00e1n Fuentes, postulada hace algunos meses por el directorio nacional de Prensam\u00e9rica M\u00e9xico a este galard\u00f3n internacional, para todos quienes participamos en el Holding Prensam\u00e9rica ser\u00e1 un grato honor, un alt\u00edsimo orgullo el poder premiar a esta acad\u00e9mica mexicana este a\u00f1o 2021 en el Teatro Hidalgo all\u00e1 en Colima\u00bb, coment\u00f3 Gonz\u00e1lez Short a medios y portales de noticias desde Santiago.<\/p>\n\n\n\n<p class=\"wp-block-paragraph\">Por su parte desde Colima, el director nacional de Prensam\u00e9rica M\u00e9xico\u00a9, Roberto God\u00ednez Soto, indic\u00f3 que \u00abestamos felices los mexicanos por este alt\u00edsimo reconocimiento a la persona de la Dra. Aurora Ter\u00e1n, quien es una gran acad\u00e9mica en los niveles de licenciatura, maestr\u00eda y doctorado. Su amplia trayectoria como productora del conocimiento al tener en su haber varias publicaciones de libros y escritos en revistas, todos ellos dentro del \u00e1mbito acad\u00e9mico, aunado a su trayectoria como conferencista. Un gran orgullo de que sea uno de los grandes pilares que tiene la escuela formadora de docentes, la Universidad Pedag\u00f3gica Nacional\u00bb, coment\u00f3 God\u00ednez desde M\u00e9xico.<\/p>\n\n\n\n<p class=\"wp-block-paragraph\"><strong>CAMBIO DE PARADIGMAS<\/strong><\/p>\n\n\n\n<p class=\"wp-block-paragraph\">Este premio latinoamericano ya se ha entregado en Costa Rica (2016), Ecuador (2018) y ahora ser\u00e1 en M\u00e9xico, por lo que en las siguientes semanas otros nombres de personas de Argentina, M\u00e9xico, Chile y de estados mexicanos ser\u00e1n anunciados en categor\u00edas distintas que este galard\u00f3n abriga, seg\u00fan lo subray\u00f3 Gonz\u00e1lez Short.&nbsp;&nbsp;<\/p>\n","protected":false},"excerpt":{"rendered":"<p>La Dra. Aurora Ter\u00e1n Fuentes es  la ganadora del Premio Latinoamericano Dr. Zenobio Saldivia 2021 en la categor\u00eda \u2018Grandes acad\u00e9micos\u00b4. Este reconocimiento internacional lo recibir\u00e1 en el Teatro Hidalgo en una fecha por anunciar.<\/p>\n","protected":false},"author":3,"featured_media":31812,"comment_status":"open","ping_status":"open","sticky":false,"template":"","format":"standard","meta":{"_monsterinsights_skip_tracking":false,"footnotes":""},"categories":[692,55],"tags":[],"class_list":["post-31810","post","type-post","status-publish","format-standard","has-post-thumbnail","category-692","category-periodistas"],"_links":{"self":[{"href":"https:\/\/redsemlac.com\/semmexico\/wp-json\/wp\/v2\/posts\/31810","targetHints":{"allow":["GET"]}}],"collection":[{"href":"https:\/\/redsemlac.com\/semmexico\/wp-json\/wp\/v2\/posts"}],"about":[{"href":"https:\/\/redsemlac.com\/semmexico\/wp-json\/wp\/v2\/types\/post"}],"author":[{"embeddable":true,"href":"https:\/\/redsemlac.com\/semmexico\/wp-json\/wp\/v2\/users\/3"}],"replies":[{"embeddable":true,"href":"https:\/\/redsemlac.com\/semmexico\/wp-json\/wp\/v2\/comments?post=31810"}],"version-history":[{"count":0,"href":"https:\/\/redsemlac.com\/semmexico\/wp-json\/wp\/v2\/posts\/31810\/revisions"}],"wp:featuredmedia":[{"embeddable":true,"href":"https:\/\/redsemlac.com\/semmexico\/wp-json\/wp\/v2\/media\/31812"}],"wp:attachment":[{"href":"https:\/\/redsemlac.com\/semmexico\/wp-json\/wp\/v2\/media?parent=31810"}],"wp:term":[{"taxonomy":"category","embeddable":true,"href":"https:\/\/redsemlac.com\/semmexico\/wp-json\/wp\/v2\/categories?post=31810"},{"taxonomy":"post_tag","embeddable":true,"href":"https:\/\/redsemlac.com\/semmexico\/wp-json\/wp\/v2\/tags?post=31810"}],"curies":[{"name":"wp","href":"https:\/\/api.w.org\/{rel}","templated":true}]}}