{"id":31807,"date":"2021-02-13T22:07:33","date_gmt":"2021-02-13T22:07:33","guid":{"rendered":"https:\/\/redsemlac.com\/semmexico\/?p=31807"},"modified":"2023-07-21T16:48:11","modified_gmt":"2023-07-21T21:48:11","slug":"periodista-mexicana-sara-lovera-lopez-gana-el-zenobio-saldivia-2021","status":"publish","type":"post","link":"https:\/\/redsemlac.com\/semmexico\/periodista-mexicana-sara-lovera-lopez-gana-el-zenobio-saldivia-2021\/","title":{"rendered":"Periodista mexicana Sara Lovera L\u00f3pez gana el &#8216;Zenobio Saldivia 2021&#8217;"},"content":{"rendered":"\n<p class=\"wp-block-paragraph\"><strong>Roberto Gonz\u00e1lez Short<\/strong><\/p>\n\n\n\n<p class=\"wp-block-paragraph\">SemM\u00e9xico. SANTIAGO CHILE. 13 de febrero 2021.- M\u00e1s que un espaldarazo de talla mundial es el que las feministas mexicanas y las mujeres en general han recibido por parte de la agencia de noticias Prensam\u00e9rica Internacional\u00a9 desde Santiago de Chile, luego que su directorio internacional anunciara la tarde de este s\u00e1bado la designaci\u00f3n del Premio Latinoamericano Dr. Zenobio Saldivia 2021 en la categor\u00eda Derechos Humanos para activista mexicana por los Derechos Humanos a la activista feminista mexicana Sara Lovera L\u00f3pez.<\/p>\n\n\n\n<p class=\"wp-block-paragraph\">Por motivo de la actual contingencia sanitaria que se vive en todo el mundo, la fecha de la premiaci\u00f3n no ser\u00e1 informada hasta que sea seguro.<\/p>\n\n\n\n<p class=\"wp-block-paragraph\">El anuncio lleg\u00f3 a ser oficial tras meses de estar deliberando los distintos directores de la Agencia de los 19 pa\u00edses en los que Prensam\u00e9rica mantiene presencia operativa, quienes seleccionaron entre 30 candidatos a esa categor\u00eda a nivel de Latinoam\u00e9rica. Abajo, Roberto Gonz\u00e1lez Short, Prensam\u00e9rica Chile.<\/p>\n\n\n\n<p class=\"wp-block-paragraph\">\u00abEl D\u00eda Mundial de la Mujer se celebra cada 8 de marzo, por eso y por muchas razones m\u00e1s quiero hacer llegar a las mujeres mexicanas en la figura de Sarita Lovera L\u00f3pez nuestro abrazo latinoamericano. Esta periodista labor\u00f3 en diarios, revistas, agencias de noticias, noticiarios de televisi\u00f3n y medios digitales desde hace 51 a\u00f1os, y tambi\u00e9n se ha destacado como reportera, editora, editorialista, coordinadora y directora de diversos medios. Aqu\u00ed no estamos hablando de alguien reci\u00e9n llegado a los medios, es una gran periodista que a lo largo de este medio siglo de trabajo informativo se ha ganado la credibilidad, respeto y admiraci\u00f3n de muchos dentro y fuera de M\u00e9xico. Actualmente Sara es coordinadora regional del Servicio de Noticias de la Mujer de Latinoam\u00e9rica y el Caribe, Semlac; dirige el portal informativo SemM\u00e9xico de la misma agencia; escribe la columna semanal Palabra de Ant\u00edgona; es funcionaria de la agencia feminista La Independent, de Catalu\u00f1a Espa\u00f1a; presidenta de la Casa de los Derechos de Periodistas en la Ciudad de M\u00e9xico, y Secretaria de Comunicaci\u00f3n, Educaci\u00f3n y Desarrollo para la Igualdad CEDI. Ella coordin\u00f3 la investigaci\u00f3n que sobre Feminicidio que realiz\u00f3 la C\u00e1mara de Diputados (2005-2006). Cre\u00f3 y dirigi\u00f3 el suplemento Doble Jornada (1987- 1998) y Comunicaci\u00f3n e Informaci\u00f3n de la Mujer, Asociaci\u00f3n Civil. (CIMAC) (1992-2004). Claro que se ha ganado este galard\u00f3n internacional y claro que lo otorgamos con much\u00edsimo gusto, recordemos que ella tambi\u00e9n es docente en g\u00e9nero y tiene amplia experiencia en organizaci\u00f3n e impartici\u00f3n de talleres, seminarios y diplomados de g\u00e9nero, educaci\u00f3n y comunicaci\u00f3n, pues estudi\u00f3 periodismo, trabajo social, Teor\u00eda del Estado y educaci\u00f3n para adultos\u00bb, coment\u00f3 a medio y agencias digitales el director general de Prensam\u00e9rica en Chile, Roberto Gonz\u00e1lez Short.<\/p>\n\n\n\n<p class=\"wp-block-paragraph\"><strong>M\u00c1S SOBRE ELLA<\/strong><\/p>\n\n\n\n<p class=\"wp-block-paragraph\">Sara Lovera es autora, coordinadora y editora de m\u00e1s de 40 publicaciones, y acreedora a m\u00e1s de 30 reconocimientos y premios, nacionales e internacionales. Recibi\u00f3 el Premio Nacional de Periodismo, por su trayectoria en 2015. Ha impartido talleres y seminarios de periodismo no sexista y otros temas como ciudadan\u00eda, g\u00e9nero, derechos humanos de las mujeres, lenguaje no sexista, marco jur\u00eddico de los derechos humanos de las mujeres y el funcionamiento de los mecanismos de la mujer en M\u00e9xico, Am\u00e9rica Latina, Estados Unidos, Europa (Espa\u00f1a, Inglaterra y Alemania) y Marruecos (1995-2018).<\/p>\n\n\n\n<p class=\"wp-block-paragraph\"><strong>\u00a1EN HORA BUENA!<\/strong><\/p>\n\n\n\n<p class=\"wp-block-paragraph\">Qui\u00e9n tambi\u00e9n defendi\u00f3 con ah\u00ednco la postulaci\u00f3n de esta periodista mexicana durante todo el proceso de selecci\u00f3n fue el propio director nacional de Prensam\u00e9rica M\u00e9xico, Roberto God\u00ednez Soto, quien a su vez indic\u00f3 que \u00abPrensam\u00e9rica M\u00e9xico se congratula con la designaci\u00f3n de este galard\u00f3n internacional a nuestra extraordinaria compatriota y destacada periodista Sara Lovera L\u00f3pez. Qu\u00e9 mejor designaci\u00f3n para dicho premio, para alguien que ha laborado en diarios, revistas, agencias de noticias, noticiarios de televisi\u00f3n y medios digitales desde hace 51 a\u00f1os, como reportera, editora, editorialista, coordinadora y directora de diversos medios. Sabemos que como sociedad tenemos que apoyar los cambios que est\u00e1n tocando nuestras puertas para el beneficio de todos los seres humanos, las mujeres han llevado las de perder durante siglos, es hora de poner de nuestra parte como agencia digital de noticias. \u00a1En Hora buena!\u00bb, coment\u00f3 el director de Prensam\u00e9rica M\u00e9xico.<\/p>\n","protected":false},"excerpt":{"rendered":"<p>El anuncio lleg\u00f3 a ser oficial tras meses de estar deliberando los distintos directores de la Agencia de los 19 pa\u00edses en los que Prensam\u00e9rica mantiene presencia operativa<\/p>\n","protected":false},"author":3,"featured_media":31808,"comment_status":"open","ping_status":"open","sticky":false,"template":"","format":"standard","meta":{"_monsterinsights_skip_tracking":false,"footnotes":""},"categories":[692,55],"tags":[],"class_list":["post-31807","post","type-post","status-publish","format-standard","has-post-thumbnail","category-692","category-periodistas"],"_links":{"self":[{"href":"https:\/\/redsemlac.com\/semmexico\/wp-json\/wp\/v2\/posts\/31807","targetHints":{"allow":["GET"]}}],"collection":[{"href":"https:\/\/redsemlac.com\/semmexico\/wp-json\/wp\/v2\/posts"}],"about":[{"href":"https:\/\/redsemlac.com\/semmexico\/wp-json\/wp\/v2\/types\/post"}],"author":[{"embeddable":true,"href":"https:\/\/redsemlac.com\/semmexico\/wp-json\/wp\/v2\/users\/3"}],"replies":[{"embeddable":true,"href":"https:\/\/redsemlac.com\/semmexico\/wp-json\/wp\/v2\/comments?post=31807"}],"version-history":[{"count":0,"href":"https:\/\/redsemlac.com\/semmexico\/wp-json\/wp\/v2\/posts\/31807\/revisions"}],"wp:featuredmedia":[{"embeddable":true,"href":"https:\/\/redsemlac.com\/semmexico\/wp-json\/wp\/v2\/media\/31808"}],"wp:attachment":[{"href":"https:\/\/redsemlac.com\/semmexico\/wp-json\/wp\/v2\/media?parent=31807"}],"wp:term":[{"taxonomy":"category","embeddable":true,"href":"https:\/\/redsemlac.com\/semmexico\/wp-json\/wp\/v2\/categories?post=31807"},{"taxonomy":"post_tag","embeddable":true,"href":"https:\/\/redsemlac.com\/semmexico\/wp-json\/wp\/v2\/tags?post=31807"}],"curies":[{"name":"wp","href":"https:\/\/api.w.org\/{rel}","templated":true}]}}