{"id":31798,"date":"2021-02-13T17:38:57","date_gmt":"2021-02-13T17:38:57","guid":{"rendered":"https:\/\/redsemlac.com\/semmexico\/?p=31798"},"modified":"2023-07-21T16:48:11","modified_gmt":"2023-07-21T21:48:11","slug":"escasean-tampones-en-cdmx-por-cruzada-contra-el-plastico-reporta-financial-times","status":"publish","type":"post","link":"https:\/\/redsemlac.com\/semmexico\/escasean-tampones-en-cdmx-por-cruzada-contra-el-plastico-reporta-financial-times\/","title":{"rendered":"Escasean tampones en CDMX por cruzada contra el pl\u00e1stico, reporta Financial Times"},"content":{"rendered":"\n<ul class=\"wp-block-list\"><li><strong>Desde principios de 2021, la CDMX prohibi\u00f3 la venta de productos menstruales hasta que sus aplicadores de pl\u00e1stico sean reemplazados por materiales biodegradables<\/strong><\/li><\/ul>\n\n\n\n<p class=\"wp-block-paragraph\"><strong>Sarahi Uribe | El Sol de M\u00e9xico<\/strong><\/p>\n\n\n\n<p class=\"wp-block-paragraph\">SemM\u00e9xico\/El Sol de M\u00e9xico. Cd. de M\u00e9xico. 13 de febrero 2021.- Farmacias y supermercados en la Ciudad de M\u00e9xico exhibieron esta semana toallas sanitarias y copas menstruales, pero no tampones, debido a la reciente entrada en vigor de\u00a0<strong><a href=\"https:\/\/www.elsoldemexico.com.mx\/metropoli\/cdmx\/en-cdmx-desechables-se-van-a-partir-de-enero-del-2021-6127981.html\">la prohibici\u00f3n de los pl\u00e1sticos de un solo uso en la capital del pa\u00eds<\/a><\/strong>, public\u00f3 el peri\u00f3dico brit\u00e1nico Financial Times.<\/p>\n\n\n\n<p class=\"wp-block-paragraph\">Desde principios de 2021, la ciudad gobernada por Claudia Sheinbaum prohibi\u00f3 la venta de productos menstruales hasta que sus aplicadores de pl\u00e1stico sean reemplazados por materiales m\u00e1s amigables con el medio ambiente. Si bien existen en el mercado tampones sin aplicador estos solo se pueden comprar en l\u00ednea, a trav\u00e9s de sitios como\u00a0<strong>Mercado Libre<\/strong>\u00a0y\u00a0<strong>Amazon<\/strong>, pero a precios tal altos que quedan fuera del alcance de muchas mujeres en un pa\u00eds donde ellas trabajan m\u00e1s pero ganan menos que los hombres y est\u00e1n empleados con m\u00e1s frecuencia en trabajos informales, se\u00f1ala la publicaci\u00f3n.<\/p>\n\n\n\n<p class=\"wp-block-paragraph\">La batalla contra el pl\u00e1stico en la capital mexicana inici\u00f3 desde 2020 cuando comenz\u00f3 la prohibici\u00f3n de las bolsas de un solo uso para dar paso a las reutilizables. Pero al margen de la agenda verde de Claudia Sheinbaum,<strong>&nbsp;usuarias en redes sociales han comenzado a quejarse del desabasto de tampones&nbsp;<\/strong>en supermercados, tiendas de abarrotes, farmacias y otros establecimientos donde anteriormente se vend\u00edan.<\/p>\n\n\n\n<p class=\"wp-block-paragraph\">\u201c\u00bfEs verdad que no hay tampones en CDMX? Asumo que tampoco habr\u00e1 inyecciones, ni bolsas de basura, empaques. Dejen de legislar con el privilegio, los tampones son productos de primera necesidad e higiene femenina\u201d, dice un tuit citado por el medio brit\u00e1nico.<\/p>\n\n\n\n<figure class=\"wp-block-embed is-type-rich is-provider-twitter wp-block-embed-twitter\"><div class=\"wp-block-embed__wrapper\">\n<blockquote class=\"twitter-tweet\" data-width=\"550\" data-dnt=\"true\"><p lang=\"es\" dir=\"ltr\">Con la desaparici\u00f3n de los tampones en cdmx, entiendo las que dicen que la copa menstrual es lo mejor y es v\u00e1lido pero cada una tenemos gustos y necesidades diferentes.<\/p>&mdash; Lana del Rey \ud83e\ude75 (@LDRHale) <a href=\"https:\/\/twitter.com\/LDRHale\/status\/1359262968895201280?ref_src=twsrc%5Etfw\">February 9, 2021<\/a><\/blockquote><script async src=\"https:\/\/platform.twitter.com\/widgets.js\" charset=\"utf-8\"><\/script>\n<\/div><\/figure>\n\n\n\n<figure class=\"wp-block-embed is-type-rich is-provider-twitter wp-block-embed-twitter\"><div class=\"wp-block-embed__wrapper\">\n<blockquote class=\"twitter-tweet\" data-width=\"550\" data-dnt=\"true\"><p lang=\"es\" dir=\"ltr\">oigan enserio enserio ya no hay tampones en la CDMX? chale yo la vdd nunca he probado la copa y no se pueda invertir en algo que puede que ni use y obvio no puedo usar pads mientras trabajo no mamen que se supone que haga<\/p>&mdash; \ud835\ude97\ud835\ude98\ud835\ude9b\ud835\ude9d\ud835\ude8e\u00f1\ud835\udea1 \ud835\ude8d\ud835\ude8e\ud835\ude95 \ud835\ude9c\ud835\ude9e\ud835\ude9b\ud83c\udf13\ud83d\udeb2\ud83c\uddf5\ud83c\uddf8 (@balamdeamor) <a href=\"https:\/\/twitter.com\/balamdeamor\/status\/1359944520843096066?ref_src=twsrc%5Etfw\">February 11, 2021<\/a><\/blockquote><script async src=\"https:\/\/platform.twitter.com\/widgets.js\" charset=\"utf-8\"><\/script>\n<\/div><\/figure>\n\n\n\n<p class=\"wp-block-paragraph\">Consultada al respecto, la Secretar\u00eda de Medio Ambiente de la Ciudad de M\u00e9xico respondi\u00f3 a este diario que \u201cno se retiraron los tampones,&nbsp;<strong>desde 2019 se acord\u00f3 con las empresas que buscaran una alternativa al pl\u00e1stico que usaban debido a su impacto en el ambiente<\/strong>\u201d.<\/p>\n\n\n\n<p class=\"wp-block-paragraph\">Por su parte, la cadena&nbsp;<strong>Walmart<\/strong>&nbsp;ofrece en su portal en l\u00ednea s\u00f3lo dos presentaciones de tampones con aplicadores de cart\u00f3n biodegradable.<\/p>\n\n\n\n<p class=\"wp-block-paragraph\">En enero de este a\u00f1o&nbsp;<strong><a href=\"https:\/\/www.elsoldemexico.com.mx\/metropoli\/cdmx\/sin-tregua-para-productos-desechables-en-2021-unicel-plasticos-prohibicion-medio-ambiente-sedema-6180515.html\">entr\u00f3 en vigencia la reforma a art\u00edculos de la Ley de residuos s\u00f3lidos<\/a><\/strong>&nbsp;de la CDMX, en la que<strong>&nbsp;los pl\u00e1sticos con un corto periodo de vida \u00fatil dejar\u00e1n de ser permitidos<\/strong>&nbsp;para su uso en comercios.<\/p>\n\n\n\n<p class=\"wp-block-paragraph\">De acuerdo con las modificaciones a la Ley, desde el 1 de enero de 2021 la comercializaci\u00f3n, entrega y distribuci\u00f3n de art\u00edculos como tenedores, cuchillos, cucharas, palillos mezcladores, popotes, platos, globos y sus varillas, vasos, tapas, charolas y aplicadores de tampones fabricados total o parcialmente de pl\u00e1stico, ya no ser\u00e1 permitida.<\/p>\n\n\n\n<figure class=\"wp-block-embed is-type-rich is-provider-twitter wp-block-embed-twitter\"><div class=\"wp-block-embed__wrapper\">\n<blockquote class=\"twitter-tweet\" data-width=\"550\" data-dnt=\"true\"><p lang=\"es\" dir=\"ltr\">\u00bfSabes cu\u00e1les son los productos que a partir del 1 de enero de 2021 estar\u00e1n prohibidos en la Ciudad de M\u00e9xico? \ud83e\udd14 <a href=\"https:\/\/twitter.com\/hashtag\/Adi%C3%B3sALosDesechables?src=hash&amp;ref_src=twsrc%5Etfw\">#Adi\u00f3sALosDesechables<\/a> \u2935\ufe0f <a href=\"https:\/\/t.co\/laMRWTavO7\">pic.twitter.com\/laMRWTavO7<\/a><\/p>&mdash; Secretar\u00eda del Medio Ambiente (@SEDEMA_CDMX) <a href=\"https:\/\/twitter.com\/SEDEMA_CDMX\/status\/1336084625916129280?ref_src=twsrc%5Etfw\">December 7, 2020<\/a><\/blockquote><script async src=\"https:\/\/platform.twitter.com\/widgets.js\" charset=\"utf-8\"><\/script>\n<\/div><\/figure>\n\n\n\n<p class=\"wp-block-paragraph\">En torno a los productos de higiene femenina, tambi\u00e9n en octubre pasado, 218<strong>&nbsp;legisladores<\/strong>&nbsp;en la C\u00e1mara de Diputados<strong>&nbsp;votaron en contra de una iniciativa para eliminar el Impuesto al Valor Agregado a productos como copas, tampones y toallas sanitarias<\/strong>. La medida habr\u00eda implicado tres mil 400 millones de pesos menos para el fisco cada a\u00f1o, seg\u00fan c\u00e1lculos de la Secretar\u00eda de Hacienda.<\/p>\n\n\n\n<p class=\"wp-block-paragraph\">La propuesta la hizo el colectivo Menstruaci\u00f3n Digna M\u00e9xico y la diputada de Morena, Mar\u00eda Wendy Brice\u00f1o, quien la llev\u00f3 al Legislativo, en donde con s\u00f3lo 185 votos no alcanz\u00f3 su aprobaci\u00f3n.<\/p>\n\n\n\n<p class=\"wp-block-paragraph\"><\/p>\n","protected":false},"excerpt":{"rendered":"<p>Desde principios de 2021, la CDMX prohibi\u00f3 la venta de productos menstruales hasta que sus aplicadores de pl\u00e1stico sean reemplazados por materiales biodegradables<\/p>\n","protected":false},"author":3,"featured_media":31799,"comment_status":"open","ping_status":"open","sticky":false,"template":"","format":"standard","meta":{"_monsterinsights_skip_tracking":false,"footnotes":""},"categories":[692,54],"tags":[],"class_list":["post-31798","post","type-post","status-publish","format-standard","has-post-thumbnail","category-692","category-mujeres"],"_links":{"self":[{"href":"https:\/\/redsemlac.com\/semmexico\/wp-json\/wp\/v2\/posts\/31798","targetHints":{"allow":["GET"]}}],"collection":[{"href":"https:\/\/redsemlac.com\/semmexico\/wp-json\/wp\/v2\/posts"}],"about":[{"href":"https:\/\/redsemlac.com\/semmexico\/wp-json\/wp\/v2\/types\/post"}],"author":[{"embeddable":true,"href":"https:\/\/redsemlac.com\/semmexico\/wp-json\/wp\/v2\/users\/3"}],"replies":[{"embeddable":true,"href":"https:\/\/redsemlac.com\/semmexico\/wp-json\/wp\/v2\/comments?post=31798"}],"version-history":[{"count":0,"href":"https:\/\/redsemlac.com\/semmexico\/wp-json\/wp\/v2\/posts\/31798\/revisions"}],"wp:featuredmedia":[{"embeddable":true,"href":"https:\/\/redsemlac.com\/semmexico\/wp-json\/wp\/v2\/media\/31799"}],"wp:attachment":[{"href":"https:\/\/redsemlac.com\/semmexico\/wp-json\/wp\/v2\/media?parent=31798"}],"wp:term":[{"taxonomy":"category","embeddable":true,"href":"https:\/\/redsemlac.com\/semmexico\/wp-json\/wp\/v2\/categories?post=31798"},{"taxonomy":"post_tag","embeddable":true,"href":"https:\/\/redsemlac.com\/semmexico\/wp-json\/wp\/v2\/tags?post=31798"}],"curies":[{"name":"wp","href":"https:\/\/api.w.org\/{rel}","templated":true}]}}