{"id":31792,"date":"2021-02-13T17:31:52","date_gmt":"2021-02-13T17:31:52","guid":{"rendered":"https:\/\/redsemlac.com\/semmexico\/?p=31792"},"modified":"2023-07-21T16:48:12","modified_gmt":"2023-07-21T21:48:12","slug":"presentan-propuesta-de-cero-tolerancia-a-la-violencia-contra-las-mujeres-en-slp","status":"publish","type":"post","link":"https:\/\/redsemlac.com\/semmexico\/presentan-propuesta-de-cero-tolerancia-a-la-violencia-contra-las-mujeres-en-slp\/","title":{"rendered":"Presentan propuesta de cero tolerancia a la violencia contra las mujeres en SLP"},"content":{"rendered":"\n<ul class=\"wp-block-list\"><li><strong>Busca promover una pol\u00edtica de cero tolerancia a la desigualdad, discriminaci\u00f3n y violencia de g\u00e9nero<\/strong><\/li><\/ul>\n\n\n\n<p class=\"wp-block-paragraph\"><strong>Israel V\u00e1zquez\/Imagen Juanita Olivo\/ El Sol de San Luis<\/strong><\/p>\n\n\n\n<p class=\"wp-block-paragraph\">SemM\u00e9xico\/El Sol de San Luis. 13 de febrero 2021.- El Gobernador del Estado, Juan Manuel Carreras L\u00f3pez, y la directora general del Instituto de las Mujeres (IMES), Erika Vel\u00e1zquez Guti\u00e9rrez, presentaron una agenda estrat\u00e9gica para la prevenci\u00f3n, atenci\u00f3n y sanci\u00f3n de la violencia contra mujeres y ni\u00f1as, a Nadine Gasman Zylbermann, presidenta del Instituto Nacional de las Mujeres (INMUJERES), que busca construir acuerdos en materia de prevenci\u00f3n y atenci\u00f3n.<\/p>\n\n\n\n<p class=\"wp-block-paragraph\">En la reuni\u00f3n, que se llev\u00f3 a cabo de manera virtual, el jefe del Ejecutivo Estatal destac\u00f3 que los principales ejes de la agenda estrat\u00e9gica se refieren a la prevenci\u00f3n de la violencia de g\u00e9nero y feminicida, atenci\u00f3n de la violencia de g\u00e9nero y reducci\u00f3n del rezago judicial, tomando como principal plataforma las mesas estatales y regionales para la construcci\u00f3n de Paz y Seguridad.<\/p>\n\n\n\n<p class=\"wp-block-paragraph\">Entre las doce l\u00edneas de acci\u00f3n que se propusieron llevar a cabo mediante jornadas comunitarias por la no violencia y la seguridad de las mujeres se encuentra la integraci\u00f3n de redes de Mujeres Constructoras de Paz; capacitaci\u00f3n a polic\u00edas mediante el programa Misi\u00f3n G\u00e9nero; mesas de coordinaci\u00f3n municipal contra la violencia y el bienestar de las mujeres; rehabilitaci\u00f3n de espacios p\u00fablicos inseguros y vigilancia especializada en puntos estrat\u00e9gicos donde hay una mayor concentraci\u00f3n de la movilidad de las mujeres; mejorar o habilitar espacios de Wifi libre y de telecomunicaciones en zonas donde hay mayor concentraci\u00f3n de movilidad de mujeres; pol\u00edtica de prevenci\u00f3n y control de armas de fuego.<\/p>\n\n\n\n<p class=\"wp-block-paragraph\">Adem\u00e1s de la actualizaci\u00f3n y capacitaci\u00f3n constante sobre procesos judiciales, penales y civiles de g\u00e9nero dirigido al funcionariado municipal y principalmente a las y los s\u00edndicos y todos aquellos relacionados con los procesos de denuncia; capacitar al funcionariado municipal y comunitarias para el registro, emisi\u00f3n y seguimiento de \u00f3rdenes y medidas de protecci\u00f3n.<\/p>\n\n\n\n<p class=\"wp-block-paragraph\">Por su parte, Erika Vel\u00e1zquez Guti\u00e9rrez, directora general del IMES dijo que se realiz\u00f3 la propuesta de que el programa con los compromisos y acuerdos fuera integrado al Sistema Estatal para la Prevenci\u00f3n, Atenci\u00f3n, Sanci\u00f3n y Erradicaci\u00f3n de la Violencia contra las Mujeres (SEPASEVM), para el dise\u00f1o y aplicaci\u00f3n de pol\u00edticas p\u00fablicas en el \u00e1mbito.<\/p>\n\n\n\n<p class=\"wp-block-paragraph\">Asimismo, se acord\u00f3 que el Instituto de las Mujeres acudir\u00e1 una vez al mes a las sesiones de la Mesa Estatal y Regionales, con quienes forman parte de estos organismos, adem\u00e1s de entregar un informe sobre los avances globales y el cumplimiento de los indicadores del programa, mismo que ser\u00e1 presentado al INMUJERES y al SEPASEVM respectivamente.<\/p>\n","protected":false},"excerpt":{"rendered":"<p>Busca promover una pol\u00edtica de cero tolerancia a la desigualdad, discriminaci\u00f3n y violencia de g\u00e9nero<\/p>\n","protected":false},"author":3,"featured_media":31793,"comment_status":"open","ping_status":"open","sticky":false,"template":"","format":"standard","meta":{"_monsterinsights_skip_tracking":false,"footnotes":""},"categories":[692,51],"tags":[],"class_list":["post-31792","post","type-post","status-publish","format-standard","has-post-thumbnail","category-692","category-ejecutivo"],"_links":{"self":[{"href":"https:\/\/redsemlac.com\/semmexico\/wp-json\/wp\/v2\/posts\/31792","targetHints":{"allow":["GET"]}}],"collection":[{"href":"https:\/\/redsemlac.com\/semmexico\/wp-json\/wp\/v2\/posts"}],"about":[{"href":"https:\/\/redsemlac.com\/semmexico\/wp-json\/wp\/v2\/types\/post"}],"author":[{"embeddable":true,"href":"https:\/\/redsemlac.com\/semmexico\/wp-json\/wp\/v2\/users\/3"}],"replies":[{"embeddable":true,"href":"https:\/\/redsemlac.com\/semmexico\/wp-json\/wp\/v2\/comments?post=31792"}],"version-history":[{"count":0,"href":"https:\/\/redsemlac.com\/semmexico\/wp-json\/wp\/v2\/posts\/31792\/revisions"}],"wp:featuredmedia":[{"embeddable":true,"href":"https:\/\/redsemlac.com\/semmexico\/wp-json\/wp\/v2\/media\/31793"}],"wp:attachment":[{"href":"https:\/\/redsemlac.com\/semmexico\/wp-json\/wp\/v2\/media?parent=31792"}],"wp:term":[{"taxonomy":"category","embeddable":true,"href":"https:\/\/redsemlac.com\/semmexico\/wp-json\/wp\/v2\/categories?post=31792"},{"taxonomy":"post_tag","embeddable":true,"href":"https:\/\/redsemlac.com\/semmexico\/wp-json\/wp\/v2\/tags?post=31792"}],"curies":[{"name":"wp","href":"https:\/\/api.w.org\/{rel}","templated":true}]}}