{"id":3179,"date":"2018-11-25T02:02:07","date_gmt":"2018-11-25T02:02:07","guid":{"rendered":"https:\/\/redsemlac.com\/semmexico\/?p=3179"},"modified":"2023-07-21T14:34:12","modified_gmt":"2023-07-21T19:34:12","slug":"exigieron-justicia-para-las-victimas-de-feminicidio-del-pais-recordaron-a-maria-del-sol-cruz-jarquin","status":"publish","type":"post","link":"https:\/\/redsemlac.com\/semmexico\/exigieron-justicia-para-las-victimas-de-feminicidio-del-pais-recordaron-a-maria-del-sol-cruz-jarquin\/","title":{"rendered":"Exigieron justicia para las victimas de feminicidio del pa\u00eds, recordaron a Mar\u00eda del Sol Cruz Jarqu\u00edn."},"content":{"rendered":"\n<h2 class=\"wp-block-heading\"><a href=\"javascript:void(0);\"><br>\u00a1No M\u00e1s Impunidad!<\/a><\/h2>\n\n\n\n<h2 class=\"wp-block-heading\">El gobierno entrante debe demostrar sus compromiso con las mujeres #25N<\/h2>\n\n\n\n<h4 class=\"wp-block-heading\">Cerca de 3 mil personas asistieron a la marcha.<\/h4>\n\n\n\n<figure class=\"wp-block-image\"><img decoding=\"async\" src=\"http:\/\/www.semmexico.com\/SemWork\/uploads\/6460_1.jpg\" alt=\"\"\/><\/figure>\n\n\n\n<p class=\"wp-block-paragraph\">&nbsp;2018-11-25 20:37:46Le\u00eddo : 7 veces.Exigieron justicia para las victimas de feminicidio del pa\u00eds, recordaron a Mar\u00eda del Sol Cruz Jarqu\u00edn.<a href=\"https:\/\/www.semmexico.com\/gallery-post.php?id=6460#\">Gabriela Ram\u00edrez<\/a><\/p>\n\n\n\n<p class=\"wp-block-paragraph\">SemM\u00e9xico. Cd. de M\u00e9xico. 25 de noviembre de 2018.- A las 15:00 horas sali\u00f3 la marcha contra las violencias machistas en la CDMX del Monumento a la Madre con direcci\u00f3n al Hemiciclo a Ju\u00e1rez&nbsp; en donde v\u00edctimas, feministas, familiares y organizaciones civiles exigieron al nuevo gobierno tomar medias urgentes ante el incremento de la violencia que viven las mujeres en diversos \u00e1mbitos.<\/p>\n\n\n\n<p class=\"wp-block-paragraph\">Familiares de v\u00edctimas y contingentes de organizaciones como Pan y Rosas, el Movimiento de Trabajadores Socialistas, Casa Gaviota, Oxfam y Amnist\u00eda Internacional tomaron las calles de la CDMX para exigir una alto a la violencia y justicias para las v\u00edctimas.<\/p>\n\n\n\n<p class=\"wp-block-paragraph\">Previo a la marcha,&nbsp; el integrantes del Observatorio Ciudadano Nacional del Feminicidio clausuraron simb\u00f3licamente las instalaciones de la Procuradur\u00eda de Justicia Capitalina.<\/p>\n\n\n\n<p class=\"wp-block-paragraph\">Cerca de 3 mil personas con banderas moradas, pa\u00f1uelos verdes y pancartas tomaron las calles de la ciudad y partieron del Monumento a la Madre coreando consignas y colocando carteles y afiches por las principales avenidas como Reforma y Ju\u00e1rez.<\/p>\n\n\n\n<p class=\"wp-block-paragraph\">Al concluir la marcha, Irinea Buend\u00eda ley\u00f3 un mensaje en el que exigi\u00f3 justicia para las victimas y dijo \u201cel gobierno de Pe\u00f1a Nieto ha sido el peor para las mujeres, la violencia ha aumentado considerablemente, as\u00ed como la impunidad. Esta situaci\u00f3n ser\u00e1 un reto para el gobierno entrante que debe demostrar su compromiso con las mujeres\u201d.<\/p>\n\n\n\n<p class=\"wp-block-paragraph\">Posteriormente integrantes de diversas organizaciones y del movimiento feminista leyeron un pronunciamiento en el que se\u00f1alaron que las mujeres siguen siendo v\u00edctimas de violencia en la escuela, en la calles, en el trabajo, en los hospitales y en las manos del Estado que por omisi\u00f3n o negligencia vulneran sus derechos.<\/p>\n\n\n\n<p class=\"wp-block-paragraph\">Nombraron a diversas v\u00edctimas de feminicidio de la ciudad y del resto del pa\u00eds como Lesvy, Mariana Lima y Mar\u00eda del Sol Cruz Jarqu\u00edn para quienes exigieron justicia pronta.<\/p>\n\n\n\n<p class=\"wp-block-paragraph\">La exigencia colectiva se dirigi\u00f3 al nuevo gobierno que entrar\u00e1 en funciones el pr\u00f3ximo 1 de diciembre a quien solicitaron transporte seguro, rescate de espacios p\u00fablicos, capacitaci\u00f3n, justicia, pol\u00edticas p\u00fablicas con perspectiva de g\u00e9nero, la implementaci\u00f3n de la Alerta de Violencia de G\u00e9nero en la Ciudad de M\u00e9xico, la evaluaci\u00f3n de este mecanismo en los municipios implementados y un mayor presupuesto para el combate a la violencia.<\/p>\n\n\n\n<p class=\"wp-block-paragraph\">Finalmente exigieron a los medios dejar de reproducir estereotipos e informaci\u00f3n que revictimiza a las mujeres y sus familiares y a las autoridades dejar de se\u00f1alar los casos de feminicidas como \u201caislados\u201d y \u201cderivados de alguna enfermedad\u201d como fue con el denominado \u201cMonstruo de Ecatepec\u201d. Este tipo de violencia es producto de un sistema machista que no valora la dignidad y la vida de las mujeres.<\/p>\n","protected":false},"excerpt":{"rendered":"<p>\u00a1No M\u00e1s Impunidad! El gobierno entrante debe demostrar sus compromiso con las mujeres #25N Cerca de 3 mil personas asistieron a la marcha. &nbsp;2018-11-25 20:37:46Le\u00eddo : 7 veces.Exigieron justicia para las victimas de feminicidio del pa\u00eds, recordaron a Mar\u00eda del Sol Cruz Jarqu\u00edn.Gabriela Ram\u00edrez SemM\u00e9xico. Cd. de M\u00e9xico. 25 de noviembre de 2018.- A las [&hellip;]<\/p>\n","protected":false},"author":3,"featured_media":0,"comment_status":"open","ping_status":"open","sticky":false,"template":"","format":"standard","meta":{"_monsterinsights_skip_tracking":false,"footnotes":""},"categories":[689,48],"tags":[],"class_list":["post-3179","post","type-post","status-publish","format-standard","category-689","category-no-mas-impunidad-no-mas-impunidad"],"_links":{"self":[{"href":"https:\/\/redsemlac.com\/semmexico\/wp-json\/wp\/v2\/posts\/3179","targetHints":{"allow":["GET"]}}],"collection":[{"href":"https:\/\/redsemlac.com\/semmexico\/wp-json\/wp\/v2\/posts"}],"about":[{"href":"https:\/\/redsemlac.com\/semmexico\/wp-json\/wp\/v2\/types\/post"}],"author":[{"embeddable":true,"href":"https:\/\/redsemlac.com\/semmexico\/wp-json\/wp\/v2\/users\/3"}],"replies":[{"embeddable":true,"href":"https:\/\/redsemlac.com\/semmexico\/wp-json\/wp\/v2\/comments?post=3179"}],"version-history":[{"count":0,"href":"https:\/\/redsemlac.com\/semmexico\/wp-json\/wp\/v2\/posts\/3179\/revisions"}],"wp:attachment":[{"href":"https:\/\/redsemlac.com\/semmexico\/wp-json\/wp\/v2\/media?parent=3179"}],"wp:term":[{"taxonomy":"category","embeddable":true,"href":"https:\/\/redsemlac.com\/semmexico\/wp-json\/wp\/v2\/categories?post=3179"},{"taxonomy":"post_tag","embeddable":true,"href":"https:\/\/redsemlac.com\/semmexico\/wp-json\/wp\/v2\/tags?post=3179"}],"curies":[{"name":"wp","href":"https:\/\/api.w.org\/{rel}","templated":true}]}}