{"id":31787,"date":"2021-02-12T22:24:03","date_gmt":"2021-02-12T22:24:03","guid":{"rendered":"https:\/\/redsemlac.com\/semmexico\/?p=31787"},"modified":"2023-07-21T16:48:12","modified_gmt":"2023-07-21T21:48:12","slug":"trabajadores-de-notimex-y-la-jornada-se-reunionen-con-segob","status":"publish","type":"post","link":"https:\/\/redsemlac.com\/semmexico\/trabajadores-de-notimex-y-la-jornada-se-reunionen-con-segob\/","title":{"rendered":"Trabajadores de Notimex y La Jornada se reunionen con Segob"},"content":{"rendered":"\n<p class=\"wp-block-paragraph\">Trabajadores de Notimex, Agencia de Noticias del Estado Mexicano y del peri\u00f3dico La Jornada se reunieron con funcionarios de la Seretar\u00eda de Gobernaci\u00f3n (Segob), con el prop\u00f3sito de revisar los conflictos laborales, ayudar a que se cumpla la Ley en ambos medios de comunicaci\u00f3n y se respeten as\u00ed los derechos de las y los trabajadores.<\/p>\n\n\n\n<p class=\"wp-block-paragraph\">En seguimiento a los compromisos establecidos por la titular de la Segob, Olga S\u00e1nchez Cordero, la semana pasada, de revisar a fondo las problem\u00e1ticas laborales que presentaron diversas organizaciones sociales y sindicales, este d\u00eda se llev\u00f3 a cabo una reuni\u00f3n con los titulares de la Unidad de Gobierno, Luis Fernando Rosas, y de la Unidad de Atenci\u00f3n a Organizaciones Sociales, Sonia Salazar, entre otros funcionarios de la dependencia federal.<\/p>\n\n\n\n<p class=\"wp-block-paragraph\">La secretaria general del Sindicato \u00danico de Trabajadores de Notimex (SutNotimex), Adriana Urrea, pidi\u00f3 la intervenci\u00f3n de la Segob para reanudar los trabajos de la Junta de Gobierno de Notimex, \u00f3rgano m\u00e1ximo de administraci\u00f3n de la Agencia de Noticias, que es la encargada de vigilar el cumplimiento de la Ley y de las resoluciones emitidas por las autoridades laborales.<\/p>\n\n\n\n<p class=\"wp-block-paragraph\">\u201cEl caso de la Huelga lleva su curso jur\u00eddico en la Junta Federal de Conciliaci\u00f3n y Arbitraje (JFCA), con la demanda de imputabilidad. Sin embargo, necesitamos la garant\u00eda de que el laudo que emita la autoridad se va a cumplir y no habr\u00e1 desacato por parte de la Direcci\u00f3n de Notimex, como ha ocurrido hasta ahora. Por eso, pedimos que nos apoyen a que se celebre a la brevedad una sesi\u00f3n de la Junta de Gobierno y que tome decisiones para levantar la huelga\u201d, dijo la periodista.<\/p>\n\n\n\n<p class=\"wp-block-paragraph\">Por su parte, la reportera y exsecretaria general del Sindicato Independiente de Trabajo de la Jornada (Sitrajor), Elizabeth Velasco Contreras, coment\u00f3 la necesidad de que se haga valer la resoluci\u00f3n del Poder Judicial para que la empresa restituya el Contrato Colectivo de Trabajo, que fue eliminado contra la Ley en 2017, con todas las prestaciones que establece el mismo.<\/p>\n\n\n\n<p class=\"wp-block-paragraph\">\u201cDemandamos la reinstalaci\u00f3n de 20 trabajadores despedidos a partir de la Huelga de 2017; demandamos tambi\u00e9n que se vuelva a aplicar, de acuerdo con lo que se\u00f1alaron las autoridades, el Contrato Colectivo de Trabajo con todas sus cl\u00e1usulas, y que deje de haber criminalizaci\u00f3n con los exdirigentes sindicales (Judith Calder\u00f3n, Leonardo Mondrag\u00f3n y Marisela Delgado) y se ponga fin a los procesos penales de criminalizaci\u00f3n que se est\u00e1n llevando en contra de ellos\u201d, dijo.<\/p>\n\n\n\n<p class=\"wp-block-paragraph\">En la reuni\u00f3n, que por parte de las organizaciones estuvo representada por Florentino L\u00f3pez, del Frente Popular Revolucionario, tambien particip\u00f3 la compa\u00f1era Carolina Morales, de la Coordinaci\u00f3n de Trabajadores Unidos de M\u00e9xico (CTUM).<\/p>\n\n\n\n<p class=\"wp-block-paragraph\">En la reuni\u00f3n con los funcionarios de Gobernaci\u00f3n se cont\u00f3 con el acompa\u00f1amiento de integrantes de la Uni\u00f3n General de Trabajadores de M\u00e9xico, de la Coordinaci\u00f3n del Movimiento Amplio Popular, del Sindicato de la Uni\u00f3n de Trabajadores del Instituto de Educaci\u00f3n Media Superior, de la Asamblea General de Trabajadores, Intendencia en Resistencia, entre otros.<\/p>\n\n\n\n<p class=\"wp-block-paragraph\">Todas estas organizaciones llevar\u00e1n a cabo una Jornada Nacional de Lucha, los d\u00edas 15, 16 y 17 de febrero en diversas entidades del pa\u00eds, con el prop\u00f3sito de alcanzar una soluci\u00f3n real y definitiva a sus demandas, pues hasta ahora se han llevado a cabo diversas mesas de trabajo con funcionarios de los tres niveles de gobierno, sin que se resuelvan.<\/p>\n","protected":false},"excerpt":{"rendered":"<p>Trabajadores de Notimex, Agencia de Noticias del Estado Mexicano y del peri\u00f3dico La Jornada se reunieron con funcionarios de la Seretar\u00eda de Gobernaci\u00f3n (Segob), con el prop\u00f3sito de revisar los conflictos laborales, ayudar a que se cumpla la Ley en ambos medios de comunicaci\u00f3n y se respeten as\u00ed los derechos de las y los trabajadores. [&hellip;]<\/p>\n","protected":false},"author":3,"featured_media":31789,"comment_status":"open","ping_status":"open","sticky":false,"template":"","format":"standard","meta":{"_monsterinsights_skip_tracking":false,"footnotes":""},"categories":[692,55],"tags":[],"class_list":["post-31787","post","type-post","status-publish","format-standard","has-post-thumbnail","category-692","category-periodistas"],"_links":{"self":[{"href":"https:\/\/redsemlac.com\/semmexico\/wp-json\/wp\/v2\/posts\/31787","targetHints":{"allow":["GET"]}}],"collection":[{"href":"https:\/\/redsemlac.com\/semmexico\/wp-json\/wp\/v2\/posts"}],"about":[{"href":"https:\/\/redsemlac.com\/semmexico\/wp-json\/wp\/v2\/types\/post"}],"author":[{"embeddable":true,"href":"https:\/\/redsemlac.com\/semmexico\/wp-json\/wp\/v2\/users\/3"}],"replies":[{"embeddable":true,"href":"https:\/\/redsemlac.com\/semmexico\/wp-json\/wp\/v2\/comments?post=31787"}],"version-history":[{"count":0,"href":"https:\/\/redsemlac.com\/semmexico\/wp-json\/wp\/v2\/posts\/31787\/revisions"}],"wp:featuredmedia":[{"embeddable":true,"href":"https:\/\/redsemlac.com\/semmexico\/wp-json\/wp\/v2\/media\/31789"}],"wp:attachment":[{"href":"https:\/\/redsemlac.com\/semmexico\/wp-json\/wp\/v2\/media?parent=31787"}],"wp:term":[{"taxonomy":"category","embeddable":true,"href":"https:\/\/redsemlac.com\/semmexico\/wp-json\/wp\/v2\/categories?post=31787"},{"taxonomy":"post_tag","embeddable":true,"href":"https:\/\/redsemlac.com\/semmexico\/wp-json\/wp\/v2\/tags?post=31787"}],"curies":[{"name":"wp","href":"https:\/\/api.w.org\/{rel}","templated":true}]}}