{"id":31782,"date":"2021-02-12T22:08:03","date_gmt":"2021-02-12T22:08:03","guid":{"rendered":"https:\/\/redsemlac.com\/semmexico\/?p=31782"},"modified":"2023-07-21T16:48:12","modified_gmt":"2023-07-21T21:48:12","slug":"aprueba-congreso-de-aguascalientes-la-ley-antiaborto","status":"publish","type":"post","link":"https:\/\/redsemlac.com\/semmexico\/aprueba-congreso-de-aguascalientes-la-ley-antiaborto\/","title":{"rendered":"Aprueba Congreso de Aguascalientes la ley antiaborto"},"content":{"rendered":"\n<ul class=\"wp-block-list\"><li>Feministas se\u00f1alan que es una \u201cley chocolate\u201d, que responde a intereses electorales<\/li><li>Con o sin permiso las mujeres seguir\u00e1n abortando<\/li><\/ul>\n\n\n\n<p class=\"wp-block-paragraph\">Soledad Jaqu\u00edn Edgar<\/p>\n\n\n\n<p class=\"wp-block-paragraph\">SemM\u00e9xico, Aguascalientes, 12 de febrero, 2021.- El Congreso local aprob\u00f3 hoy el derecho a la vida desde la concepci\u00f3n, lo que fue calificado \u201ccomo ley de chocolate\u201d, que viola la Constituci\u00f3n mexicana y los derechos humanos de las mujeres, que obedecen a intereses pol\u00edticos en tiempos electorales.<\/p>\n\n\n\n<p class=\"wp-block-paragraph\">Con 18 votos a favor, de las bancadas del PAN, PVEM, as\u00ed como una diputada del PRI, otra de Morena y otra de Nueva Alianza, as\u00ed como una abstenci\u00f3n se aprob\u00f3 la iniciativa \u201cciudadana\u201d que \u201cproven\u00eda de los grupos pr\u00f3vida\u201d, se\u00f1alan grupos feministas de la entidad.<\/p>\n\n\n\n<p class=\"wp-block-paragraph\">Toc\u00f3 a la diputada Paloma Cecilia Amezquita Carre\u00f3n, del PAN , quien present\u00f3 el dictamen de las comisiones unidas de Familia y Derechos de la Ni\u00f1ez, as\u00ed como de Gobernaci\u00f3n y Puntos Constitucionales que reform\u00f3 el art\u00edculo 2 de la Constituci\u00f3n local.<\/p>\n\n\n\n<p class=\"wp-block-paragraph\">Desde temprana hora, colectivos feministas se presentaron en las afueras del Congreso local para demandar con pancartas y pintas que no se aprobara la propuesta, hecho al que la mayor\u00eda panista hizo caso omiso.<\/p>\n\n\n\n<p class=\"wp-block-paragraph\">Tras la aprobaci\u00f3n de la reforma Itzel Acero de la Comunidad Feminista de Aguascalientes, y Dalia de la Cerda de Morras Help Morras afirmaron que buscaran las v\u00edas legales y ante las instancias correspondientes para lograr la suspensi\u00f3n de la reforma constitucional aprobada hoy.<\/p>\n\n\n\n<p class=\"wp-block-paragraph\">Dalia de la Cerda, co directora de Morras Help Morras, afirm\u00f3 que es lamentable que el Congreso local aprobara la reforma contra los derechos de las hidroc\u00e1lidas, pero expuso que no est\u00e1 preocupada, \u201ces una ley de chocolate\u201d como otras que ha presentado el PAN y afirm\u00f3 \u201cque con esa ley o sin ella\u201d las mujeres seguir\u00e1n interrumpiendo sus embarazos.<\/p>\n\n\n\n<p class=\"wp-block-paragraph\">Vamos a tomar la misma ruta que llevamos cuando aprobaron el PIN Parental, para que como en ese caso, las instancias correspondientes, nos concedan la suspensi\u00f3n o sea declarada anticonstitucional porque vulnera los derechos humanos de las mujeres.<\/p>\n\n\n\n<p class=\"wp-block-paragraph\">Sin embargo, la codirectora de Morras Help Morras dijo que es importante se\u00f1alar que la reforma aprobada hoy no anula la aplicaci\u00f3n de la NOM 046, mediante la cual se garantiza el derecho de las mujeres y las feministas seguir\u00e1n vigilando que se garantice ese derecho.<\/p>\n\n\n\n<p class=\"wp-block-paragraph\">De la Cerda record\u00f3 que en esta entidad no existen datos sobre muerte materna por abortos clandestinos, ni mujeres privadas de su libertad, lo que no quiere decir que ellas no aborten, \u201caqu\u00ed se aplica la NOM 046 y hay abortos en casa de manera asistida\u201d.<\/p>\n\n\n\n<p class=\"wp-block-paragraph\">Lo que si tenemos es estigmatizaci\u00f3n social y por parte de los medios de comunicaci\u00f3n y ahora por parte de los pol\u00edticos populistas, \u201cpero deben saber que sin o con permiso, las mujeres seguir\u00e1n abortando\u201d.<\/p>\n\n\n\n<p class=\"wp-block-paragraph\">Buscaremos ahora un amparo directo.<\/p>\n\n\n\n<p class=\"wp-block-paragraph\">Vamos a trabajar por la acci\u00f3n de inconstitucional, con la Comisi\u00f3n de Derechos Humanos, afirm\u00f3 la feminista.<\/p>\n\n\n\n<p class=\"wp-block-paragraph\">Por intereses electorales violan derecho humanos&nbsp;<\/p>\n\n\n\n<p class=\"wp-block-paragraph\">Por su parte, Itzel Acero afirm\u00f3 que la iniciativa aprobada hoy obedece a intereses pol\u00edticos considerando que estamos ante un proceso electoral.<\/p>\n\n\n\n<p class=\"wp-block-paragraph\">Lament\u00f3 que el Instituto Estatal Electoral haya pasado por alto la presentaci\u00f3n de esta iniciativa \u201cciudadana\u201d que present\u00f3 el Frente Nacional por la Familia y que el Congreso aprob\u00f3 a pesar de ir contra la ley electoral.<\/p>\n\n\n\n<p class=\"wp-block-paragraph\">Por otra parte, dijo que el Congreso Local no est\u00e1 facultado para darle derechos a nuevos sujetos, en todo caso corresponde al Congreso de la Uni\u00f3n. Y la reforma le da derechos pro persona a un sigoto, en respuesta a las presiones realizadas desde la c\u00fapula cat\u00f3lica.<\/p>\n\n\n\n<p class=\"wp-block-paragraph\">La integrante de la Comunidad Feminista de Aguascalientes dijo que este tipo de propuestas que violan los derechos de las mujeres, son utilizados con fines pol\u00edticos. \u201cNos sorprendi\u00f3 el voto de la diputada Margarita Gallegos Soto, del PRI, quien vot\u00f3 a favor, cuando en meses pasados hab\u00eda asumido una postura distinta. Sin embargo, le acaban de aprobar la candidatura a la presidencia municipal de San Francisco de los Romos.<\/p>\n\n\n\n<p class=\"wp-block-paragraph\">La votaci\u00f3n<\/p>\n\n\n\n<p class=\"wp-block-paragraph\">Votaron a favor de la reforma:&nbsp;<\/p>\n\n\n\n<p class=\"wp-block-paragraph\">&nbsp;18 votos a favor de la bancada del PAN y PVEM, adem\u00e1s de la diputada del PRI, Margarita Gallegos Soto, de la diputada de Morena Irma Guill\u00e9n.<\/p>\n\n\n\n<p class=\"wp-block-paragraph\">Los ocho votos en contra fueron del resto de la diputaci\u00f3n priista, Morena y del PRD. Y una abstenci\u00f3n.<\/p>\n\n\n\n<figure class=\"wp-block-video\"><video controls src=\"blob:https:\/\/redsemlac.com\/semmexico\/52c216ce-3f44-48f6-b6d3-d6948bd5ea88\"><\/video><\/figure>\n","protected":false},"excerpt":{"rendered":"<p>Feministas se\u00f1alan que es una \u201cley chocolate\u201d, que responde a intereses electorales Con o sin permiso las mujeres seguir\u00e1n abortando Soledad Jaqu\u00edn Edgar SemM\u00e9xico, Aguascalientes, 12 de febrero, 2021.- El Congreso local aprob\u00f3 hoy el derecho a la vida desde la concepci\u00f3n, lo que fue calificado \u201ccomo ley de chocolate\u201d, que viola la Constituci\u00f3n mexicana [&hellip;]<\/p>\n","protected":false},"author":3,"featured_media":31783,"comment_status":"open","ping_status":"open","sticky":false,"template":"","format":"standard","meta":{"_monsterinsights_skip_tracking":false,"footnotes":""},"categories":[692,50],"tags":[],"class_list":["post-31782","post","type-post","status-publish","format-standard","has-post-thumbnail","category-692","category-congreso"],"_links":{"self":[{"href":"https:\/\/redsemlac.com\/semmexico\/wp-json\/wp\/v2\/posts\/31782","targetHints":{"allow":["GET"]}}],"collection":[{"href":"https:\/\/redsemlac.com\/semmexico\/wp-json\/wp\/v2\/posts"}],"about":[{"href":"https:\/\/redsemlac.com\/semmexico\/wp-json\/wp\/v2\/types\/post"}],"author":[{"embeddable":true,"href":"https:\/\/redsemlac.com\/semmexico\/wp-json\/wp\/v2\/users\/3"}],"replies":[{"embeddable":true,"href":"https:\/\/redsemlac.com\/semmexico\/wp-json\/wp\/v2\/comments?post=31782"}],"version-history":[{"count":0,"href":"https:\/\/redsemlac.com\/semmexico\/wp-json\/wp\/v2\/posts\/31782\/revisions"}],"wp:featuredmedia":[{"embeddable":true,"href":"https:\/\/redsemlac.com\/semmexico\/wp-json\/wp\/v2\/media\/31783"}],"wp:attachment":[{"href":"https:\/\/redsemlac.com\/semmexico\/wp-json\/wp\/v2\/media?parent=31782"}],"wp:term":[{"taxonomy":"category","embeddable":true,"href":"https:\/\/redsemlac.com\/semmexico\/wp-json\/wp\/v2\/categories?post=31782"},{"taxonomy":"post_tag","embeddable":true,"href":"https:\/\/redsemlac.com\/semmexico\/wp-json\/wp\/v2\/tags?post=31782"}],"curies":[{"name":"wp","href":"https:\/\/api.w.org\/{rel}","templated":true}]}}