{"id":31779,"date":"2021-02-12T21:59:31","date_gmt":"2021-02-12T21:59:31","guid":{"rendered":"https:\/\/redsemlac.com\/semmexico\/?p=31779"},"modified":"2023-07-21T16:48:12","modified_gmt":"2023-07-21T21:48:12","slug":"muere-parroco-de-xalpatlahuac-obispado-de-tlapa","status":"publish","type":"post","link":"https:\/\/redsemlac.com\/semmexico\/muere-parroco-de-xalpatlahuac-obispado-de-tlapa\/","title":{"rendered":"MUERE P\u00c1RROCO DE XALPATL\u00c1HUAC: OBISPADO DE TLAPA"},"content":{"rendered":"\n<p class=\"wp-block-paragraph\">Por Agencia CEPROVYSA.COM<\/p>\n\n\n\n<p class=\"wp-block-paragraph\">Chilpancingo, Guerrero. Febrero 10-2021.- V\u00edctima de COVID 19 pierde la vida el p\u00e1rroco de Xalpatl\u00e1huac, Mario Campos Hern\u00e1ndez, inform\u00f3 el Obispado de Tlapa de Comonfort.<\/p>\n\n\n\n<p class=\"wp-block-paragraph\">El p\u00e1rroco Mario Campos Hern\u00e1ndez fue un destacado defensor de los derechos de los pueblos Ind\u00edgenas, y fue un impulsor de la creaci\u00f3n de la Coordinadora Regional de Autoridades Comunitarias- Polic\u00eda Comunitaria (CRAC-PC).<\/p>\n\n\n\n<p class=\"wp-block-paragraph\">El p\u00e1rroco estaba internado en el Hospital General de Chilpancingo, \u201cDr Raymundo Abarca Alarc\u00f3n\u201d d\u00f3nde estuvo en estado grave durante dos semanas.<\/p>\n\n\n\n<p class=\"wp-block-paragraph\">De acuerdo a la Di\u00f3cesis de Tlapa, el P\u00e1rroco Mario Campos Hern\u00e1ndez perdi\u00f3 la vida esta ma\u00f1ana \u201cpor complicaciones cl\u00ednicas asociados a Covid 19\u201d.<\/p>\n","protected":false},"excerpt":{"rendered":"<p>Por Agencia CEPROVYSA.COM Chilpancingo, Guerrero. Febrero 10-2021.- V\u00edctima de COVID 19 pierde la vida el p\u00e1rroco de Xalpatl\u00e1huac, Mario Campos Hern\u00e1ndez, inform\u00f3 el Obispado de Tlapa de Comonfort. El p\u00e1rroco Mario Campos Hern\u00e1ndez fue un destacado defensor de los derechos de los pueblos Ind\u00edgenas, y fue un impulsor de la creaci\u00f3n de la Coordinadora Regional [&hellip;]<\/p>\n","protected":false},"author":3,"featured_media":31780,"comment_status":"open","ping_status":"open","sticky":false,"template":"","format":"standard","meta":{"_monsterinsights_skip_tracking":false,"footnotes":""},"categories":[692,52],"tags":[],"class_list":["post-31779","post","type-post","status-publish","format-standard","has-post-thumbnail","category-692","category-hombres"],"_links":{"self":[{"href":"https:\/\/redsemlac.com\/semmexico\/wp-json\/wp\/v2\/posts\/31779","targetHints":{"allow":["GET"]}}],"collection":[{"href":"https:\/\/redsemlac.com\/semmexico\/wp-json\/wp\/v2\/posts"}],"about":[{"href":"https:\/\/redsemlac.com\/semmexico\/wp-json\/wp\/v2\/types\/post"}],"author":[{"embeddable":true,"href":"https:\/\/redsemlac.com\/semmexico\/wp-json\/wp\/v2\/users\/3"}],"replies":[{"embeddable":true,"href":"https:\/\/redsemlac.com\/semmexico\/wp-json\/wp\/v2\/comments?post=31779"}],"version-history":[{"count":0,"href":"https:\/\/redsemlac.com\/semmexico\/wp-json\/wp\/v2\/posts\/31779\/revisions"}],"wp:featuredmedia":[{"embeddable":true,"href":"https:\/\/redsemlac.com\/semmexico\/wp-json\/wp\/v2\/media\/31780"}],"wp:attachment":[{"href":"https:\/\/redsemlac.com\/semmexico\/wp-json\/wp\/v2\/media?parent=31779"}],"wp:term":[{"taxonomy":"category","embeddable":true,"href":"https:\/\/redsemlac.com\/semmexico\/wp-json\/wp\/v2\/categories?post=31779"},{"taxonomy":"post_tag","embeddable":true,"href":"https:\/\/redsemlac.com\/semmexico\/wp-json\/wp\/v2\/tags?post=31779"}],"curies":[{"name":"wp","href":"https:\/\/api.w.org\/{rel}","templated":true}]}}