{"id":31768,"date":"2021-02-12T18:43:12","date_gmt":"2021-02-12T18:43:12","guid":{"rendered":"https:\/\/redsemlac.com\/semmexico\/?p=31768"},"modified":"2023-07-21T16:48:12","modified_gmt":"2023-07-21T21:48:12","slug":"los-pobres-de-mexico-abandonados-por-la-4t","status":"publish","type":"post","link":"https:\/\/redsemlac.com\/semmexico\/los-pobres-de-mexico-abandonados-por-la-4t\/","title":{"rendered":"Los Pobres de M\u00e9xico\u2026 Abandonados por la 4T"},"content":{"rendered":"\n<p class=\"wp-block-paragraph\">*Natalia Vidales de Bitterlin<\/p>\n\n\n\n<p class=\"wp-block-paragraph\">SemM\u00e9xico. Sonora. 12 de febrero de 2021.- As\u00ed como el presidente de M\u00e9xico no apoy\u00f3 a los\u00a0\u00a0trabajadores mexicanos\u00a0\u00a0ni\u00a0\u00a0a las empresas\u00a0\u00a0para evitar la quiebra del pa\u00eds, tampoco\u00a0\u00a0ha hecho lo debido en materia de salud ante la Pandemia del Covid-19.\u00a0<\/p>\n\n\n\n<p class=\"wp-block-paragraph\">\u00bfNos extra\u00f1a? No deber\u00eda, porque la prioridad para el r\u00e9gimen actual ha sido un capricho y una necedad: la&nbsp;refiner\u00eda de Tres Bocas, el Tren Maya y el Aeropuerto Santa Luc\u00eda, por citar solo tres de las m\u00e1s patentes.&nbsp;<\/p>\n\n\n\n<p class=\"wp-block-paragraph\">El presidente no quiere ni&nbsp;&nbsp;va a suspender sus megas obras y eso ya lo vimos este jueves al disque&nbsp;&nbsp;inaugurar el mencionado&nbsp;aeropuerto,&nbsp;&nbsp;de manera vergonzosa por cierto, solo para quedar bien con el ej\u00e9rcito&nbsp;&nbsp;en&nbsp;&nbsp;una celebraci\u00f3n indebida para estos tiempos de muerte y sufrimiento.&nbsp;&nbsp;<\/p>\n\n\n\n<p class=\"wp-block-paragraph\">Mientras \u00e9l y sus invitados aplaud\u00edan y festejaban\u2026 miles de personas mor\u00edan en el pa\u00eds, sumando la cifra de 170 mil que ya fallecieron por el Covid.<\/p>\n\n\n\n<h5 class=\"wp-block-heading\">Seg\u00fan informaci\u00f3n de la&nbsp;&nbsp;Universidad John Hopkins, M\u00e9xico ocupa el tercer&nbsp;&nbsp;lugar en fallecidos por casos confirmados, y el n\u00famero&nbsp;&nbsp;siete en muertes por cada 100 mil habitantes.<\/h5>\n\n\n\n<p class=\"wp-block-paragraph\">Por ello\u2026 todos los esfuerzos y recursos del gobierno deber\u00edan estar enfocados en atender esta crisis, prioritariamente para la adquisici\u00f3n de vacunas y el protocolo de aplicaci\u00f3n; as\u00ed como corregir el rumbo con una renta de auxilio a trabajadores sin empleo y a las empresas cerradas.&nbsp;<\/p>\n\n\n\n<p class=\"wp-block-paragraph\">Mientras en otros pa\u00edses se han vacunado a millones de habitantes, en M\u00e9xico la cifra apenas llega al 0.49% de la poblaci\u00f3n (menos de 650 mil personas). \u00a1Que gran diferencia con lo que sucede en nuestro vecino pa\u00eds donde&nbsp;&nbsp;la vacuna ya&nbsp;&nbsp;se ha aplicado a m\u00e1s del 10% de su poblaci\u00f3n! (33.7 millones de personas)&nbsp;&nbsp;<\/p>\n\n\n\n<p class=\"wp-block-paragraph\">En nuestro pa\u00eds&nbsp;las muertes de quienes menos tienen se multiplican diariamente.<\/p>\n\n\n\n<p class=\"wp-block-paragraph\">Todos los d\u00edas vemos o leemos dram\u00e1ticos casos de personas en situaci\u00f3n de pobreza que mueren por no recibir atenci\u00f3n m\u00e9dica, incluso en la puerta de los hospitales.&nbsp;&nbsp;Y seguir\u00e1n muriendo porque las vacunas se aplicar\u00e1n a cuentagotas, as\u00ed que no se ve todav\u00eda la luz del final del t\u00fanel, como incre\u00edble e irresponsablemente se est\u00e1 presumiendo desde el Palacio Nacional.<\/p>\n\n\n\n<p class=\"wp-block-paragraph\">\u00bfNo sabr\u00e1 el presidente que son los pobres -esos que no deja de mencionar que son su prioridad-&nbsp;&nbsp;los m\u00e1s afectados?, porque los&nbsp;&nbsp;\u00a8fifis\u00a8,&nbsp;&nbsp;\u00a8los grandes empresarios\u00a8, \u00a8los poderosos\u00a8, la \u00a8mafia del poder\u00a8 como los llama \u2026 podr\u00e1n salir adelante porque o ya se vacunaron o est\u00e1n por hacerlo. \u00bfD\u00f3nde?&nbsp;&nbsp;En el extranjero, aqu\u00ed muy cerca de nosotros, cruzando la l\u00ednea. Lo har\u00e1n as\u00ed porque tienen recursos para viajar a Estados Unidos&nbsp;&nbsp;y aplic\u00e1rsela para proteger su salud y la de sus seres queridos.&nbsp;<\/p>\n\n\n\n<p class=\"wp-block-paragraph\">Los pobres no pueden hacerlo, pero por lo visto eso no le duele y, en realidad, no le importa al Presidente.&nbsp;&nbsp;\u00a1Que lamentable!<\/p>\n\n\n\n<p class=\"wp-block-paragraph\"><strong>*Periodista desde hace mas de 30 a\u00f1os. Directora de la revista de an\u00e1lisis pol\u00edtico MujeryPoder.&nbsp;<\/strong><a href=\"http:\/\/www.mujerypoder.com.mx\/\"><strong>www.mujerypoder.com.mx<\/strong><\/a><strong>. Comentarios y sugerencias: Whats 6621 441440.<\/strong><\/p>\n","protected":false},"excerpt":{"rendered":"<p>*Natalia Vidales de Bitterlin SemM\u00e9xico. Sonora. 12 de febrero de 2021.- As\u00ed como el presidente de M\u00e9xico no apoy\u00f3 a los\u00a0\u00a0trabajadores mexicanos\u00a0\u00a0ni\u00a0\u00a0a las empresas\u00a0\u00a0para evitar la quiebra del pa\u00eds, tampoco\u00a0\u00a0ha hecho lo debido en materia de salud ante la Pandemia del Covid-19.\u00a0 \u00bfNos extra\u00f1a? No deber\u00eda, porque la prioridad para el r\u00e9gimen actual ha sido [&hellip;]<\/p>\n","protected":false},"author":3,"featured_media":29883,"comment_status":"open","ping_status":"open","sticky":false,"template":"","format":"standard","meta":{"_monsterinsights_skip_tracking":false,"footnotes":""},"categories":[692,100,72,35],"tags":[],"class_list":["post-31768","post","type-post","status-publish","format-standard","has-post-thumbnail","category-692","category-mujer-y-poder","category-natalia-vidales","category-opinion"],"_links":{"self":[{"href":"https:\/\/redsemlac.com\/semmexico\/wp-json\/wp\/v2\/posts\/31768","targetHints":{"allow":["GET"]}}],"collection":[{"href":"https:\/\/redsemlac.com\/semmexico\/wp-json\/wp\/v2\/posts"}],"about":[{"href":"https:\/\/redsemlac.com\/semmexico\/wp-json\/wp\/v2\/types\/post"}],"author":[{"embeddable":true,"href":"https:\/\/redsemlac.com\/semmexico\/wp-json\/wp\/v2\/users\/3"}],"replies":[{"embeddable":true,"href":"https:\/\/redsemlac.com\/semmexico\/wp-json\/wp\/v2\/comments?post=31768"}],"version-history":[{"count":0,"href":"https:\/\/redsemlac.com\/semmexico\/wp-json\/wp\/v2\/posts\/31768\/revisions"}],"wp:featuredmedia":[{"embeddable":true,"href":"https:\/\/redsemlac.com\/semmexico\/wp-json\/wp\/v2\/media\/29883"}],"wp:attachment":[{"href":"https:\/\/redsemlac.com\/semmexico\/wp-json\/wp\/v2\/media?parent=31768"}],"wp:term":[{"taxonomy":"category","embeddable":true,"href":"https:\/\/redsemlac.com\/semmexico\/wp-json\/wp\/v2\/categories?post=31768"},{"taxonomy":"post_tag","embeddable":true,"href":"https:\/\/redsemlac.com\/semmexico\/wp-json\/wp\/v2\/tags?post=31768"}],"curies":[{"name":"wp","href":"https:\/\/api.w.org\/{rel}","templated":true}]}}