{"id":31766,"date":"2021-02-12T18:40:08","date_gmt":"2021-02-12T18:40:08","guid":{"rendered":"https:\/\/redsemlac.com\/semmexico\/?p=31766"},"modified":"2023-07-21T16:48:12","modified_gmt":"2023-07-21T21:48:12","slug":"la-violencia-lesbofobica-del-ayuntamiento-de-tototlan","status":"publish","type":"post","link":"https:\/\/redsemlac.com\/semmexico\/la-violencia-lesbofobica-del-ayuntamiento-de-tototlan\/","title":{"rendered":"La violencia lesbof\u00f3bica del Ayuntamiento de Tototl\u00e1n"},"content":{"rendered":"\n<p class=\"wp-block-paragraph\">Lupita Ramos Ponce <\/p>\n\n\n\n<p class=\"wp-block-paragraph\">SemM\u00e9xico. Jalisco. 12 de febrero de 2021.- En el Ayuntamiento de Tototl\u00e1n no solo acosan, hostigan y ejercen violencia institucional y laboral, sino que adem\u00e1s tambi\u00e9n son lesbof\u00f3bicos. <\/p>\n\n\n\n<p class=\"wp-block-paragraph\">El&nbsp; 03 de mayo del a\u00f1o 2019 personal del ayuntamiento decidi\u00f3 hacer una comida en el campo municipal ubicado en la calle Enrique \u00c1lvarez del Castillo #15, Tototl\u00e1n con motivo del d\u00eda del alba\u00f1il. <\/p>\n\n\n\n<p class=\"wp-block-paragraph\">Despu\u00e9s de que se terminara la comida y el convivio, se quedaron en el lugar diversos funcionarios, entre ellos&nbsp; el Contralor Municipal; el Auxiliar de contralor\u00eda, el Director de Deportes; el encargado de Desarrollo Urbano y la funcionaria que vivi\u00f3 actos de lesbofobia y agresi\u00f3n. <\/p>\n\n\n\n<p class=\"wp-block-paragraph\">Seg\u00fan relata la afectada, durante la tarde y parte de la noche&nbsp; comenzaaron a hablar sobre diversos temas, entre estos, de los partidos pol\u00edticos, qui\u00e9nes podr\u00edan ser los pr\u00f3ximos candidatos a presidente, qui\u00e9nes ser\u00edan los candidatos, cu\u00e1ntas posibilidades ten\u00edan los partidos pol\u00edticos de las pr\u00f3ximas elecciones, tambi\u00e9n hablaron de f\u00fatbol, del trabajo, religi\u00f3n y sobre temas de preferencias sexuales. <\/p>\n\n\n\n<p class=\"wp-block-paragraph\">Cuando llegaron a ese tema, &nbsp; algunos de los funcionarios presentes comenzaron a cuestionar a la funcionaria violentada sobre su preferencia sexual,&nbsp; a lo que ella respondi\u00f3 que s\u00ed, que era lesbiana y que no ten\u00eda ning\u00fan problema en decirlo y a partir de ese momento comenzaron a realizar comentarios ofensivos&nbsp; como: es antinatural, es pecado, no viene en la Biblia, te hace falta un buen hombre; a lo que respondi\u00f3 que ten\u00eda muchos a\u00f1os con su pareja y que viv\u00eda libremente su amor por las mujeres y no ten\u00eda verg\u00fcenza de asumirse lesbiana y decirlo abiertamente. <\/p>\n\n\n\n<p class=\"wp-block-paragraph\">Como todos los hombres lesbof\u00f3bicos le dijeron: \u201cque respetaban pero que no estaban de acuerdo con las personas homosexuales\u201d, as\u00ed continuaron con agresiones verbales que fueron subiendo de nivel hasta que Gerardo Z\u00fa\u00f1iga Guti\u00e9rrez, el entonces Auxiliar de Reglamentos del Municipio de Tototl\u00e1n, se levanta ebrio de su silla&nbsp; y de la nada por la espalda le da un pu\u00f1etazo en la cara a la funcionaria y la&nbsp; tumba de un golpe al suelo. <\/p>\n\n\n\n<p class=\"wp-block-paragraph\">El agresor alegaba que&nbsp; la v\u00edctima lo hab\u00eda ofendido al decir abiertamente que era lesbiana, sin embargo, el resto de funcionarios presentes no hicieron nada, no lo reprendieron, ni impidieron las agresiones verbales y f\u00edsicas. <\/p>\n\n\n\n<p class=\"wp-block-paragraph\">Despu\u00e9s de estos hechos, la aafectada tuvo que ir a terapias psicol\u00f3gica por alrededor de 3 meses y por cuestiones econ\u00f3micas y de tiempo dejo de ir, , dur\u00f3 meses saliendo a la calle con miedo y temor de encontrarse a su agresor y que volviera a agredirla, ya que si se hab\u00eda atrevido a golpearla delante de la gente sin que tuviera consecuncias, tem\u00eda que la agrediera de nuevo. <\/p>\n\n\n\n<p class=\"wp-block-paragraph\">En octubre del mismo a\u00f1o, la afectada fue despedida de su trabajo de manera injustificada sin que nunca se iniciara procedimiento en contra de su agresor, quien&nbsp; fue liquidado y le siguieron pagando durante dos meses m\u00e1s despu\u00e9s de los hechos y su despido,&nbsp; lo cual deja claro que no fue un despido como tal, no tuvo un castigo, no hubo justicia ni sanci\u00f3n alguna.&nbsp;<\/p>\n\n\n\n<p class=\"wp-block-paragraph\">Las violencias perpetradas en contra de la v\u00edctima,no solo afectaron su integridad f\u00edsica y emocional, sino restringieron su desarrollo individual, pol\u00edtico y social debido a lasgraves omisiones en la atenci\u00f3n de la violencia en su contra y tambi\u00e9n las consecuencias econ\u00f3micas al ser ella la que fue despedida injustificadamente.&nbsp;<\/p>\n\n\n\n<p class=\"wp-block-paragraph\">Se siguen acumulando las denuncias en contra de este Ayuntamiento Mis\u00f3gino, machista y lesbof\u00f3fico. Como sociedad no debemos permitir que casos como este se repitan. Desde aqu\u00ed mi solidaridad con AL para que sus derchos humanos violentados sean castigados y ella obtenga la reparaci\u00f3n integral&nbsp; del da\u00f1o, que incluya el respeto pleno a su persona y a su dignidad.&nbsp;<\/p>\n\n\n\n<p class=\"wp-block-paragraph\">medium.com\/dra-lupitaramos&nbsp;<\/p>\n\n\n\n<p class=\"wp-block-paragraph\">@dralupitaramosp<\/p>\n","protected":false},"excerpt":{"rendered":"<p>Lupita Ramos Ponce SemM\u00e9xico. Jalisco. 12 de febrero de 2021.- En el Ayuntamiento de Tototl\u00e1n no solo acosan, hostigan y ejercen violencia institucional y laboral, sino que adem\u00e1s tambi\u00e9n son lesbof\u00f3bicos. El&nbsp; 03 de mayo del a\u00f1o 2019 personal del ayuntamiento decidi\u00f3 hacer una comida en el campo municipal ubicado en la calle Enrique \u00c1lvarez [&hellip;]<\/p>\n","protected":false},"author":3,"featured_media":8967,"comment_status":"open","ping_status":"open","sticky":false,"template":"","format":"standard","meta":{"_monsterinsights_skip_tracking":false,"footnotes":""},"categories":[692,104,91,35],"tags":[],"class_list":["post-31766","post","type-post","status-publish","format-standard","has-post-thumbnail","category-692","category-coordenada","category-lupita-ramos-ponce","category-opinion"],"_links":{"self":[{"href":"https:\/\/redsemlac.com\/semmexico\/wp-json\/wp\/v2\/posts\/31766","targetHints":{"allow":["GET"]}}],"collection":[{"href":"https:\/\/redsemlac.com\/semmexico\/wp-json\/wp\/v2\/posts"}],"about":[{"href":"https:\/\/redsemlac.com\/semmexico\/wp-json\/wp\/v2\/types\/post"}],"author":[{"embeddable":true,"href":"https:\/\/redsemlac.com\/semmexico\/wp-json\/wp\/v2\/users\/3"}],"replies":[{"embeddable":true,"href":"https:\/\/redsemlac.com\/semmexico\/wp-json\/wp\/v2\/comments?post=31766"}],"version-history":[{"count":0,"href":"https:\/\/redsemlac.com\/semmexico\/wp-json\/wp\/v2\/posts\/31766\/revisions"}],"wp:featuredmedia":[{"embeddable":true,"href":"https:\/\/redsemlac.com\/semmexico\/wp-json\/wp\/v2\/media\/8967"}],"wp:attachment":[{"href":"https:\/\/redsemlac.com\/semmexico\/wp-json\/wp\/v2\/media?parent=31766"}],"wp:term":[{"taxonomy":"category","embeddable":true,"href":"https:\/\/redsemlac.com\/semmexico\/wp-json\/wp\/v2\/categories?post=31766"},{"taxonomy":"post_tag","embeddable":true,"href":"https:\/\/redsemlac.com\/semmexico\/wp-json\/wp\/v2\/tags?post=31766"}],"curies":[{"name":"wp","href":"https:\/\/api.w.org\/{rel}","templated":true}]}}