{"id":31760,"date":"2021-02-12T18:31:40","date_gmt":"2021-02-12T18:31:40","guid":{"rendered":"https:\/\/redsemlac.com\/semmexico\/?p=31760"},"modified":"2023-07-21T16:48:12","modified_gmt":"2023-07-21T21:48:12","slug":"maria-isabel-belausteguigoitia-rius-nueva-directora-del-cieg","status":"publish","type":"post","link":"https:\/\/redsemlac.com\/semmexico\/maria-isabel-belausteguigoitia-rius-nueva-directora-del-cieg\/","title":{"rendered":"Mar\u00eda Isabel Belausteguigoitia Rius nueva directora del CIEG"},"content":{"rendered":"\n<ul class=\"wp-block-list\"><li><strong>Es urgente la expansi\u00f3n de v\u00ednculos internacionales&nbsp;<\/strong><\/li><li><strong>El Centro tiene una importancia crucial en la UNAM<\/strong><\/li><\/ul>\n\n\n\n<p class=\"wp-block-paragraph\"><strong>Redacci\u00f3n<\/strong><\/p>\n\n\n\n<p class=\"wp-block-paragraph\"><strong>SemM\u00e9xico, Cd. de M\u00e9xico, 12 de febrero, 2021.- El rector de la UNAM, Enrique Graue Wiechers, design\u00f3 como directora del Centro de Investigaciones y Estudios de G\u00e9nero (CIEG) para el periodo 2021-2025 a Mar\u00eda Isabel Belausteguigoitia Rius.<\/strong><\/p>\n\n\n\n<p class=\"wp-block-paragraph\"><strong>Durante una ceremonia virtual, Belausteguigoitia Rius dijo que es urgente la expansi\u00f3n de sus v\u00ednculos internacionales y el posicionamiento del liderazgo acad\u00e9mico nacional e internacional del CIEG.<\/strong><\/p>\n\n\n\n<p class=\"wp-block-paragraph\"><strong>Tambi\u00e9n refiri\u00f3 que entre sus objetivos est\u00e1 impulsar el compromiso de lectura, interpretaci\u00f3n, creaci\u00f3n de lenguajes te\u00f3ricos y generaci\u00f3n de conversaciones en el complejo mundo de los colectivos feministas.<\/strong><\/p>\n\n\n\n<p class=\"wp-block-paragraph\">Por su parte, la coordinadora de Humanidades, Guadalupe Valencia Garc\u00eda, destac\u00f3&nbsp;<strong>que esa entidad acad\u00e9mica es grande en sus alcances y prop\u00f3sitos. \u201cEs un centro que m\u00e1s all\u00e1 de su tama\u00f1o tiene una importancia crucial en nuestra Universidad\u201d.<\/strong><\/p>\n\n\n\n<p class=\"wp-block-paragraph\"><strong>Despu\u00e9s de desearle \u00e9xito a la nueva directiva, reconoci\u00f3 la labor de fortalecimiento y consolidaci\u00f3n del Centro que realiz\u00f3 Ana Gabriela Buquet Corleto al frente de la administraci\u00f3n saliente.<\/strong><\/p>\n\n\n\n<p class=\"wp-block-paragraph\"><strong>Trayectoria<\/strong><\/p>\n\n\n\n<p class=\"wp-block-paragraph\"><strong>Mar\u00eda Isabel Belausteguigoitia Rius e<\/strong><strong>s doctora en Estudios de Cr\u00edtica Cultural y G\u00e9nero por la Universidad de California en Berkeley; pasante de maestr\u00eda en Literatura Iberoamericana en la Facultad de Filosof\u00eda y Letras de la UNAM, 1992; pasante de maestr\u00eda en Teor\u00eda Psicoanal\u00edtica. CIEP (Centro de Estudios Psicoanal\u00edticos), 1986, y licenciada en Pedagog\u00eda por la Facultad de Filosof\u00eda y Letras de nuestra Universidad.<\/strong><\/p>\n\n\n\n<p class=\"wp-block-paragraph\"><strong>Es Profesora de Carrera Titular C, de Tiempo Completo, definitiva, en la Facultad de Filosof\u00eda y Letras de la UNAM. Es reconocida con PRIDE D y es integrante del Sistema Nacional de Investigadores en el nivel II.<\/strong><\/p>\n\n\n\n<p class=\"wp-block-paragraph\"><strong>Sus l\u00edneas de investigaci\u00f3n se vinculan con g\u00e9nero, frontera y cr\u00edtica cultural. Mujeres en reclusi\u00f3n; nuevas pedagog\u00edas y equidad de g\u00e9nero en la UNAM.<\/strong><\/p>\n\n\n\n<p class=\"wp-block-paragraph\"><strong>Pertenece a los grupos de investigaci\u00f3n Mujeres en Espiral: sistema de justicia, perspectiva de g\u00e9nero y pedagog\u00edas en resistencia, de 2008 a la fecha; los proyectos PAPIIT: Condiciones de mujeres en prisi\u00f3n: perspectivas de g\u00e9nero, derechos humanos y enfoques art\u00edsticos y pedag\u00f3gicos (2021-2023); y Criminolog\u00eda cr\u00edtica, perspectiva de g\u00e9nero y nuevas pedagog\u00edas (2014-2016); adem\u00e1s de la Universidad cr\u00edtica y la teor\u00eda cr\u00edtica en el sur global: Una nueva iniciativa curricular con la Mellon Foundation.&nbsp;<\/strong><strong>Coord Judith Butler, Pennelope Deutscher. Universidad de Northewestern, Chicago; Fordham NY (2017-2021).<\/strong><\/p>\n\n\n\n<p class=\"wp-block-paragraph\"><strong>Entre sus publicaciones significativas est\u00e1n los libros&nbsp;<\/strong><em>T\u00e9rminos Cr\u00edticos en el Pensamiento Caribe\u00f1o y Latinoamericano. Trayectoria Hist\u00f3rica e Institucional<\/em><strong>, coautor\u00eda con Yolanda Mart\u00ednez-San Miguel y Ben Sifuentes. Boston: RCLL. 2018; y&nbsp;<\/strong><em>Desposesi\u00f3n: G\u00e9nero, Territorio y luchas por la autodeterminaci\u00f3n<\/em><strong>, Marisa Belausteguigoitia y Josie Salda\u00f1a (NYU).<\/strong><\/p>\n\n\n\n<p class=\"wp-block-paragraph\"><strong>Es integrante de diversos comit\u00e9s internacionales de colaboraci\u00f3n acad\u00e9mica y adem\u00e1s participa en cuerpos colegiados, como la Comisi\u00f3n PRIDE del Instituto de Investigaciones Est\u00e9ticas, de 2019 a la fecha, y en la Comisi\u00f3n de Equidad de G\u00e9nero de la Facultad de Filosof\u00eda y Letras, UNAM, desde 2016.<\/strong><\/p>\n\n\n\n<p class=\"wp-block-paragraph\"><strong>Ha sido distinguida con la Medalla Omec\u00edhuatl por el Instituto de las Mujeres del Distrito Federal (2010); con el premio colectivo Margherita von Brentano de la Freie Universit\u00e4t Berlin, otorgado al proyecto de la Comunidad Europea (Alfa III) MISEAL (Medidas para la inclusi\u00f3n social y equidad en Instituciones de Educaci\u00f3n Superior en Am\u00e9rica Latina en 2013).<\/strong><\/p>\n\n\n\n<p class=\"wp-block-paragraph\"><strong>Reconocida tambi\u00e9n con la C\u00e1tedra Andr\u00e9s Bello para el estudio de la cultura y civilizaciones en Latinoam\u00e9rica de la Universidad de Nueva York (enero-junio, 2019); con la C\u00e1tedra Kreeger Wolf Visiting Professor del Departamento de Literatura Latinoamericana en el Programa de Teor\u00eda Cr\u00edtica de la Universidad de Northwestern, en Chicago, para la primavera u oto\u00f1o del a\u00f1o 2021 y como Eminent Scholar en la Universidad de Maryland en Baltimore County, en 2016.<\/strong><\/p>\n\n\n\n<p class=\"wp-block-paragraph\"><strong>Fue directora del Programa Universitario de Estudios de G\u00e9nero de la UNAM de 2004 a 2013.<\/strong><\/p>\n\n\n\n<p class=\"wp-block-paragraph\"><strong>SEM\/sj<\/strong><\/p>\n","protected":false},"excerpt":{"rendered":"<p>Es urgente la expansi\u00f3n de v\u00ednculos internacionales&nbsp; El Centro tiene una importancia crucial en la UNAM Redacci\u00f3n SemM\u00e9xico, Cd. de M\u00e9xico, 12 de febrero, 2021.- El rector de la UNAM, Enrique Graue Wiechers, design\u00f3 como directora del Centro de Investigaciones y Estudios de G\u00e9nero (CIEG) para el periodo 2021-2025 a Mar\u00eda Isabel Belausteguigoitia Rius. Durante [&hellip;]<\/p>\n","protected":false},"author":3,"featured_media":31761,"comment_status":"open","ping_status":"open","sticky":false,"template":"","format":"standard","meta":{"_monsterinsights_skip_tracking":false,"footnotes":""},"categories":[692,54],"tags":[],"class_list":["post-31760","post","type-post","status-publish","format-standard","has-post-thumbnail","category-692","category-mujeres"],"_links":{"self":[{"href":"https:\/\/redsemlac.com\/semmexico\/wp-json\/wp\/v2\/posts\/31760","targetHints":{"allow":["GET"]}}],"collection":[{"href":"https:\/\/redsemlac.com\/semmexico\/wp-json\/wp\/v2\/posts"}],"about":[{"href":"https:\/\/redsemlac.com\/semmexico\/wp-json\/wp\/v2\/types\/post"}],"author":[{"embeddable":true,"href":"https:\/\/redsemlac.com\/semmexico\/wp-json\/wp\/v2\/users\/3"}],"replies":[{"embeddable":true,"href":"https:\/\/redsemlac.com\/semmexico\/wp-json\/wp\/v2\/comments?post=31760"}],"version-history":[{"count":0,"href":"https:\/\/redsemlac.com\/semmexico\/wp-json\/wp\/v2\/posts\/31760\/revisions"}],"wp:featuredmedia":[{"embeddable":true,"href":"https:\/\/redsemlac.com\/semmexico\/wp-json\/wp\/v2\/media\/31761"}],"wp:attachment":[{"href":"https:\/\/redsemlac.com\/semmexico\/wp-json\/wp\/v2\/media?parent=31760"}],"wp:term":[{"taxonomy":"category","embeddable":true,"href":"https:\/\/redsemlac.com\/semmexico\/wp-json\/wp\/v2\/categories?post=31760"},{"taxonomy":"post_tag","embeddable":true,"href":"https:\/\/redsemlac.com\/semmexico\/wp-json\/wp\/v2\/tags?post=31760"}],"curies":[{"name":"wp","href":"https:\/\/api.w.org\/{rel}","templated":true}]}}