{"id":31756,"date":"2021-02-12T18:29:11","date_gmt":"2021-02-12T18:29:11","guid":{"rendered":"https:\/\/redsemlac.com\/semmexico\/?p=31756"},"modified":"2023-07-21T16:48:12","modified_gmt":"2023-07-21T21:48:12","slug":"vincula-a-proceso-fiscalia-de-la-cdmx-a-23-agresores-por-delitos-contra-mujeres","status":"publish","type":"post","link":"https:\/\/redsemlac.com\/semmexico\/vincula-a-proceso-fiscalia-de-la-cdmx-a-23-agresores-por-delitos-contra-mujeres\/","title":{"rendered":"Vincula a proceso Fiscal\u00eda de la CDMX a 23 agresores por delitos contra mujeres"},"content":{"rendered":"\n<ul class=\"wp-block-list\"><li>17 de ellos por violencia familia, cinco por delitos sexuales y de trata<\/li><li>Ernestina Godoy informa que se proces\u00f3 a una persona por explotaci\u00f3n laboral<\/li><\/ul>\n\n\n\n<p class=\"wp-block-paragraph\">Redacci\u00f3n<\/p>\n\n\n\n<p class=\"wp-block-paragraph\">SemM\u00e9xico, Cd. de M\u00e9xico, 12 de febrero, 2021.- En la \u00faltima semana, de los 23 presuntos agresores vinculados a proceso, 17 fueron imputados por violencia familiar, cinco por delitos sexuales y por trata de persona, en su modalidad de explotaci\u00f3n, dijo hoy la Fiscala Ernestina Godoy Ramos, quien aclar\u00f3 que, en este \u00faltimo caso, la v\u00edctima, una menor de 16 a\u00f1os, fue rescatada.<\/p>\n\n\n\n<p class=\"wp-block-paragraph\">De los hechos de violencia de g\u00e9nero contra mujeres atendidos por la Fiscal\u00eda General de la CDMX, Godoy Ramos ejemplific\u00f3 con la explotaci\u00f3n laboral en contra de una mujer de 27 a\u00f1os y procedente de Michoac\u00e1n, a quien despu\u00e9s de un tiempo le dejaron de pagar su sueldo en un restaurante, solo le permit\u00edan una comida y era sometida a castigos f\u00edsicos con utensilios de cocina que le provocaron quemaduras en sus brazos y otras partes del cuerpo.<\/p>\n\n\n\n<p class=\"wp-block-paragraph\">En ese caso se logr\u00f3 una sentencia en contra de una mujer y una indemnizaci\u00f3n por concepto de reparaci\u00f3n del da\u00f1o.<\/p>\n\n\n\n<p class=\"wp-block-paragraph\">Otro caso es de una menor de edad, que era prostituida por su madre en hoteles de paso, rescatamos a la v\u00edctima, est\u00e1 detenida su madre, el hombre tambi\u00e9n ya se encuentra detenido.<\/p>\n\n\n\n<p class=\"wp-block-paragraph\">Un caso m\u00e1s fue el de la Zona Divas, fue muy conocido, muy medi\u00e1tico, operaba en un sitio Web&nbsp;<a href=\"http:\/\/zonadivas.com\/\" target=\"_blank\" rel=\"noreferrer noopener\">zonadivas.com<\/a>&nbsp;y desde 2017 un grupo de mujeres de origen extranjero presentaron una denuncia, ya que eran explotadas sexualmente en un inmueble en la alcald\u00eda de Benito Ju\u00e1rez.<\/p>\n\n\n\n<p class=\"wp-block-paragraph\">Ah\u00ed lo trabajamos en colaboraci\u00f3n con la Polic\u00eda Federal, hoy Guardia Nacional y quien retom\u00f3 el caso en 2019. El resultado fue el desmantelamiento de una red de trata de mujeres procedentes de pa\u00edses sudamericanos como Venezuela, Colombia y Argentina.&nbsp;Seis personas fueron procesadas, incluyendo el l\u00edder del grupo y se aseguraron nueve inmuebles en los que operaba esta banda, dijo Godoy Ramos.<\/p>\n\n\n\n<p class=\"wp-block-paragraph\">La servidora p\u00fablica capitalina expuso que se cuenta con varios centros de atenci\u00f3n a v\u00edctimas de trata, como un refugio transitorio para resguardar a las v\u00edctimas que son liberadas y que no tengan d\u00f3nde quedarse. Donde se brinda atenci\u00f3n psicol\u00f3gica y m\u00e9dica para atender a las v\u00edctimas.<\/p>\n\n\n\n<p class=\"wp-block-paragraph\">La Fiscal\u00eda, dijo, trabaja en estrecha cooperaci\u00f3n para realizar la investigaci\u00f3n de tipo cibern\u00e9tica en redes sociales, en p\u00e1ginas para detectar contenidos, p\u00e1ginas que tienen contenidos sexuales il\u00edcitos, como la Polic\u00eda de Investigaci\u00f3n con Guardia Nacional, la Secretar\u00eda de Seguridad Ciudadana.<\/p>\n\n\n\n<p class=\"wp-block-paragraph\">As\u00ed como con la Guardia Nacional, con el Centro Nacional de Ni\u00f1os Desaparecidos y Explotados, y con la Unidad Antitrata con los cuales llevamos a cabo investigaciones y hacemos reportes del material con contenido il\u00edcito.<\/p>\n\n\n\n<p class=\"wp-block-paragraph\">El Consejo Ciudadano nos ayuda mucho porque tiene una l\u00ednea nacional contra la trata y desde ah\u00ed nos hacen llegar denuncias, en su mayor\u00eda an\u00f3nimas, pero que son ciertas.<\/p>\n\n\n\n<p class=\"wp-block-paragraph\">Trabajamos con el Instituto de Migraci\u00f3n, con la Direcci\u00f3n de Verificaci\u00f3n de Control Migratorio que apoya en los casos con v\u00edctimas extranjeras.<\/p>\n\n\n\n<p class=\"wp-block-paragraph\">SEM\/sj<\/p>\n","protected":false},"excerpt":{"rendered":"<p>17 de ellos por violencia familia, cinco por delitos sexuales y de trata Ernestina Godoy informa que se proces\u00f3 a una persona por explotaci\u00f3n laboral Redacci\u00f3n SemM\u00e9xico, Cd. de M\u00e9xico, 12 de febrero, 2021.- En la \u00faltima semana, de los 23 presuntos agresores vinculados a proceso, 17 fueron imputados por violencia familiar, cinco por delitos [&hellip;]<\/p>\n","protected":false},"author":3,"featured_media":31757,"comment_status":"open","ping_status":"open","sticky":false,"template":"","format":"standard","meta":{"_monsterinsights_skip_tracking":false,"footnotes":""},"categories":[692,51],"tags":[],"class_list":["post-31756","post","type-post","status-publish","format-standard","has-post-thumbnail","category-692","category-ejecutivo"],"_links":{"self":[{"href":"https:\/\/redsemlac.com\/semmexico\/wp-json\/wp\/v2\/posts\/31756","targetHints":{"allow":["GET"]}}],"collection":[{"href":"https:\/\/redsemlac.com\/semmexico\/wp-json\/wp\/v2\/posts"}],"about":[{"href":"https:\/\/redsemlac.com\/semmexico\/wp-json\/wp\/v2\/types\/post"}],"author":[{"embeddable":true,"href":"https:\/\/redsemlac.com\/semmexico\/wp-json\/wp\/v2\/users\/3"}],"replies":[{"embeddable":true,"href":"https:\/\/redsemlac.com\/semmexico\/wp-json\/wp\/v2\/comments?post=31756"}],"version-history":[{"count":0,"href":"https:\/\/redsemlac.com\/semmexico\/wp-json\/wp\/v2\/posts\/31756\/revisions"}],"wp:featuredmedia":[{"embeddable":true,"href":"https:\/\/redsemlac.com\/semmexico\/wp-json\/wp\/v2\/media\/31757"}],"wp:attachment":[{"href":"https:\/\/redsemlac.com\/semmexico\/wp-json\/wp\/v2\/media?parent=31756"}],"wp:term":[{"taxonomy":"category","embeddable":true,"href":"https:\/\/redsemlac.com\/semmexico\/wp-json\/wp\/v2\/categories?post=31756"},{"taxonomy":"post_tag","embeddable":true,"href":"https:\/\/redsemlac.com\/semmexico\/wp-json\/wp\/v2\/tags?post=31756"}],"curies":[{"name":"wp","href":"https:\/\/api.w.org\/{rel}","templated":true}]}}