{"id":31738,"date":"2021-02-11T22:13:24","date_gmt":"2021-02-11T22:13:24","guid":{"rendered":"https:\/\/redsemlac.com\/semmexico\/?p=31738"},"modified":"2023-07-21T16:48:13","modified_gmt":"2023-07-21T21:48:13","slug":"elecciones-2021-seran-un-desafio-por-la-pandemia-ine","status":"publish","type":"post","link":"https:\/\/redsemlac.com\/semmexico\/elecciones-2021-seran-un-desafio-por-la-pandemia-ine\/","title":{"rendered":"Elecciones 2021 ser\u00e1n un desaf\u00edo por la pandemia: INE"},"content":{"rendered":"\n<ul class=\"wp-block-list\"><li>Cuentan con protocolos de acuerdo a las recomendaciones de la OMS<\/li><li>Ser\u00eda inviable aplazar la jornada comicial del 6 de junio<\/li><\/ul>\n\n\n\n<p class=\"wp-block-paragraph\">Redacci\u00f3n<\/p>\n\n\n\n<p class=\"wp-block-paragraph\">SemM\u00e9xico, Cd. de M\u00e9xico, 11 de febrero, 2021.- El pr\u00f3ximo 6 de junio y en pandemia, M\u00e9xico tendr\u00e1 elecciones, el desaf\u00edo ser\u00e1 reproducir el \u00e9xito de los comicios del a\u00f1o pasado en Coahuila e Hidalgo, para que el Proceso Electoral Federal y los 32 locales concurrentes en curso no impacten en las curvas de contagio de la pandemia por COVID-19.<\/p>\n\n\n\n<p class=\"wp-block-paragraph\">As\u00ed lo afirm\u00f3 el Consejero Presidente, Lorenzo C\u00f3rdova Vianello quien reconoci\u00f3 que realizar las elecciones es ir contra el aislamiento recomendado por la Organizaci\u00f3n Mundial de la Salud por la pandemia de Covid 19, sin embargo, se han elaborado protocolos muy estrictos que contemplan las recomendaciones de un grupo de expertos en t\u00e9rminos de salud p\u00fablica.&nbsp;<\/p>\n\n\n\n<p class=\"wp-block-paragraph\">M\u00e9xico no ser\u00eda el \u00fanico ni el primer pa\u00eds en enfrentar este desaf\u00edo, dijo durante la conferencia \u201cAutonom\u00eda y su Relevancia para el Proceso Electoral 2021\u201d, organizada por la Asociaci\u00f3n Nacional de Abogados de Empresa (ANADE), que se efect\u00fao de manera virtual.<\/p>\n\n\n\n<p class=\"wp-block-paragraph\">El INE, dijo, actuar\u00e1 a partir de las mejores pr\u00e1cticas a nivel internacional para garantizar que el ejercicio de los derechos pol\u00edticos no entre en contraposici\u00f3n con el derecho a la salud, al resultar inviable aplazar los comicios del pr\u00f3ximo 6 de junio. \u201cNo hay margen de movilidad\u201d, sentenci\u00f3.<\/p>\n\n\n\n<p class=\"wp-block-paragraph\">Agreg\u00f3 que la imposibilidad de mover la elecci\u00f3n como sucedi\u00f3 el a\u00f1o pasado deriva de la necesidad de que la C\u00e1mara de Diputados est\u00e9 instalada el 1\u00b0 de septiembre, ya que una de sus principales tareas ser\u00e1 la definici\u00f3n del paquete presupuestal, que en el contexto tan delicado que se encuentra la econom\u00eda podr\u00eda desatar una crisis constitucional in\u00e9dita de proporciones may\u00fasculas.&nbsp;&nbsp;&nbsp;<\/p>\n\n\n\n<p class=\"wp-block-paragraph\"><strong>Visitar\u00e1n a 12 millones 200 mil personas<\/strong><\/p>\n\n\n\n<p class=\"wp-block-paragraph\">C\u00f3rdova Vianello record\u00f3 que este viernes arranca \u201cel segundo trabajo de campo m\u00e1s grande que realiza el Estado mexicano\u201d, superado s\u00f3lo por el Censo, que implica la visita a m\u00e1s de 12 millones 200 mil personas en sus domicilios para invitarlos a ser funcionarios de casilla.&nbsp;<\/p>\n\n\n\n<p class=\"wp-block-paragraph\">Para ello, indic\u00f3, ser\u00e1 necesario dotar de equipos de protecci\u00f3n sanitaria como caretas, cubrebocas, desinfectantes y geles en este trabajo de acercamiento, sino que tambi\u00e9n el INE deber\u00e1 transmitir la idea de que estamos cuidando a quienes van a ser los autores de la Jornada Electoral.&nbsp;<\/p>\n\n\n\n<p class=\"wp-block-paragraph\">En este contexto es que se habr\u00e1 de invitar a la ciudadan\u00eda a que puedan seguir los cursos de capacitaci\u00f3n para funcionarios de casilla en l\u00ednea para minimizar los riesgos de contagio, lo que, confi\u00f3, pueda lograr una penetraci\u00f3n de entre el 65 y el 70 por ciento.<\/p>\n\n\n\n<p class=\"wp-block-paragraph\"><strong>Reducci\u00f3n del presupuesto no es un impedimento&nbsp;<\/strong><\/p>\n\n\n\n<p class=\"wp-block-paragraph\">Record\u00f3 que el INE sufri\u00f3 el recorte presupuestal m\u00e1s grande de su historia en a\u00f1o electoral, el tema ya est\u00e1 exorcizado a nivel federal, aunque advirti\u00f3 la necesidad de que se garanticen los recursos a los \u00f3rganos locales.<\/p>\n\n\n\n<p class=\"wp-block-paragraph\">No obstante,<strong>&nbsp;<\/strong>el Consejero Presidente dijo que se requieren mil 500 millones de pesos para realizar el 1 de agosto una consulta p\u00fablica en las condiciones que establece la Constituci\u00f3n, incluso, apunt\u00f3 que ante esa omisi\u00f3n se interpuso una controversia constitucional en la Suprema Corte de Justicia de la Naci\u00f3n, para saber cu\u00e1les son los pasos a seguir con independencia de que se ha solicitado una ampliaci\u00f3n presupuestal a la Secretar\u00eda de Hacienda que hasta ahora no ha sido atendida.<\/p>\n\n\n\n<p class=\"wp-block-paragraph\">C\u00f3rdova Vianello afirm\u00f3 que, en tanto se resuelve cualquiera de estas solicitudes, se deber\u00e1n tomar definiciones en t\u00e9rminos de organizaci\u00f3n de la consulta para definir c\u00f3mo es que se llevar\u00e1 a cabo en funci\u00f3n de los recursos que se tengan y recalc\u00f3 que \u201cel tema del dinero es algo que inevitablemente tiene un impacto en la calidad de los procesos electorales\u201d, concluy\u00f3.&nbsp;<\/p>\n\n\n\n<p class=\"wp-block-paragraph\">SEM\/sj<\/p>\n","protected":false},"excerpt":{"rendered":"<p>Cuentan con protocolos de acuerdo a las recomendaciones de la OMS Ser\u00eda inviable aplazar la jornada comicial del 6 de junio Redacci\u00f3n SemM\u00e9xico, Cd. de M\u00e9xico, 11 de febrero, 2021.- El pr\u00f3ximo 6 de junio y en pandemia, M\u00e9xico tendr\u00e1 elecciones, el desaf\u00edo ser\u00e1 reproducir el \u00e9xito de los comicios del a\u00f1o pasado en Coahuila [&hellip;]<\/p>\n","protected":false},"author":3,"featured_media":31739,"comment_status":"open","ping_status":"open","sticky":false,"template":"","format":"standard","meta":{"_monsterinsights_skip_tracking":false,"footnotes":""},"categories":[692,141],"tags":[],"class_list":["post-31738","post","type-post","status-publish","format-standard","has-post-thumbnail","category-692","category-elecciones-2020-2021"],"_links":{"self":[{"href":"https:\/\/redsemlac.com\/semmexico\/wp-json\/wp\/v2\/posts\/31738","targetHints":{"allow":["GET"]}}],"collection":[{"href":"https:\/\/redsemlac.com\/semmexico\/wp-json\/wp\/v2\/posts"}],"about":[{"href":"https:\/\/redsemlac.com\/semmexico\/wp-json\/wp\/v2\/types\/post"}],"author":[{"embeddable":true,"href":"https:\/\/redsemlac.com\/semmexico\/wp-json\/wp\/v2\/users\/3"}],"replies":[{"embeddable":true,"href":"https:\/\/redsemlac.com\/semmexico\/wp-json\/wp\/v2\/comments?post=31738"}],"version-history":[{"count":0,"href":"https:\/\/redsemlac.com\/semmexico\/wp-json\/wp\/v2\/posts\/31738\/revisions"}],"wp:featuredmedia":[{"embeddable":true,"href":"https:\/\/redsemlac.com\/semmexico\/wp-json\/wp\/v2\/media\/31739"}],"wp:attachment":[{"href":"https:\/\/redsemlac.com\/semmexico\/wp-json\/wp\/v2\/media?parent=31738"}],"wp:term":[{"taxonomy":"category","embeddable":true,"href":"https:\/\/redsemlac.com\/semmexico\/wp-json\/wp\/v2\/categories?post=31738"},{"taxonomy":"post_tag","embeddable":true,"href":"https:\/\/redsemlac.com\/semmexico\/wp-json\/wp\/v2\/tags?post=31738"}],"curies":[{"name":"wp","href":"https:\/\/api.w.org\/{rel}","templated":true}]}}