{"id":31734,"date":"2021-02-11T22:09:12","date_gmt":"2021-02-11T22:09:12","guid":{"rendered":"https:\/\/redsemlac.com\/semmexico\/?p=31734"},"modified":"2023-07-21T16:48:13","modified_gmt":"2023-07-21T21:48:13","slug":"feministas-de-quintana-roo-avanzan-en-la-defensa-de-los-derechos-humanos-y-el-congreso-se-compromete-a-no-perseguirlas-onu-dh-considera-ello-como-senal-positiva","status":"publish","type":"post","link":"https:\/\/redsemlac.com\/semmexico\/feministas-de-quintana-roo-avanzan-en-la-defensa-de-los-derechos-humanos-y-el-congreso-se-compromete-a-no-perseguirlas-onu-dh-considera-ello-como-senal-positiva\/","title":{"rendered":"Feministas de Quintana Roo avanzan en la defensa de los Derechos Humanos y el Congreso se compromete a no perseguirlas: ONU DH considera ello como se\u00f1al positiva"},"content":{"rendered":"\n<p class=\"wp-block-paragraph\">El acuerdo entre la Red Feminista y la diputaci\u00f3n,&nbsp;&nbsp;trabajaran padr\u00f3n de violentadores, ley para evitar acoso callejero y la 3 de 3 para todo el gobierno<\/p>\n\n\n\n<p class=\"wp-block-paragraph\">ONU atestigua,&nbsp;&nbsp;saluda este hecho y reconoce el valor de la participaci\u00f3n activa y el di\u00e1logo<\/p>\n\n\n\n<p class=\"wp-block-paragraph\">Soledad Jarqu\u00edn y Sara Lovera&nbsp;<\/p>\n\n\n\n<p class=\"wp-block-paragraph\">SemM\u00e9xico, Ciudad de M\u00e9xico, 11 de febrero, 2021.- El representante de la Oficina en M\u00e9xico del Alto Comisionado de las Naciones Unidas para los Derechos Humanos, Guillermo Fern\u00e1ndez-Maldonado, calific\u00f3 como una \u201cse\u00f1al positiva\u201d el Acuerdo de Voluntades firmado ayer mi\u00e9rcoles 10 de febrero, entre la XVI Legislatura del Congreso de Quintana Roo y la Red Feminista Quintanarroense.<\/p>\n\n\n\n<p class=\"wp-block-paragraph\">Las 26 colectivas feministas vigilar\u00e1n el cumplimiento del acuerdo y obtuvieron garant\u00edas para que no ser nunca m\u00e1s perseguidas y como sociedad civil participar en todas las discusiones de otros ocho cambios legales.&nbsp;<\/p>\n\n\n\n<p class=\"wp-block-paragraph\">En un comunicado emitido por el organismo internacional, explica que el acuerdo es una se\u00f1al positiva porque parte del reconocimiento del valor del derecho a la protesta pac\u00edfica como parte esencial de un sistema democr\u00e1tico, en el que se debe privilegiar la participaci\u00f3n activa y el di\u00e1logo constructivo con la sociedad para lograr una efectiva toma de decisiones que le ata\u00f1en\u201d.<\/p>\n\n\n\n<p class=\"wp-block-paragraph\">Mediante este acuerdo, el Congreso del Estado persigue generar las condiciones que garanticen el derecho de las personas a la libre reuni\u00f3n y manifestaci\u00f3n pac\u00edfica, derecho reconocido y protegido por diversos tratados internacionales de derechos humanos de los que M\u00e9xico es parte.&nbsp;<\/p>\n\n\n\n<p class=\"wp-block-paragraph\">El convenio logrado tras 73 d\u00edas de la toma del Congreso es trascendente para la agenda de las mujeres,&nbsp;&nbsp;seg\u00fan se lee el acuerdo,&nbsp;&nbsp;en Quintana Roo se crear\u00e1 un padr\u00f3n de agresores sexuales, que se proteger\u00e1 la informaci\u00f3n personal, imagen y dignidad de las mujeres v\u00edctimas de cualquier delito en raz\u00f3n de g\u00e9nero; cambios en las leyes para erradicar el acoso callejero, cambios en la ley de movilidad; y una legislaci\u00f3n espec\u00edfica era que ning\u00fan agresor sexual o irresponsable familiar, acceda a un cargo en Quintana Roo.<\/p>\n\n\n\n<p class=\"wp-block-paragraph\">Destaca que las feministas en Quintana Roo, sus organizaciones sociales, participen directamente en todas las comisiones del Congreso para esas modificaciones, sin exclusi\u00f3n. Igualmente se analizar\u00e1n cambios en la Ley de Acceso de las Mujeres a una Vida sin Violencia, para regular la portaci\u00f3n de armas no letales para su defensa, como acci\u00f3n afirmativa, en las responsabilidades del gobierno derivadas de la Alerta de Violencia de G\u00e9nero contra las Mujeres AVGM.<\/p>\n\n\n\n<p class=\"wp-block-paragraph\">El Congreso se comprometi\u00f3 a uno ejercer ninguna acci\u00f3n de persecuci\u00f3n contra las feministas de Quintana Roo.&nbsp;<\/p>\n\n\n\n<p class=\"wp-block-paragraph\">Por ello Fern\u00e1ndez-Maldonado&nbsp;&nbsp;ONU-DH, que actu\u00f3 como testigo del acuerdo narrado,&nbsp;&nbsp;se congratula por el inter\u00e9s compartido de lograr una agenda legislativa amplia que permita avanzar en la plena vigencia de los derechos humanos de las mujeres y las ni\u00f1as que habitan y transitan en la entidad\u201d, a\u00f1adi\u00f3.<\/p>\n\n\n\n<p class=\"wp-block-paragraph\">La ONU-DH reconoce tambi\u00e9n el importante rol de las mujeres defensoras de derechos humanos como plenas impulsoras de procesos que permiten avanzar en la garant\u00eda efectiva de los derechos humanos.<\/p>\n\n\n\n<p class=\"wp-block-paragraph\">Y reitera su plena disponibilidad para continuar brindando asesor\u00eda y cooperaci\u00f3n t\u00e9cnicas que el H. Congreso del Estado de Quintana Roo considere pertinentes, dentro del marco del pleno respeto a sus procedimientos parlamentarios, as\u00ed como su acompa\u00f1amiento a la Red Feminista Quintanarroense.<\/p>\n\n\n\n<p class=\"wp-block-paragraph\">SEM\/sj<\/p>\n","protected":false},"excerpt":{"rendered":"<p>El acuerdo entre la Red Feminista y la diputaci\u00f3n,&nbsp;&nbsp;trabajaran padr\u00f3n de violentadores, ley para evitar acoso callejero y la 3 de 3 para todo el gobierno ONU atestigua,&nbsp;&nbsp;saluda este hecho y reconoce el valor de la participaci\u00f3n activa y el di\u00e1logo Soledad Jarqu\u00edn y Sara Lovera&nbsp; SemM\u00e9xico, Ciudad de M\u00e9xico, 11 de febrero, 2021.- El [&hellip;]<\/p>\n","protected":false},"author":3,"featured_media":31735,"comment_status":"open","ping_status":"open","sticky":false,"template":"","format":"standard","meta":{"_monsterinsights_skip_tracking":false,"footnotes":""},"categories":[692,54],"tags":[],"class_list":["post-31734","post","type-post","status-publish","format-standard","has-post-thumbnail","category-692","category-mujeres"],"_links":{"self":[{"href":"https:\/\/redsemlac.com\/semmexico\/wp-json\/wp\/v2\/posts\/31734","targetHints":{"allow":["GET"]}}],"collection":[{"href":"https:\/\/redsemlac.com\/semmexico\/wp-json\/wp\/v2\/posts"}],"about":[{"href":"https:\/\/redsemlac.com\/semmexico\/wp-json\/wp\/v2\/types\/post"}],"author":[{"embeddable":true,"href":"https:\/\/redsemlac.com\/semmexico\/wp-json\/wp\/v2\/users\/3"}],"replies":[{"embeddable":true,"href":"https:\/\/redsemlac.com\/semmexico\/wp-json\/wp\/v2\/comments?post=31734"}],"version-history":[{"count":0,"href":"https:\/\/redsemlac.com\/semmexico\/wp-json\/wp\/v2\/posts\/31734\/revisions"}],"wp:featuredmedia":[{"embeddable":true,"href":"https:\/\/redsemlac.com\/semmexico\/wp-json\/wp\/v2\/media\/31735"}],"wp:attachment":[{"href":"https:\/\/redsemlac.com\/semmexico\/wp-json\/wp\/v2\/media?parent=31734"}],"wp:term":[{"taxonomy":"category","embeddable":true,"href":"https:\/\/redsemlac.com\/semmexico\/wp-json\/wp\/v2\/categories?post=31734"},{"taxonomy":"post_tag","embeddable":true,"href":"https:\/\/redsemlac.com\/semmexico\/wp-json\/wp\/v2\/tags?post=31734"}],"curies":[{"name":"wp","href":"https:\/\/api.w.org\/{rel}","templated":true}]}}