{"id":31731,"date":"2021-02-11T19:53:56","date_gmt":"2021-02-11T19:53:56","guid":{"rendered":"https:\/\/redsemlac.com\/semmexico\/?p=31731"},"modified":"2023-07-21T16:48:13","modified_gmt":"2023-07-21T21:48:13","slug":"denuncian-a-diputado-del-pt-por-violencia-politica-en-razon-de-genero","status":"publish","type":"post","link":"https:\/\/redsemlac.com\/semmexico\/denuncian-a-diputado-del-pt-por-violencia-politica-en-razon-de-genero\/","title":{"rendered":"Denuncian a diputado del PT por violencia pol\u00edtica en raz\u00f3n de g\u00e9nero"},"content":{"rendered":"\n<ul class=\"wp-block-list\"><li>Junto con funcionarios de CPC la intimidan, obstaculizan y no toman en cuenta<\/li><li>IEEPCO le otorga medidas cautelares<\/li><\/ul>\n\n\n\n<p class=\"wp-block-paragraph\">Lorena Vaniezcot<\/p>\n\n\n\n<p class=\"wp-block-paragraph\">SemM\u00e9xico, Oaxaca, 11 de febrero, 2021.- Un diputado y dos integrantes del Sistema Estatal de Combate a la Corrupci\u00f3n fueron denunciados porque presuntamente cometieron violencia pol\u00edtica en raz\u00f3n de g\u00e9nero en contra de Reyna Miguel Santill\u00e1n.<\/p>\n\n\n\n<p class=\"wp-block-paragraph\">As\u00ed lo informa en un comunicado de prensa en el que la tambi\u00e9n integrante de esa instituci\u00f3n, se\u00f1ala que el diputado C\u00e9sar Morales Ni\u00f1o, as\u00ed como Presidente del CPC-Oaxaca, Francisco Pablo Mungu\u00eda Gayt\u00e1n y al Secretario T\u00e9cnico del Sistema Estatal de Combate a la Corrupci\u00f3n, Eugenio Alberto Garc\u00eda Hern\u00e1ndez, por ejercer acciones intimidatorias para que me separe de mi cargo ciudadano y de emprender una campa\u00f1a medi\u00e1tica en su contra, as\u00ed como obstaculizar e invisibilizar sus funciones y retenci\u00f3n de pagos.<\/p>\n\n\n\n<p class=\"wp-block-paragraph\">A ra\u00edz de la denuncia, el IEEPCO le otorg\u00f3 las medidas cautelares solicitadas, estando en espera que avancen las investigaciones y se sancionen a los responsables.<\/p>\n\n\n\n<p class=\"wp-block-paragraph\">En el recuento de los hechos, relata que los d\u00edas 25 de noviembre de 2020 y el 27 de enero de 2021, Morales Ni\u00f1o \u201caprovech\u00f3 su cargo y us\u00f3 la tribuna del poder legislativo para pronunciar un discurso intimidatorio, me conmin\u00f3 (amenaz\u00f3), para que me separara de mi cargo ciudadano con base en acusaciones falsas y sin pruebas, s\u00f3lo haciendo suposiciones de la situaci\u00f3n del Despacho Santill\u00e1n Jim\u00e9nez y Compa\u00f1\u00eda, Sociedad Civil\u201d, del que asegura no es representante legal como se comprueba con instrumento notarial.<\/p>\n\n\n\n<p class=\"wp-block-paragraph\">\u201cLos se\u00f1alamientos en mi contra pronunciados por el legislador en tribuna sin una investigaci\u00f3n previa y sin pruebas, s\u00f3lo buscaron da\u00f1ar mi imagen, poner en tela de juicio mi trabajo en el Sistema Anticorrupci\u00f3n y sobre todo tuvo como finalidad afectar mi credibilidad, da\u00f1ando mi dignidad y la presunci\u00f3n de inocencia\u201d.<\/p>\n\n\n\n<p class=\"wp-block-paragraph\">Miguel Santill\u00e1n tambi\u00e9n denunci\u00f3 que el legislador se burl\u00f3 de mi condici\u00f3n de mujer y de ind\u00edgena en la sesi\u00f3n de fecha 27 de enero de 2021 en la tribuna del congreso local.<\/p>\n\n\n\n<p class=\"wp-block-paragraph\">De igual forma, dijo que el legislador del PT habr\u00eda argumentado \u201cotro supuesto conflicto de inter\u00e9s al cuestionarla por su desempe\u00f1o como catedr\u00e1tica de la UABJO, docencia que no afecta el desarrollo de mis funciones en el CPC, por el contrario, las enriquece<\/p>\n\n\n\n<p class=\"wp-block-paragraph\">En cambio, el diputado me ataca y se burla de mi al decir que no utilic\u00e9 mi condici\u00f3n de mujer e ind\u00edgena para defenderme, \u201ces clara la conducta estereotipada de esta persona, al creer que el hecho de que una mujer alce la voz es una agresi\u00f3n o una justificaci\u00f3n de la conducta, es lamentable que no entienda la situaci\u00f3n en la que se encuentra nuestro pa\u00eds\u201d.<\/p>\n\n\n\n<p class=\"wp-block-paragraph\">Explic\u00f3 que el presidente del CPC-Oaxaca, Francisco Pablo Mungu\u00eda, alardea de su cercan\u00eda con el diputado Morales Ni\u00f1o y en varias ocasiones le ha dicho que \u201cno sabe nada de acuerdos pol\u00edticos y que mejor no opinara, situaci\u00f3n que hace obvio su colusi\u00f3n para perpetrar los ataques en mi contra\u201d.<\/p>\n\n\n\n<p class=\"wp-block-paragraph\">A Mungu\u00eda Gayt\u00e1n tambi\u00e9n lo denunci\u00e9 por actos de omisi\u00f3n y obstaculizaci\u00f3n en el desempe\u00f1o de mis funciones en el interior del Comit\u00e9, que tienen que ver con manifestaciones que van en contra de mi dignidad, a trav\u00e9s de la discriminaci\u00f3n, marginaci\u00f3n e invisibilizaci\u00f3n de mis actividades, que llegaron al grado de no permitirme transmitir el programa semanal que coordino: \u201cTejiendo Redes Anticorrupci\u00f3n\u201d, eliminando mi rol como administradora de la cuenta oficial de Facebook del CPC-Oaxaca sin previo aviso.<\/p>\n\n\n\n<p class=\"wp-block-paragraph\">Lo mismo ocurre con el Secretario T\u00e9cnico, Eugenio Alberto Garc\u00eda que en contubernio con Mungu\u00eda Gayt\u00e1n han obstaculizado el desempe\u00f1o de mi cargo, lo que se agudiz\u00f3 en el lapso que ocup\u00e9 la presidencia interina a finales del a\u00f1o 2020; a diferencia de mis compa\u00f1eros hombres, no me han pagado la diferencia de honorarios como Presidenta del Comit\u00e9 de Participaci\u00f3n Ciudadana.<\/p>\n\n\n\n<p class=\"wp-block-paragraph\">Por ello, exigi\u00f3 a las instituciones correspondientes que realicen las investigaciones correspondientes desde la perspectiva de g\u00e9nero e intercultural ante los hechos de violencia pol\u00edtica en raz\u00f3n de g\u00e9nero y pidi\u00f3 se detenga todo acto u omisi\u00f3n que busquen da\u00f1ar su dignidad por parte de los denunciados.<\/p>\n\n\n\n<p class=\"wp-block-paragraph\">SEM\/sj<\/p>\n","protected":false},"excerpt":{"rendered":"<p>Junto con funcionarios de CPC la intimidan, obstaculizan y no toman en cuenta IEEPCO le otorga medidas cautelares Lorena Vaniezcot SemM\u00e9xico, Oaxaca, 11 de febrero, 2021.- Un diputado y dos integrantes del Sistema Estatal de Combate a la Corrupci\u00f3n fueron denunciados porque presuntamente cometieron violencia pol\u00edtica en raz\u00f3n de g\u00e9nero en contra de Reyna Miguel [&hellip;]<\/p>\n","protected":false},"author":3,"featured_media":31732,"comment_status":"open","ping_status":"open","sticky":false,"template":"","format":"standard","meta":{"_monsterinsights_skip_tracking":false,"footnotes":""},"categories":[692,54],"tags":[],"class_list":["post-31731","post","type-post","status-publish","format-standard","has-post-thumbnail","category-692","category-mujeres"],"_links":{"self":[{"href":"https:\/\/redsemlac.com\/semmexico\/wp-json\/wp\/v2\/posts\/31731","targetHints":{"allow":["GET"]}}],"collection":[{"href":"https:\/\/redsemlac.com\/semmexico\/wp-json\/wp\/v2\/posts"}],"about":[{"href":"https:\/\/redsemlac.com\/semmexico\/wp-json\/wp\/v2\/types\/post"}],"author":[{"embeddable":true,"href":"https:\/\/redsemlac.com\/semmexico\/wp-json\/wp\/v2\/users\/3"}],"replies":[{"embeddable":true,"href":"https:\/\/redsemlac.com\/semmexico\/wp-json\/wp\/v2\/comments?post=31731"}],"version-history":[{"count":0,"href":"https:\/\/redsemlac.com\/semmexico\/wp-json\/wp\/v2\/posts\/31731\/revisions"}],"wp:featuredmedia":[{"embeddable":true,"href":"https:\/\/redsemlac.com\/semmexico\/wp-json\/wp\/v2\/media\/31732"}],"wp:attachment":[{"href":"https:\/\/redsemlac.com\/semmexico\/wp-json\/wp\/v2\/media?parent=31731"}],"wp:term":[{"taxonomy":"category","embeddable":true,"href":"https:\/\/redsemlac.com\/semmexico\/wp-json\/wp\/v2\/categories?post=31731"},{"taxonomy":"post_tag","embeddable":true,"href":"https:\/\/redsemlac.com\/semmexico\/wp-json\/wp\/v2\/tags?post=31731"}],"curies":[{"name":"wp","href":"https:\/\/api.w.org\/{rel}","templated":true}]}}