{"id":3173,"date":"2018-12-04T01:58:34","date_gmt":"2018-12-04T01:58:34","guid":{"rendered":"https:\/\/redsemlac.com\/semmexico\/?p=3173"},"modified":"2023-07-21T14:34:44","modified_gmt":"2023-07-21T19:34:44","slug":"presenta-soledad-jarquin-el-caso-de-su-hija-acribillada-en-juchitan-oaxaca","status":"publish","type":"post","link":"https:\/\/redsemlac.com\/semmexico\/presenta-soledad-jarquin-el-caso-de-su-hija-acribillada-en-juchitan-oaxaca\/","title":{"rendered":"Presenta Soledad Jarqu\u00edn el caso de su hija acribillada en Juchit\u00e1n, Oaxaca"},"content":{"rendered":"\n<p class=\"wp-block-paragraph\"><a href=\"https:\/\/www.semmexico.com\/gallery-post.php?id=6537#\">Kara Castillo<\/a><\/p>\n\n\n\n<p class=\"wp-block-paragraph\">SemM\u00e9xico, Puebla, 3 diciembre 2018.- Con leyes y sin ellas, pese a avances en las \u201cvoluntades pol\u00edticas\u201d, los feminicidios contin\u00faan en la impunidad y el silencio. El Estado ha sido incapaz de garantizar la vida de las mujeres de hacer respetar la legalidad, de procurar justicia, de siquiera prevenir y erradicar la violencia machista, denunciaron acad\u00e9micas, periodistas, especialistas y pol\u00edticas en el foro No m\u00e1s violencia y odio contra las mujeres.<\/p>\n\n\n\n<p class=\"wp-block-paragraph\">\u201cEl feminicidio es un crimen de Estado\u201d, sostuvo Soledad Jarqu\u00edn, periodista y editora de SemM\u00e9xico durante el foro \u00abNo m\u00e1s Violencia y Odio contra las Mujeres\u00bb organizado por el Organismo Nacional de Mujeres Priistas (ONMPRI) que se celebr\u00f3 en Puebla este fin de semana.<\/p>\n\n\n\n<p class=\"wp-block-paragraph\">Jarqu\u00edn llev\u00f3 hasta ese foro pol\u00edtico la denuncia del feminicidio de su hija cuando se cumplen seis meses del asesinato de Mar\u00eda del Sol Cruz Jarqu\u00edn, fot\u00f3grafa comisionada ilegalmente a cubrir la campa\u00f1a pol\u00edtica de Hageo Montero L\u00f3pez, candidato del Partido Revolucionario Institucional (PRI) a la presidencia municipal de Juchit\u00e1n de Zaragoza, Oaxaca, donde fue acribillada junto con Pamela Ter\u00e1n, candidata a segunda Concejala.<\/p>\n\n\n\n<p class=\"wp-block-paragraph\">La periodista y defensora de derechos humanos en el p\u00f3dium logr\u00f3 la atenci\u00f3n de todo el auditorio que antes estaba disperso y a pesar de que fue su ponencia fue desplazada al \u00faltimo lugar en la mesa. En un ambiente de absoluto y respetuoso silencio de asistentes, reclam\u00f3 que a seis meses el atroz crimen \u00e9ste se mantiene en la impunidad adem\u00e1s envuelto por la corrupci\u00f3n de autoridades.<\/p>\n\n\n\n<p class=\"wp-block-paragraph\">\u201cAunque en muchas entidades del pa\u00eds hay suficiente legislaci\u00f3n, lo cierto es que en el entramado de procuraci\u00f3n y acceso a la justicia se vive una par\u00e1lisis que lleva a la irreparable impunidad, porque en el fondo subyace una condici\u00f3n de desigualdad y menosprecio a las mujeres.<\/p>\n\n\n\n<p class=\"wp-block-paragraph\">\u201cLa violencia est\u00e1 desbordada, lo digo de verdad. En Oaxaca a la fecha tenemos el registro de m\u00e1s de cien mujeres asesinadas este a\u00f1o. Yo quiero decir que estoy viviendo este drama de manera personal y lo que encuentro es una promesa permanente de soluci\u00f3n, pero lo que se obtiene es absolutamente nada.<\/p>\n\n\n\n<p class=\"wp-block-paragraph\">\u201cEl asesinato de mi hija es un crimen tambi\u00e9n electoral en el municipio m\u00e1s violento del pa\u00eds. Nada ten\u00eda que estar haciendo all\u00ed pues era jefa de departamento de comunicaci\u00f3n ind\u00edgena e intercultural de Asuntos Ind\u00edgenas del gobierno del Estado de Oaxaca. Resulta que su jefe la mand\u00f3 a cubrir la campa\u00f1a pol\u00edtica de su hermano\u201d, asent\u00f3.<\/p>\n\n\n\n<p class=\"wp-block-paragraph\">Explic\u00f3 que, aunque se ha probado que existen elementos para considerar que el triple crimen,&nbsp;se cometi\u00f3 en un marco de extrema violencia feminicida comuntaria se levant\u00f3 la carpeta de investigaci\u00f3n por homicidio calificado.<\/p>\n\n\n\n<p class=\"wp-block-paragraph\">A la denuncia del feminicidio se suma una denuncia electoral pues Jarqu\u00edn ha se\u00f1alado que de acuerdo a los tribunales electorales hubo el dispendio y uso de recursos p\u00fablicos financieros y humanos de una dependencia del Estado que fue destinado a cubrir una campa\u00f1a pol\u00edtica.<\/p>\n\n\n\n<p class=\"wp-block-paragraph\">La periodista narr\u00f3 que a la fecha el proceso judicial no s\u00f3lo no ha avanzado, sino que se ha estancado. El juez de control de Juchit\u00e1n resolvi\u00f3 no vincular a proceso a una persona que fue detenida y un segundo presunto implicado en los hechos a\u00fan no ha sido detenido. Esto en medio de un centenar de irregularidades.<\/p>\n\n\n\n<p class=\"wp-block-paragraph\">\u201cHay un entramado de injusticias y de protecci\u00f3n a los involucrados, lo que sin duda influy\u00f3 en la determinaci\u00f3n del juez dej\u00f3 libre a una persona altamente sospechosa de por miedo. Estoy cierta que para abatir la impunidad se tiene que luchar contra la corrupci\u00f3n\u201d, asent\u00f3.<\/p>\n\n\n\n<p class=\"wp-block-paragraph\"><strong>Territorio mexicano un campo minado para las mujeres: Montalvo<\/strong><\/p>\n\n\n\n<p class=\"wp-block-paragraph\">La presidenta estatal del Organismo Nacional de Mujeres Priistas (ONMPRI), Sandra Montalvo Dom\u00ednguez, describi\u00f3 a Puebla estado y capital como \u201cun campo minado para las mujeres\u201d. Reconoci\u00f3 que el estado se sit\u00faa entre las 10 entidades del pa\u00eds con mayor incidencia en delitos cometidos contra las mujeres, seg\u00fan el reciente reporte del Consejo Nacional de Seguridad con corte a octubre del 2018.<\/p>\n\n\n\n<p class=\"wp-block-paragraph\">En su condena de que Puebla ocupara el octavo lugar en homicidios dolosos y el sexto en homicidios culposos contra mujeres, denunci\u00f3 el reciente homicidio de la estudiante de Derecho, Karla Gonz\u00e1lez, y exigi\u00f3 a las autoridades justicia contra los responsables.<\/p>\n\n\n\n<p class=\"wp-block-paragraph\">\u201cApenas, un d\u00eda antes, el 25 de noviembre conmemor\u00e1bamos el D\u00eda Internacional para la Erradicaci\u00f3n de la Violencia hacia las Mujeres y el lunes, al filo de las 6:30 de la ma\u00f1ana, la vida de Karla le fue arrebatada\u201d, se\u00f1alamiento con el que Montalvo inaugur\u00f3 el foro.<\/p>\n\n\n\n<p class=\"wp-block-paragraph\">En su turno, la senadora Dulce Mar\u00eda Sauri Riancho explic\u00f3 el empoderamiento de las mujeres y el proceso para el tr\u00e1nsito hacia la exigencia a la justicia. La primera mujer en ocupar una presidencia, sostuvo que en Yucat\u00e1n \u201cla mayor\u00eda\u201d de los feminicidios ocurridos fueron castigados.<\/p>\n\n\n\n<p class=\"wp-block-paragraph\">Elva Rivera G\u00f3mez,&nbsp;integrante del Grupo de Trabajo para la solicitud de la Alerta de Violencia de G\u00e9nero contra las Mujeres para el Estado de Puebla se\u00f1al\u00f3 la resistencia del estado para cumplir con recomendaciones emitidas al Gobierno del estado y se\u00f1al\u00f3 que, pese a los esfuerzos, esta figura no ha sido decretada para la entidad.<\/p>\n\n\n\n<p class=\"wp-block-paragraph\">En el foro tambi\u00e9n participaron los acad\u00e9micos Ricardo Ruiz Carbonel, Dora Iglesias y Luc\u00eda Isabel Rosas P\u00e9rez, as\u00ed como Guadalupe G\u00f3mez Maganda.<\/p>\n\n\n\n<p class=\"wp-block-paragraph\">SEM\/kc\/sj<\/p>\n","protected":false},"excerpt":{"rendered":"<p>Kara Castillo SemM\u00e9xico, Puebla, 3 diciembre 2018.- Con leyes y sin ellas, pese a avances en las \u201cvoluntades pol\u00edticas\u201d, los feminicidios contin\u00faan en la impunidad y el silencio. El Estado ha sido incapaz de garantizar la vida de las mujeres de hacer respetar la legalidad, de procurar justicia, de siquiera prevenir y erradicar la violencia [&hellip;]<\/p>\n","protected":false},"author":3,"featured_media":3174,"comment_status":"open","ping_status":"open","sticky":false,"template":"","format":"standard","meta":{"_monsterinsights_skip_tracking":false,"footnotes":""},"categories":[689,48],"tags":[],"class_list":["post-3173","post","type-post","status-publish","format-standard","has-post-thumbnail","category-689","category-no-mas-impunidad-no-mas-impunidad"],"_links":{"self":[{"href":"https:\/\/redsemlac.com\/semmexico\/wp-json\/wp\/v2\/posts\/3173","targetHints":{"allow":["GET"]}}],"collection":[{"href":"https:\/\/redsemlac.com\/semmexico\/wp-json\/wp\/v2\/posts"}],"about":[{"href":"https:\/\/redsemlac.com\/semmexico\/wp-json\/wp\/v2\/types\/post"}],"author":[{"embeddable":true,"href":"https:\/\/redsemlac.com\/semmexico\/wp-json\/wp\/v2\/users\/3"}],"replies":[{"embeddable":true,"href":"https:\/\/redsemlac.com\/semmexico\/wp-json\/wp\/v2\/comments?post=3173"}],"version-history":[{"count":0,"href":"https:\/\/redsemlac.com\/semmexico\/wp-json\/wp\/v2\/posts\/3173\/revisions"}],"wp:featuredmedia":[{"embeddable":true,"href":"https:\/\/redsemlac.com\/semmexico\/wp-json\/wp\/v2\/media\/3174"}],"wp:attachment":[{"href":"https:\/\/redsemlac.com\/semmexico\/wp-json\/wp\/v2\/media?parent=3173"}],"wp:term":[{"taxonomy":"category","embeddable":true,"href":"https:\/\/redsemlac.com\/semmexico\/wp-json\/wp\/v2\/categories?post=3173"},{"taxonomy":"post_tag","embeddable":true,"href":"https:\/\/redsemlac.com\/semmexico\/wp-json\/wp\/v2\/tags?post=3173"}],"curies":[{"name":"wp","href":"https:\/\/api.w.org\/{rel}","templated":true}]}}