{"id":31729,"date":"2021-02-11T19:52:36","date_gmt":"2021-02-11T19:52:36","guid":{"rendered":"https:\/\/redsemlac.com\/semmexico\/?p=31729"},"modified":"2023-07-21T16:48:13","modified_gmt":"2023-07-21T21:48:13","slug":"el-virus-del-odio","status":"publish","type":"post","link":"https:\/\/redsemlac.com\/semmexico\/el-virus-del-odio\/","title":{"rendered":"*El virus del odio"},"content":{"rendered":"\n<p class=\"wp-block-paragraph\"><strong>Mois\u00e9s S\u00e1nchez Lim\u00f3n<\/strong><\/p>\n\n\n\n<p class=\"wp-block-paragraph\">SemM\u00e9xico, 11 de febrero, 2021.- Envuelto en ese halo de santidad pol\u00edtica y cierto de que ya no contagia porque el Covid lo volvi\u00f3 inmune, Andr\u00e9s Manuel retorn\u00f3 muy bravo al coliseo pol\u00edtico.<\/p>\n\n\n\n<p class=\"wp-block-paragraph\">\u00bfNo est\u00e1 en campa\u00f1a el canonizado y licenciado presidente? Bueeeno.<\/p>\n\n\n\n<p class=\"wp-block-paragraph\">Ser\u00e1, sin duda, que al inquilino de Palacio le tiene sin cuidado lo que ordene el Consejo General del INE y, por ende, le importa un pito el ordenamiento legal en materia electoral, porque en sus homil\u00edas desde el p\u00falpito de las ma\u00f1aneras, entre lunes, martes y mi\u00e9rcoles dej\u00f3 clarito que el poder es \u00e9l, que eso de la divisi\u00f3n de poderes tiene mucho de fantas\u00eda democr\u00e1tica, es decir, demagogia pura.<\/p>\n\n\n\n<p class=\"wp-block-paragraph\">\u00bfY los neoliberales? \u00a1Bah!<\/p>\n\n\n\n<p class=\"wp-block-paragraph\">Ni Carlos Salinas de Gortari ni Ernesto Zedillo Ponce de Le\u00f3n, mucho menos el desparpajado Vicente Fox Quesada o el bravuc\u00f3n Felipe Calder\u00f3n Hinojos y el letrado Enrique Pe\u00f1a Nieto pudieron presumir en vivo y a todo color, en cadena nacional con apoyo de Sepropie y las televisoras p\u00fablicas, lo que el licenciado L\u00f3pez Obrador ha hecho en su sacro retorno.<\/p>\n\n\n\n<p class=\"wp-block-paragraph\">Y es que, tal vez usted haya registrado esa declaraci\u00f3n que hizo en la ma\u00f1anera del martes, cuando le pusieron en bandeja de plata la pregunta relacionada con la renuencia y resistencia de empresarios, expertos y, sobre todo, opositores en el Congreso de la Uni\u00f3n a su iniciativa de reforma de la Ley de la Industria El\u00e9ctrica.<\/p>\n\n\n\n<p class=\"wp-block-paragraph\">Dijo que no le cambiar\u00e1 ni una coma a esa iniciativa. Y, el coordinador de los diputados federales de Morena, Mois\u00e9s Ignacio Mier Velazco, sostuvo que la mayor\u00eda oficialista, Morena y asociados, apoyar\u00e1 en sus t\u00e9rminos, es decir, como fue presentada la iniciativa preferente de L\u00f3pez Obrador. Y puntualiz\u00f3: \u201c\u00e9sta es la iniciativa de iniciativas de esta Legislatura\u201d.<\/p>\n\n\n\n<p class=\"wp-block-paragraph\">\u00bfAlguna duda de qui\u00e9n manda en M\u00e9xico? Y la oposici\u00f3n admite que la aplanadora legislativa bajo el mando de San Andr\u00e9s, no de Mier Velazco, en la C\u00e1mara de Diputados habr\u00e1 de aprobar dicha iniciativa que se imagina como la haza\u00f1a del ni\u00f1o h\u00e9roe que, envuelto en el l\u00e1baro patrio, se lanza al vac\u00edo en defensa de la Patria, solo que el acto heroico fue una patra\u00f1a, an\u00e9cdota creada e impulsada en aras del patrioterismo requerido por los pr\u00f3ceres revolucionarios.<\/p>\n\n\n\n<p class=\"wp-block-paragraph\">\u00a1Caray!<\/p>\n\n\n\n<p class=\"wp-block-paragraph\">Por eso, no tiene desperdicio la declaraci\u00f3n de Juan Carlos Romero Hicks, hace dos d\u00edas en conferencia de prensa ofrecida en el Palacio Legislativo de San L\u00e1zaro. Lea usted.<\/p>\n\n\n\n<p class=\"wp-block-paragraph\">&#8211;Hoy en la ma\u00f1ana &#8211;cit\u00f3 la reportera Cecilia Hern\u00e1ndez Delgadillo&#8211; el presidente Andr\u00e9s L\u00f3pez Obrador dijo que no le van a cambiar&nbsp;ni una coma a la iniciativa de reforma de la industria el\u00e9ctrica, \u00bfcu\u00e1l va a ser&nbsp;la postura que va a adoptar el partido Acci\u00f3n Nacional referente&nbsp;a este tema?, pregunt\u00f3 al coordinador de los diputados federales del PAN, Juan Carlos Romero Hicks,<\/p>\n\n\n\n<p class=\"wp-block-paragraph\">&#8211;Deseo celebrar como mexicano \u2013respondi\u00f3 Romero Hicks, ex gobernador de Guanajuato&#8211; el regreso del presidente a su funci\u00f3n despu\u00e9s de dos semanas de estar en aislamiento.&nbsp;&nbsp;&nbsp;Y con mucho pesar (\u2026) reconocer que tenemos un presidente enfermo, enfermo de salud f\u00edsica, de salud mental, salud emocional y salud espiritual.&nbsp;<\/p>\n\n\n\n<p class=\"wp-block-paragraph\">Y, como es sabido, el pecho del guanajuatense igual que el de San Andr\u00e9s, no es bodega, abon\u00f3:<\/p>\n\n\n\n<p class=\"wp-block-paragraph\">\u201cLa salud es un asunto comprensivo e integral,&nbsp;regresa con el virus del odio, la soberbia el intento de dividirnos y m\u00e1s de lo mismo; est\u00e1 en el espejo retrovisor del Museo de Arqueolog\u00eda Pol\u00edtica del siglo pasado, modelos econ\u00f3micos y energ\u00e9ticos que sabemos que ya no funcionan,&nbsp;no ha entendido&nbsp;\u00e9l que el pasado es un lugar de referencia no lugar de residencia.<\/p>\n\n\n\n<p class=\"wp-block-paragraph\">\u201c(\u2026) La expresi\u00f3n del presidente de la ma\u00f1ana&nbsp;entristece y duele, por eso afirmamos que est\u00e1 enfermo y est\u00e1 enfermo tambi\u00e9n de poder. Lo voy a invitar a que siga reflexionando&nbsp;&nbsp;y que lea el texto de la Constituci\u00f3n Pol\u00edtica del pa\u00eds para que se d\u00e9 cuenta que tenemos tres Poderes y&nbsp;&nbsp;que nosotros somos un Poder Legislativo,&nbsp;&nbsp;no un querer legislativo y tambi\u00e9n le voy a pedir de manera muy respetuosa, hoy es 09 de febrero, ayer el a\u00f1o&nbsp;&nbsp;pasado, el 6 de febrero, hace un a\u00f1o y tres d\u00edas, es la \u00fanica ocasi\u00f3n que hemos tenido la oportunidad de dialogar, que es un&nbsp;&nbsp;ejercicio que se debe hacer de manera cotidiana en un \u00e1mbito republicano de colaboraci\u00f3n de&nbsp;&nbsp;poderes, Hoy lo que el pa\u00eds necesita es unidad, altura de miras, conciliaci\u00f3n y sobre todo una mejor aportaci\u00f3n.<\/p>\n\n\n\n<p class=\"wp-block-paragraph\">\u201cOjal\u00e1 que de su enfermedad lo recupere pronto\u201d.<\/p>\n\n\n\n<p class=\"wp-block-paragraph\"><strong>&#8211;\u00bf<\/strong>No temen que corra la misma suerte este Parlamento Abierto en materia de la iniciativa de reforma de tema el\u00e9ctrico con otros temas el a\u00f1o pasado porque desgraciadamente se habla de que son un poder?\u2014 plante\u00f3 la colega Cecilia Hern\u00e1ndez Delgadillo.<\/p>\n\n\n\n<p class=\"wp-block-paragraph\">&#8211;Estamos absolutamente convencidos \u2013respondi\u00f3 Romero Hicks&#8211; de que una vez m\u00e1s van a pasarse, no les va a importar el parlamento abierto, porque esa ha sido su constante, porque su constante incluso de manera abstracta refleja abstracta otras cosas.<\/p>\n\n\n\n<p class=\"wp-block-paragraph\">\u00bfQu\u00e9 le parece? Sin duda entre los fundamentalistas que idolatran a L\u00f3pez Obrador no faltar\u00e1 quien le haya construido altar y toda la parafernalia del fanatismo que carece de capacidad para distinguir entre la verdad y la mentira, la manipulaci\u00f3n y una convocatoria sin condicionamientos.<\/p>\n\n\n\n<p class=\"wp-block-paragraph\">Romero Hicks dijo lo que muchos, muchos, mexicanos piensan, pero no se atreven a decir en&nbsp;p\u00fablico, so riesgo de ser llevados a la Plaza Mayor por la turba encabronada porque se ha osado cuestionar y calificar a su l\u00edder como un tipo al que se le van las cabras con suma facilidad.<\/p>\n\n\n\n<p class=\"wp-block-paragraph\">\u00bfY qu\u00e9 responde el licenciado presidente?<\/p>\n\n\n\n<p class=\"wp-block-paragraph\"><strong>Bueno, en la ma\u00f1anera, antes de ir a inaugurar la modernizaci\u00f3n de la base a\u00e9rea militar de Santa Luc\u00eda, en el Estado de M\u00e9xico, un asistente a la conferencia le pregunt\u00f3:&nbsp;<\/strong>\u00bfle qued\u00f3 alguna secuela del COVID-19 ahora que ya est\u00e1 en su vida diaria?<\/p>\n\n\n\n<p class=\"wp-block-paragraph\"><strong>&#8212;<\/strong>Mire \u2013respondi\u00f3 el licenciado&#8211;, yo creo que me sirvi\u00f3 para reafirmar mis convicciones, reafirmar mis creencias, mi manera de pensar.<\/p>\n\n\n\n<p class=\"wp-block-paragraph\">Aunque los adversarios \u2013prosigui\u00f3 sin pregunta de por medio&#8211;\u2026 Ayer estaba yo leyendo a un legislador de los opositores, de uno de los partidos conservadores, diciendo que estaba yo mal de mis facultades mentales, que no estaba yo cuerdo, que estaba yo enfermo. Pues no, gozo de cabal salud.<\/p>\n\n\n\n<p class=\"wp-block-paragraph\">\u00a1S\u00ed! El licenciado goza de cabal salud; en serio.<\/p>\n\n\n\n<p class=\"wp-block-paragraph\">Y como muestra, se despach\u00f3 la harto conocida perorata contra los fantasmas que lo persiguen por los corredores del humilde y proletario Palacio Nacional; los mismos pelafustanes, corruptos, fif\u00eds, conservadores, machuchones a quienes acusa de todos los males que sufre la Patria, pero no los mete al bote, le basta con insultarlos; cree que las mentadas de madre disfrazadas de adjetivos duelen. Y harto.<\/p>\n\n\n\n<p class=\"wp-block-paragraph\">\u00bfSer\u00e1 virus de odio? Parece desahogo aderezado con odio, mezcla de alto riesgo, tal que le puso en la suya al Covid, \u00bfa poco no? Van dos a\u00f1os de lo mismo, lo mismo. Conste.<\/p>\n\n\n\n<p class=\"wp-block-paragraph\"><a href=\"mailto:sanchezlimon@gmail.com\" target=\"_blank\" rel=\"noreferrer noopener\">sanchezlimon@gmail.com<\/a><\/p>\n\n\n\n<p class=\"wp-block-paragraph\"><a href=\"http:\/\/www.entresemana.mx\/\" target=\"_blank\" rel=\"noreferrer noopener\">www.entresemana.mx<\/a><\/p>\n\n\n\n<p class=\"wp-block-paragraph\"><strong>@msanchezlimon @msanchezlimon1<\/strong><\/p>\n","protected":false},"excerpt":{"rendered":"<p>Mois\u00e9s S\u00e1nchez Lim\u00f3n SemM\u00e9xico, 11 de febrero, 2021.- Envuelto en ese halo de santidad pol\u00edtica y cierto de que ya no contagia porque el Covid lo volvi\u00f3 inmune, Andr\u00e9s Manuel retorn\u00f3 muy bravo al coliseo pol\u00edtico. \u00bfNo est\u00e1 en campa\u00f1a el canonizado y licenciado presidente? Bueeeno. Ser\u00e1, sin duda, que al inquilino de Palacio le [&hellip;]<\/p>\n","protected":false},"author":3,"featured_media":15805,"comment_status":"open","ping_status":"open","sticky":false,"template":"","format":"standard","meta":{"_monsterinsights_skip_tracking":false,"footnotes":""},"categories":[692,105,83,35],"tags":[],"class_list":["post-31729","post","type-post","status-publish","format-standard","has-post-thumbnail","category-692","category-entresemana","category-moises-sanchez-limon","category-opinion"],"_links":{"self":[{"href":"https:\/\/redsemlac.com\/semmexico\/wp-json\/wp\/v2\/posts\/31729","targetHints":{"allow":["GET"]}}],"collection":[{"href":"https:\/\/redsemlac.com\/semmexico\/wp-json\/wp\/v2\/posts"}],"about":[{"href":"https:\/\/redsemlac.com\/semmexico\/wp-json\/wp\/v2\/types\/post"}],"author":[{"embeddable":true,"href":"https:\/\/redsemlac.com\/semmexico\/wp-json\/wp\/v2\/users\/3"}],"replies":[{"embeddable":true,"href":"https:\/\/redsemlac.com\/semmexico\/wp-json\/wp\/v2\/comments?post=31729"}],"version-history":[{"count":0,"href":"https:\/\/redsemlac.com\/semmexico\/wp-json\/wp\/v2\/posts\/31729\/revisions"}],"wp:featuredmedia":[{"embeddable":true,"href":"https:\/\/redsemlac.com\/semmexico\/wp-json\/wp\/v2\/media\/15805"}],"wp:attachment":[{"href":"https:\/\/redsemlac.com\/semmexico\/wp-json\/wp\/v2\/media?parent=31729"}],"wp:term":[{"taxonomy":"category","embeddable":true,"href":"https:\/\/redsemlac.com\/semmexico\/wp-json\/wp\/v2\/categories?post=31729"},{"taxonomy":"post_tag","embeddable":true,"href":"https:\/\/redsemlac.com\/semmexico\/wp-json\/wp\/v2\/tags?post=31729"}],"curies":[{"name":"wp","href":"https:\/\/api.w.org\/{rel}","templated":true}]}}