{"id":31714,"date":"2021-02-11T17:47:07","date_gmt":"2021-02-11T17:47:07","guid":{"rendered":"https:\/\/redsemlac.com\/semmexico\/?p=31714"},"modified":"2023-07-21T16:48:13","modified_gmt":"2023-07-21T21:48:13","slug":"piden-a-fiscalia-de-oaxaca-que-detenga-a-un-probable-feminicida","status":"publish","type":"post","link":"https:\/\/redsemlac.com\/semmexico\/piden-a-fiscalia-de-oaxaca-que-detenga-a-un-probable-feminicida\/","title":{"rendered":"Piden a Fiscal\u00eda de Oaxaca que detenga a un probable feminicida"},"content":{"rendered":"\n<ul class=\"wp-block-list\"><li>La sobreviviente de la agresi\u00f3n enfrentar\u00e1 un largo proceso de recuperaci\u00f3n<\/li><li>El Grupo 8 de Marzo revela que la v\u00edctima ten\u00eda al menos 10 a\u00f1os de sufrir violencia<\/li><\/ul>\n\n\n\n<p class=\"wp-block-paragraph\">Redacci\u00f3n<\/p>\n\n\n\n<p class=\"wp-block-paragraph\">SemM\u00e9xico, Juchit\u00e1n, Oax., 11 de febrero, 2021.- El Grupo 8 de Marzo solicit\u00f3 hoy las instancias de procuraci\u00f3n de justicia que se aplique la ley y se detenga al agresor de Carolina L.L. quien se debate entre la vida y la muerte.<\/p>\n\n\n\n<p class=\"wp-block-paragraph\">En comunicado, la organizaci\u00f3n apunt\u00f3 que el pasado lunes, Carolina L.L. fue canalizada por personal de la vicefiscal\u00eda del Istmo al Centro de Apoyo a la Mujer Istme\u00f1a (CAAMI) \u201cRosario Ibarra\u201d, donde de manera inmediata, personal de este centro, la traslad\u00f3 al hospital Macedonio Ben\u00edtez debido a las lesiones que presentaba.<\/p>\n\n\n\n<p class=\"wp-block-paragraph\">Carolina L.L. narr\u00f3 que Antonio Cabrera L\u00f3pez la lesion\u00f3 el pasado viernes 5 de febrero, para lo cual utiliz\u00f3 palos, cables de luz, varillas, machete, barreta, la amarro. Su intenci\u00f3n era asesinarla, lesion\u00e1ndole con un machete una mano. Tambi\u00e9n presenta envenenamiento.<\/p>\n\n\n\n<p class=\"wp-block-paragraph\">La v\u00edctima, auxiliada por sus familiares cercanos fue sacada de la casa donde lleva viviendo violencia por m\u00e1s de 10 a\u00f1os, que incluso en 2012 le provoc\u00f3 un aborto y en otras ocasiones la ha amenazado con un arma.<\/p>\n\n\n\n<p class=\"wp-block-paragraph\">De acuerdo con el comunicado emitido por el Grupo 8 de Marzo, Carolina L.L. ha tenido que ser transfundida por p\u00e9rdida de sangre, adem\u00e1s, de ser intervenido quir\u00fargicamente, se espera que se estabilice en las pr\u00f3ximas 72 horas.<\/p>\n\n\n\n<p class=\"wp-block-paragraph\">La organizaci\u00f3n civil expone que han dado acompa\u00f1amiento a la v\u00edctima y su familia cercana, ahora toca a las autoridades detener y vincular a proceso al agresor, Antonio Cabrera L\u00f3pez, por intento de feminicidio.<\/p>\n\n\n\n<p class=\"wp-block-paragraph\">SEM\/sj<\/p>\n","protected":false},"excerpt":{"rendered":"<p>La sobreviviente de la agresi\u00f3n enfrentar\u00e1 un largo proceso de recuperaci\u00f3n El Grupo 8 de Marzo revela que la v\u00edctima ten\u00eda al menos 10 a\u00f1os de sufrir violencia Redacci\u00f3n SemM\u00e9xico, Juchit\u00e1n, Oax., 11 de febrero, 2021.- El Grupo 8 de Marzo solicit\u00f3 hoy las instancias de procuraci\u00f3n de justicia que se aplique la ley y [&hellip;]<\/p>\n","protected":false},"author":3,"featured_media":31715,"comment_status":"open","ping_status":"open","sticky":false,"template":"","format":"standard","meta":{"_monsterinsights_skip_tracking":false,"footnotes":""},"categories":[692,47],"tags":[],"class_list":["post-31714","post","type-post","status-publish","format-standard","has-post-thumbnail","category-692","category-no-mas-impunidad"],"_links":{"self":[{"href":"https:\/\/redsemlac.com\/semmexico\/wp-json\/wp\/v2\/posts\/31714","targetHints":{"allow":["GET"]}}],"collection":[{"href":"https:\/\/redsemlac.com\/semmexico\/wp-json\/wp\/v2\/posts"}],"about":[{"href":"https:\/\/redsemlac.com\/semmexico\/wp-json\/wp\/v2\/types\/post"}],"author":[{"embeddable":true,"href":"https:\/\/redsemlac.com\/semmexico\/wp-json\/wp\/v2\/users\/3"}],"replies":[{"embeddable":true,"href":"https:\/\/redsemlac.com\/semmexico\/wp-json\/wp\/v2\/comments?post=31714"}],"version-history":[{"count":0,"href":"https:\/\/redsemlac.com\/semmexico\/wp-json\/wp\/v2\/posts\/31714\/revisions"}],"wp:featuredmedia":[{"embeddable":true,"href":"https:\/\/redsemlac.com\/semmexico\/wp-json\/wp\/v2\/media\/31715"}],"wp:attachment":[{"href":"https:\/\/redsemlac.com\/semmexico\/wp-json\/wp\/v2\/media?parent=31714"}],"wp:term":[{"taxonomy":"category","embeddable":true,"href":"https:\/\/redsemlac.com\/semmexico\/wp-json\/wp\/v2\/categories?post=31714"},{"taxonomy":"post_tag","embeddable":true,"href":"https:\/\/redsemlac.com\/semmexico\/wp-json\/wp\/v2\/tags?post=31714"}],"curies":[{"name":"wp","href":"https:\/\/api.w.org\/{rel}","templated":true}]}}