{"id":31711,"date":"2021-02-11T17:31:08","date_gmt":"2021-02-11T17:31:08","guid":{"rendered":"https:\/\/redsemlac.com\/semmexico\/?p=31711"},"modified":"2023-07-21T16:48:13","modified_gmt":"2023-07-21T21:48:13","slug":"los-programas-sociales-no-toman-en-cuenta-la-carga-de-actividades-de-las-mujeres-y-se-actua-pensando-que-en-mexico-los-hogares-son-armoniosos","status":"publish","type":"post","link":"https:\/\/redsemlac.com\/semmexico\/los-programas-sociales-no-toman-en-cuenta-la-carga-de-actividades-de-las-mujeres-y-se-actua-pensando-que-en-mexico-los-hogares-son-armoniosos\/","title":{"rendered":"Los programas sociales no toman en cuenta la carga de actividades de las mujeres y se act\u00faa pensando que en M\u00e9xico los hogares son armoniosos"},"content":{"rendered":"\n<p class=\"wp-block-paragraph\">Las mujeres en pobreza, en un callej\u00f3n sin salida: Ana Mar\u00eda Tepichin Valle&nbsp;<\/p>\n\n\n\n<p class=\"wp-block-paragraph\">Una gran dificultad actualmente es que no existe una desagregaci\u00f3n efectiva de&nbsp;&nbsp;pobreza y&nbsp;&nbsp;g\u00e9nero a la falta de&nbsp;&nbsp;datos precisos<\/p>\n\n\n\n<p class=\"wp-block-paragraph\">Elda Montiel&nbsp;<\/p>\n\n\n\n<p class=\"wp-block-paragraph\">SemM\u00e9xico. Cd. de M\u00e9xico. 11 de febrero 2021.- Es necesario avanzar en el conocimiento de la pobreza desde un enfoque de g\u00e9nero, para que los programas o transferencias condicionadas dirigidas a mejorar las condiciones de las familias, no reproduzca la carga de actividades para las mujeres y la violencia de g\u00e9nero.&nbsp;<\/p>\n\n\n\n<p class=\"wp-block-paragraph\">Muchos de los programas sociales no funcionan porque est\u00e1n sostenidos por mujeres sobrecargadas de trabajo con m\u00faltiples responsabilidades en sus hogares. Adem\u00e1s, en ciertas comunidades las mujeres beneficiarias son objeto de violencia de g\u00e9nero por sus parejas y la comunidad.&nbsp;&nbsp;<\/p>\n\n\n\n<p class=\"wp-block-paragraph\">En opini\u00f3n de la investigadora del Colegio de M\u00e9xico, doctora Ana Mar\u00eda Tepichin Valle, los programas sociales, en especial los dirigidos a las mujeres, deben ir acompa\u00f1ados con otras acciones de acompa\u00f1amiento que permitan la flexibilizaci\u00f3n de la asignaci\u00f3n de tareas, considere el uso del tiempo como un bienestar y el reconocimiento a la autonom\u00eda econ\u00f3mica para que sean efectivas.&nbsp;<\/p>\n\n\n\n<p class=\"wp-block-paragraph\">La doctora Tepichi Valle participo con la conferencia \u201cG\u00e9nero, Pobreza y Pol\u00edticas P\u00fablicas en M\u00e9xico\u201d en el marco de la 2\u00aa Jornada Aportes desde la Academia y la Sociedad Civil para erradicar la violencia contra las mujeres\u201d organizada por el Instituto de las Mujeres del Estado de San Luis Potos\u00ed y la Fiscal\u00eda&nbsp;Especializada de Atenci\u00f3n a la Mujer, la Familia y Delitos Sexuales.&nbsp;<\/p>\n\n\n\n<p class=\"wp-block-paragraph\">Con una experiencia de m\u00e1s de 20 a\u00f1os en el estudio de medici\u00f3n de la pobreza, violencia de g\u00e9nero y pol\u00edtica social, la soci\u00f3loga refiri\u00f3 que no existe una desagregaci\u00f3n efectiva de la pobreza en cuesti\u00f3n de g\u00e9nero debido a que la metodolog\u00eda para su medici\u00f3n calcula por hogar, por lo que no es posible tener datos precisos sobre la dimensi\u00f3n de la pobreza de las mujeres ni de los hombres.&nbsp;<\/p>\n\n\n\n<p class=\"wp-block-paragraph\">Considera que se tiene que avanzar en l\u00edneas de investigaci\u00f3n para el conocimiento de la distribuci\u00f3n efectiva de los recursos al interior de los hogares, sin suponer que las necesidades de los integrantes son las mismas ni que los recursos se distribuyen equitativamente.&nbsp;<\/p>\n\n\n\n<p class=\"wp-block-paragraph\">Quienes realizan las pol\u00edticas p\u00fablicas suponen hogares armoniosos y pasan por alto las din\u00e1micas de poder que se da entre los hogares, y que no todo es armon\u00eda, cuando deben entender que las unidades dom\u00e9sticas funcionan con base en jerarqu\u00edas por g\u00e9nero, edad y parentesco.&nbsp;<\/p>\n\n\n\n<p class=\"wp-block-paragraph\">Abunda la doctora Tepichi Valle, investigadora del Colegio de M\u00e9xico, que los especialistas en antropolog\u00eda se\u00f1alan que hay un contrato impl\u00edcito de los miembros de una casa, se acuerda con un consentimiento no leg\u00edtimo, no todos tienen voz, hay situaciones de desventaja que no est\u00e1n identificadas que tienen las mujeres.&nbsp;<\/p>\n\n\n\n<p class=\"wp-block-paragraph\"><strong>Pobreza diferencial&nbsp;<\/strong><\/p>\n\n\n\n<p class=\"wp-block-paragraph\">Tambi\u00e9n hablo de una pobreza diferencial que se origina por la desigualdad en la distribuci\u00f3n de los recursos al interior de los hogares. Es una pobreza invisible, secundaria, que se da especialmente entre mujeres y ancianos.<\/p>\n\n\n\n<p class=\"wp-block-paragraph\">Por otra parte, tambi\u00e9n se da la situaci\u00f3n de que el ingreso femenino y el trabajo de las mujeres han ido adquiriendo cada vez m\u00e1s importancia para los miembros de los grupos dom\u00e9sticos, cuando los hombres encuentran mayores dificultades para conservar su papel de proveedores \u00fanicos.&nbsp;<\/p>\n\n\n\n<p class=\"wp-block-paragraph\">Lo que da paso a la existencia a un proceso de \u201cfeminizaci\u00f3n de la sobrevivencia de los hogares\u201d, que han se\u00f1alado otros investigadores, y que tiene que ver con que las mujeres multiplican sus tareas, combinan las tareas de cuidado del hogar y su familia con otras que les generan ingresos reducidos.<\/p>\n\n\n\n<p class=\"wp-block-paragraph\">Detall\u00f3 que la pobreza de las mujeres no est\u00e1 relacionada \u00fanicamente con el acceso de los recursos, ellas viven la pobreza de una manera m\u00e1s intensa y profunda.&nbsp;&nbsp;Despliegan mayor energ\u00eda por la diversidad de tareas que realizan, minimizan el derecho al uso del tiempo y viven la violaci\u00f3n de sus derechos humanos.<\/p>\n\n\n\n<p class=\"wp-block-paragraph\">Estas son las dimensiones que deber\u00edan tomarse en cuenta en los programas de combate a la pobreza para que sean efectivos, acot\u00f3.&nbsp;&nbsp;&nbsp;&nbsp;&nbsp;&nbsp;&nbsp;<\/p>\n\n\n\n<p class=\"wp-block-paragraph\"><strong>Programas sociales no contemplan la carga de trabajo de las mujeres<\/strong><\/p>\n\n\n\n<p class=\"wp-block-paragraph\">La doctora Ana Mar\u00eda Tepichin sostiene que los programas sociales deben dise\u00f1arse de otra manera, cuando a los evaluadores se les se\u00f1ala la sobrecarga de las mujeres contestan que -si as\u00ed fuera no participar\u00edan-.&nbsp;<\/p>\n\n\n\n<p class=\"wp-block-paragraph\">Entre los hallazgos a lo largo de su experiencia se encuentra, que la realizaci\u00f3n de los proyectos productivos es bajo, no impactan en el aporte econ\u00f3mico para los hogares. Los proyectos son de poca envergadura. Los cr\u00e9ditos son reducidos.&nbsp;<\/p>\n\n\n\n<p class=\"wp-block-paragraph\">Las mujeres compensan los bajos salarios con dobles o triples jornadas para mitigar el desempleo o subempleo masculino.&nbsp;<\/p>\n\n\n\n<p class=\"wp-block-paragraph\">Los proyectos buscan incrementar la productividad en actividades asumidas por mujeres.&nbsp;<\/p>\n\n\n\n<p class=\"wp-block-paragraph\">Les ofrecen alternativas reducidas para realizar actividades econ\u00f3micas, que en su mayor\u00eda son muy subvaluadas.&nbsp;<\/p>\n\n\n\n<p class=\"wp-block-paragraph\">Las mujeres minimizan el efecto que sobre sus vidas tiene la sobrecarga de trabajo y no perciben como un problema que su tiempo de recreaci\u00f3n y descanso disminuye.&nbsp;&nbsp;<\/p>\n\n\n\n<p class=\"wp-block-paragraph\">Tambi\u00e9n es cierto que las mujeres est\u00e1n dispuestas a seguir con la carga de trabajo con tal de que sus hijos tengan mayores oportunidades.<\/p>\n\n\n\n<p class=\"wp-block-paragraph\">Se acuestan en la madrugada, se levantan de madrugada para dejar el desayuno hecho, no molestan a los esposos, incluso a ciertas mujeres les han ense\u00f1ado a comer menos para que alcance para la familia, abund\u00f3.&nbsp;<\/p>\n\n\n\n<p class=\"wp-block-paragraph\">Por las pautas culturales a las mujeres no les gusta que los hombres participen en trabajos no remunerados porque sienten que ellas fallan en sus obligaciones<\/p>\n\n\n\n<p class=\"wp-block-paragraph\"><strong>Violencia de g\u00e9nero&nbsp;<\/strong><\/p>\n\n\n\n<p class=\"wp-block-paragraph\">La situaci\u00f3n de las mujeres en la pobreza es m\u00e1s cr\u00edtica, hay aislamiento sobre sus actividades, no hay garant\u00eda de equidad cuando se sufre violencia, cuando no hay autonom\u00eda sobre sus decisiones, cuando no se tiene derecho a la propiedad de la tierra, cuando no se puede adquirir un capital importante.&nbsp;<\/p>\n\n\n\n<p class=\"wp-block-paragraph\">La investigadora del Colegio de M\u00e9xico reconoce que estos programas si han tenido efectos positivos en cuanto a mejorar el nivel educativo de las mujeres j\u00f3venes.&nbsp;<\/p>\n\n\n\n<p class=\"wp-block-paragraph\">Pero tambi\u00e9n es cierto que generan violencia en comunidades, donde al acercarse a las beneficiarias los comentarios van del: \u2013me da permiso si no descuido mis labores-. \u2013Como ya tienes bono ya no te doy dinero-, por lo que se\u00f1ala que los programas no desencadenan mejor posici\u00f3n para ellas en la jerarqu\u00eda del hogar.<\/p>\n\n\n\n<p class=\"wp-block-paragraph\">Las mujeres en pobreza no gozan del poder en sus hogares ni dentro de sus comunidades. La falta de autonom\u00eda no les garantiza participar en los proyectos.&nbsp;<\/p>\n\n\n\n<p class=\"wp-block-paragraph\">La soci\u00f3loga tambi\u00e9n coment\u00f3, como en un proyecto de cultivo de nopal, todo el proceso se dio normal, pero un d\u00eda antes de la cosecha encontraron quemada la siembra. Fueron los hombres de la comunidad por haber participado en actividades masculinas.&nbsp;<\/p>\n\n\n\n<p class=\"wp-block-paragraph\">Se\u00f1al\u00f3 que esto tiene su ra\u00edz en fundamentos socioculturales basado en el predominio de la heterosexualidad, los estereotipos de g\u00e9nero y la desvalorizaci\u00f3n de lo femenino.&nbsp;&nbsp;&nbsp;<\/p>\n\n\n\n<p class=\"wp-block-paragraph\">Abundo que las relaciones sociales basadas en la diferencia sexual imprimen caracter\u00edsticas particulares a la pobreza de las mujeres.&nbsp;<\/p>\n\n\n\n<p class=\"wp-block-paragraph\">La falta de poder de negociaci\u00f3n de las mujeres es lo que genera al interior de los hogares las formas m\u00e1s extremas de violencia, ya que permea la idea de que los hombres son los que mandan.&nbsp;<\/p>\n\n\n\n<p class=\"wp-block-paragraph\">La violencia de g\u00e9nero no es una condici\u00f3n \u00fanica de las mujeres en pobreza, pero es un factor ligado en la desigualdad de g\u00e9nero que las coloca en una posici\u00f3n diferente a la de los varones y act\u00faa como un obst\u00e1culo de g\u00e9nero para enfrentar la pobreza.<\/p>\n\n\n\n<p class=\"wp-block-paragraph\">Las mujeres en pobreza est\u00e1n en un callej\u00f3n sin salida, asever\u00f3 la doctora Tepichin, por lo que considero muy importante generar para ellas formas de autonom\u00eda econ\u00f3mica, programas de apoyo productivo para mujeres en zonas rurales, promover el uso de tiempo como bienestar y descanso, crear empleos dignos, promover valores culturales que reconozcan y gratifiquen la actividad econ\u00f3mica de la mujer.&nbsp;<\/p>\n","protected":false},"excerpt":{"rendered":"<p>Las mujeres en pobreza, en un callej\u00f3n sin salida: Ana Mar\u00eda Tepichin Valle&nbsp; Una gran dificultad actualmente es que no existe una desagregaci\u00f3n efectiva de&nbsp;&nbsp;pobreza y&nbsp;&nbsp;g\u00e9nero a la falta de&nbsp;&nbsp;datos precisos Elda Montiel&nbsp; SemM\u00e9xico. Cd. de M\u00e9xico. 11 de febrero 2021.- Es necesario avanzar en el conocimiento de la pobreza desde un enfoque de g\u00e9nero, [&hellip;]<\/p>\n","protected":false},"author":3,"featured_media":31712,"comment_status":"open","ping_status":"open","sticky":false,"template":"","format":"standard","meta":{"_monsterinsights_skip_tracking":false,"footnotes":""},"categories":[692,54],"tags":[],"class_list":["post-31711","post","type-post","status-publish","format-standard","has-post-thumbnail","category-692","category-mujeres"],"_links":{"self":[{"href":"https:\/\/redsemlac.com\/semmexico\/wp-json\/wp\/v2\/posts\/31711","targetHints":{"allow":["GET"]}}],"collection":[{"href":"https:\/\/redsemlac.com\/semmexico\/wp-json\/wp\/v2\/posts"}],"about":[{"href":"https:\/\/redsemlac.com\/semmexico\/wp-json\/wp\/v2\/types\/post"}],"author":[{"embeddable":true,"href":"https:\/\/redsemlac.com\/semmexico\/wp-json\/wp\/v2\/users\/3"}],"replies":[{"embeddable":true,"href":"https:\/\/redsemlac.com\/semmexico\/wp-json\/wp\/v2\/comments?post=31711"}],"version-history":[{"count":0,"href":"https:\/\/redsemlac.com\/semmexico\/wp-json\/wp\/v2\/posts\/31711\/revisions"}],"wp:featuredmedia":[{"embeddable":true,"href":"https:\/\/redsemlac.com\/semmexico\/wp-json\/wp\/v2\/media\/31712"}],"wp:attachment":[{"href":"https:\/\/redsemlac.com\/semmexico\/wp-json\/wp\/v2\/media?parent=31711"}],"wp:term":[{"taxonomy":"category","embeddable":true,"href":"https:\/\/redsemlac.com\/semmexico\/wp-json\/wp\/v2\/categories?post=31711"},{"taxonomy":"post_tag","embeddable":true,"href":"https:\/\/redsemlac.com\/semmexico\/wp-json\/wp\/v2\/tags?post=31711"}],"curies":[{"name":"wp","href":"https:\/\/api.w.org\/{rel}","templated":true}]}}