{"id":31705,"date":"2021-02-10T23:33:38","date_gmt":"2021-02-10T23:33:38","guid":{"rendered":"https:\/\/redsemlac.com\/semmexico\/?p=31705"},"modified":"2023-07-21T16:48:13","modified_gmt":"2023-07-21T21:48:13","slug":"feminicidio-en-mexico-requiere-acciones-urgentes-e-inmediatas-onu-mujeres","status":"publish","type":"post","link":"https:\/\/redsemlac.com\/semmexico\/feminicidio-en-mexico-requiere-acciones-urgentes-e-inmediatas-onu-mujeres\/","title":{"rendered":"Feminicidio en M\u00e9xico requiere acciones urgentes e inmediatas: ONU Mujeres"},"content":{"rendered":"\n<ul class=\"wp-block-list\"><li><strong>Establece Poder Legislativo y ese organismo internacional una alianza para impulsar la Iniciativa Spotlight<\/strong><\/li><li><strong>Guadalupe Almaguer, justicia para Marina y Wendy Brice\u00f1o: respaldo absoluto a las familias de las v\u00edctimas<\/strong><\/li><\/ul>\n\n\n\n<p class=\"wp-block-paragraph\"><strong>Lorena Vaniezcot<\/strong><\/p>\n\n\n\n<p class=\"wp-block-paragraph\">SemM\u00e9xico, Cd. de M\u00e9xico, 10 de febrero, 2021.- \u201c969 mujeres v\u00edctimas de feminicidio es un n\u00famero profundamente doloroso, que refleja la necesidad de acciones urgentes e inmediatas\u201d, se\u00f1al\u00f3 hoy la representante de ONU Mujeres en M\u00e9xico, Bel\u00e9n Sanz Luque.<\/p>\n\n\n\n<p class=\"wp-block-paragraph\">Ante senadoras y diputadas durante la firma de un Memorando de Entendimiento entre la C\u00e1mara Diputados del H. Congreso de la Uni\u00f3n LXIV Legislatura, su Comisi\u00f3n de Igualdad de G\u00e9nero y la Oficina de ONU Mujeres en M\u00e9xico, Sanz Luque afirm\u00f3 que una acci\u00f3n urgente es construir un sistema normativo que, acompa\u00f1ado de pol\u00edticas p\u00fablicas, prevenga eficazmente la violencia contra las mujeres y que ofrezca mecanismos de verdadera reparaci\u00f3n integral para quienes han sido v\u00edctimas directas e indirectas\u201d.<\/p>\n\n\n\n<p class=\"wp-block-paragraph\">Esta Alianza legislativa entre las c\u00e1maras de Diputadas y Diputados y del Senado con ONU Mujeres tiene la finalidad de adherirse a los objetivos de la Iniciativa Spotlight e impulsar alianzas legislativas a nivel federal para trabajar a favor de la erradicaci\u00f3n de la violencia contra las mujeres y especialmente, el feminicidio.<\/p>\n\n\n\n<p class=\"wp-block-paragraph\">En el acto, la diputada Mar\u00eda Wendy Brice\u00f1o Zuloaga destac\u00f3 que como legisladoras respaldan de manera absoluta a todas las personas que han sufrido la p\u00e9rdida de una familiar a causa de un feminicidio o muerte dolosa, a quienes buscan a las mujeres desaparecidas; a quienes exigen justicia incansablemente.<\/p>\n\n\n\n<p class=\"wp-block-paragraph\">A todas esas personas y familias, Brice\u00f1o Zuloaga les dijo: \u201ccuentan con nosotras y esta alianza es un paso m\u00e1s, sumamente importante, en se\u00f1al de ello\u201d.<\/p>\n\n\n\n<p class=\"wp-block-paragraph\">En su intervenci\u00f3n la diputada, Guadalupe Almaguer Pardo, del Partido de la Revoluci\u00f3n Democr\u00e1tica, PRD, afirm\u00f3 que esta alianza parlamentaria nos permitir\u00e1 avanzar para analizar, discutir y elaborar propuestas legislativas en materia de erradicaci\u00f3n de la violencia contra las mujeres y las ni\u00f1as, as\u00ed como a promover esfuerzos orientados a garantizar el pleno acceso de los derechos conforme a los principios contenidos en los instrumentos internacionales de Derechos Humanos.<\/p>\n\n\n\n<p class=\"wp-block-paragraph\">Y aprovech\u00f3 la presencia de las representantes de Inmujeres y Conavim, para llamarlas a que se unan al reclamo de las organizaciones, pero tambi\u00e9n de las diputadas&nbsp; y como ciudadanas y como defensoras de derechos humanos, para que el &nbsp;gobierno de Rutilio Escand\u00f3n, de Chiapas, deje de ser &nbsp;omiso con este tipo de violencias y el debido proceso.<\/p>\n\n\n\n<p class=\"wp-block-paragraph\">Tambi\u00e9n ser\u00eda importante, agreg\u00f3, &nbsp;fincar responsabilidades contra este tipo de funcionarios como el fiscal General de Justicia del Estado de Chiapas por la irresponsabilidad, al referirse a la cremaci\u00f3n anticipada de la doctora, Mariana S\u00e1nchez D\u00e1vila, antes de precisar&nbsp; c\u00f3mo perdi\u00f3 la vida.<\/p>\n\n\n\n<p class=\"wp-block-paragraph\">La Iniciativa Spotlight es una campa\u00f1a conjunta de la Uni\u00f3n Europea y las Naciones Unidas orientada a eliminar todas las formas de violencia contra las mujeres y las ni\u00f1as, con particular atenci\u00f3n en el feminicidio.<\/p>\n\n\n\n<p class=\"wp-block-paragraph\">De acuerdo con las estad\u00edsticas oficiales del Secretariado Ejecutivo del Sistema Nacional de Seguridad P\u00fablica, de enero a diciembre de 2020 se contabilizaron 969 v\u00edctimas de feminicidio, m\u00e1s dos mil 783 mujeres v\u00edctimas de homicidio doloso. Por ello, desde el Pilar 1 de la Iniciativa Spotlight relativo a los marcos legislativos y pol\u00edticos, se impuls\u00f3 esta acci\u00f3n conjunta para analizar, discutir y desarrollar propuestas de ley en materia de erradicaci\u00f3n de la violencia contra las mujeres y las ni\u00f1as.<\/p>\n\n\n\n<p class=\"wp-block-paragraph\">El evento virtual estuvo encabezado por la diputada Dulce Mar\u00eda Sauri Riancho, Presidenta de la Mesa Directiva.<\/p>\n\n\n\n<p class=\"wp-block-paragraph\">espero que la presencia de las titulares de dos importantes instituciones en M\u00e9xico,<\/p>\n\n\n\n<p class=\"wp-block-paragraph\">Asimismo, se cont\u00f3 con la presencia de J\u00e9r\u00f4me Poussielgue, Jefe de Cooperaci\u00f3n de la Uni\u00f3n Europea, Mar\u00eda Fabiola Alan\u00eds S\u00e1mano, Comisionada Nacional para Prevenir y Erradicar la Violencia contra las Mujeres y Nadine Flora Gasman Zylbermann, Presidenta del INMUJERES, quienes extendieron su disposici\u00f3n para sumarse a los esfuerzos que se emprender\u00e1n a partir de la suscripci\u00f3n del referido instrumento.<\/p>\n\n\n\n<p class=\"wp-block-paragraph\">Con esta alianza la C\u00e1mara de Diputados y ONU Mujeres trabajar\u00e1n de forma coordinada y como parte de los compromisos asumidos, en las pr\u00f3ximas semanas se establecer\u00e1n mesas de trabajo encabezadas por la Comisi\u00f3n de Igualdad de G\u00e9nero y el equipo t\u00e9cnico de la Iniciativa Spotlight, asistida por el Grupo de Acci\u00f3n por los Derechos Humanos y la Justicia Social.<\/p>\n\n\n\n<p class=\"wp-block-paragraph\">Definir\u00e1n temas prioritarios en materia de erradicaci\u00f3n de la violencia contra las mujeres y propondr\u00e1n las reformas que sean necesarias. Temas entre los que destacan el feminicidio infantil, la violencia sexual, la desaparici\u00f3n de mujeres, la violencia familiar, y ni\u00f1as y ni\u00f1os en situaci\u00f3n de orfandad por feminicido, entre otros.<\/p>\n\n\n\n<p class=\"wp-block-paragraph\">En dichas mesas, se considerar\u00e1n, adem\u00e1s, mecanismos para la participaci\u00f3n de la sociedad civil.<\/p>\n\n\n\n<p class=\"wp-block-paragraph\">La violencia feminicida no solo afecta a las v\u00edctimas directas, descompone el tejido social porque es una conducta que se reproduce desde el odio motivado por razones de g\u00e9nero. Impacta el \u00e1mbito p\u00fablico y privado de la vida diaria y nos obliga a tomar medidas urgentes.<\/p>\n\n\n\n<p class=\"wp-block-paragraph\">Por estas razones, ONU Mujeres reconoce a las partes firmantes y alienta a las legisladoras y legisladores del pa\u00eds a seguir generando alianzas para establecer normas y leyes que prevengan efectivamente la violencia y que ofrezcan justicia para las v\u00edctimas.<\/p>\n\n\n\n<p class=\"wp-block-paragraph\">SEM\/lv\/sj<\/p>\n","protected":false},"excerpt":{"rendered":"<p>Establece Poder Legislativo y ese organismo internacional una alianza para impulsar la Iniciativa Spotlight<\/p>\n","protected":false},"author":3,"featured_media":31706,"comment_status":"open","ping_status":"open","sticky":false,"template":"","format":"standard","meta":{"_monsterinsights_skip_tracking":false,"footnotes":""},"categories":[692,51],"tags":[],"class_list":["post-31705","post","type-post","status-publish","format-standard","has-post-thumbnail","category-692","category-ejecutivo"],"_links":{"self":[{"href":"https:\/\/redsemlac.com\/semmexico\/wp-json\/wp\/v2\/posts\/31705","targetHints":{"allow":["GET"]}}],"collection":[{"href":"https:\/\/redsemlac.com\/semmexico\/wp-json\/wp\/v2\/posts"}],"about":[{"href":"https:\/\/redsemlac.com\/semmexico\/wp-json\/wp\/v2\/types\/post"}],"author":[{"embeddable":true,"href":"https:\/\/redsemlac.com\/semmexico\/wp-json\/wp\/v2\/users\/3"}],"replies":[{"embeddable":true,"href":"https:\/\/redsemlac.com\/semmexico\/wp-json\/wp\/v2\/comments?post=31705"}],"version-history":[{"count":0,"href":"https:\/\/redsemlac.com\/semmexico\/wp-json\/wp\/v2\/posts\/31705\/revisions"}],"wp:featuredmedia":[{"embeddable":true,"href":"https:\/\/redsemlac.com\/semmexico\/wp-json\/wp\/v2\/media\/31706"}],"wp:attachment":[{"href":"https:\/\/redsemlac.com\/semmexico\/wp-json\/wp\/v2\/media?parent=31705"}],"wp:term":[{"taxonomy":"category","embeddable":true,"href":"https:\/\/redsemlac.com\/semmexico\/wp-json\/wp\/v2\/categories?post=31705"},{"taxonomy":"post_tag","embeddable":true,"href":"https:\/\/redsemlac.com\/semmexico\/wp-json\/wp\/v2\/tags?post=31705"}],"curies":[{"name":"wp","href":"https:\/\/api.w.org\/{rel}","templated":true}]}}