{"id":31695,"date":"2021-02-10T23:18:28","date_gmt":"2021-02-10T23:18:28","guid":{"rendered":"https:\/\/redsemlac.com\/semmexico\/?p=31695"},"modified":"2023-07-21T16:48:14","modified_gmt":"2023-07-21T21:48:14","slug":"la-red-feminista-de-quintana-roo-logro-que-el-congreso-analice-las-iniciativas-sobre-la-interrupcion-legal-del-embarazo","status":"publish","type":"post","link":"https:\/\/redsemlac.com\/semmexico\/la-red-feminista-de-quintana-roo-logro-que-el-congreso-analice-las-iniciativas-sobre-la-interrupcion-legal-del-embarazo\/","title":{"rendered":"La Red Feminista de Quintana Roo, logr\u00f3 que el Congreso analice las iniciativas sobre la Interrupci\u00f3n Legal del Embarazo"},"content":{"rendered":"\n<ul class=\"wp-block-list\"><li><strong>Se firm\u00f3 un Convenio para abrir la discusi\u00f3n y dictaminar antes de que termine febrero, cumplen 63 d\u00edas en las&nbsp; instalaciones y no las entregar\u00e1n hasta que haya un dictamen<\/strong><\/li><li><strong>El Congreso, adem\u00e1s, deber\u00e1 discutir, en los pr\u00f3ximos meses, 10 iniciativas adicionales sobre los derechos humanos de las mujeres<\/strong><\/li><\/ul>\n\n\n\n<p class=\"wp-block-paragraph\"><strong>Sara Lovera<\/strong><\/p>\n\n\n\n<p class=\"wp-block-paragraph\">SemM\u00e9xico, Chetumal, Quintana Roo, 10 de febrero 2021.- Esta tarde las 26 colectivas de la Red Feminista Quintanarroense &nbsp;y el Congreso del Estado firmaron un acuerdo para abrir a la discusi\u00f3n, al menos de 5 iniciativas para la interrupci\u00f3n legal del embarazo, en un &nbsp;parlamento abierto y construir en mesas de trabajo con un calendario para el an\u00e1lisis de otras 9 iniciativas, con la activa participaci\u00f3n de las feministas para &nbsp;atender el pliego exigido desde el 27 de noviembre.<\/p>\n\n\n\n<p class=\"wp-block-paragraph\">Mientras tanto, y hasta que no haya dictamen, mantendr\u00e1n tomadas las instalaciones. Estar\u00e1n vigilantes de que el Congreso cumpla, tras 63 d\u00edas, en que estuvo cerrado al di\u00e1logo.<\/p>\n\n\n\n<p class=\"wp-block-paragraph\">No obstante a partir del pr\u00f3ximo lunes, los diputados y diputadas, podr\u00e1n entrar a las instalaciones, de 9 a 17 horas. Acotados. Y a partir de este 15 de febrero se abrir\u00e1n las mesas de trabajo.<\/p>\n\n\n\n<p class=\"wp-block-paragraph\">En la explanada del Congreso, con un viento enorme y&nbsp; mucho calor, feministas firmaron, en trasmisi\u00f3n en vivo, -con presencia de periodistas invitadas de todo el pa\u00eds- ese acuerdo donde &nbsp;festejaron, su tenacidad, y &nbsp;la diputaci\u00f3n, constituida por 25 integrantes, firmaron por unanimidad, las reconocieron y se comprometieron a cumplir lo acordado.<\/p>\n\n\n\n<p class=\"wp-block-paragraph\">Fue en una &nbsp;ceremonia al aire libre, mostrando todos sus murales, y recibieron el &nbsp;reconocimiento y su &nbsp;derecho a la lucha y la protesta luego de 63 d\u00edas en que &nbsp;la diputaci\u00f3n estaba negada a &nbsp;dialogar.<\/p>\n\n\n\n<figure class=\"wp-block-gallery columns-2 is-cropped wp-block-gallery-1 is-layout-flex wp-block-gallery-is-layout-flex\"><ul class=\"blocks-gallery-grid\"><li class=\"blocks-gallery-item\"><figure><a href=\"https:\/\/redsemlac.com\/semmexico\/wp-content\/uploads\/2021\/02\/WhatsApp-Image-2021-02-10-at-3.14.33-PM.jpeg\"><img decoding=\"async\" src=\"https:\/\/redsemlac.com\/semmexico\/wp-content\/uploads\/2021\/02\/WhatsApp-Image-2021-02-10-at-3.14.33-PM-1024x576.jpeg\" alt=\"\" data-id=\"31703\" data-full-url=\"https:\/\/redsemlac.com\/semmexico\/wp-content\/uploads\/2021\/02\/WhatsApp-Image-2021-02-10-at-3.14.33-PM.jpeg\" data-link=\"https:\/\/redsemlac.com\/semmexico\/?attachment_id=31703\" class=\"wp-image-31703\"\/><\/a><\/figure><\/li><li class=\"blocks-gallery-item\"><figure><a href=\"https:\/\/redsemlac.com\/semmexico\/wp-content\/uploads\/2021\/02\/WhatsApp-Image-2021-02-10-at-3.14.32-PM.jpeg\"><img decoding=\"async\" src=\"https:\/\/redsemlac.com\/semmexico\/wp-content\/uploads\/2021\/02\/WhatsApp-Image-2021-02-10-at-3.14.32-PM-1024x710.jpeg\" alt=\"\" data-id=\"31702\" data-full-url=\"https:\/\/redsemlac.com\/semmexico\/wp-content\/uploads\/2021\/02\/WhatsApp-Image-2021-02-10-at-3.14.32-PM.jpeg\" data-link=\"https:\/\/redsemlac.com\/semmexico\/?attachment_id=31702\" class=\"wp-image-31702\"\/><\/a><\/figure><\/li><li class=\"blocks-gallery-item\"><figure><a href=\"https:\/\/redsemlac.com\/semmexico\/wp-content\/uploads\/2021\/02\/WhatsApp-Image-2021-02-10-at-3.14.32-PM-1.jpeg\"><img decoding=\"async\" src=\"https:\/\/redsemlac.com\/semmexico\/wp-content\/uploads\/2021\/02\/WhatsApp-Image-2021-02-10-at-3.14.32-PM-1-1024x640.jpeg\" alt=\"\" data-id=\"31701\" data-full-url=\"https:\/\/redsemlac.com\/semmexico\/wp-content\/uploads\/2021\/02\/WhatsApp-Image-2021-02-10-at-3.14.32-PM-1.jpeg\" data-link=\"https:\/\/redsemlac.com\/semmexico\/?attachment_id=31701\" class=\"wp-image-31701\"\/><\/a><\/figure><\/li><li class=\"blocks-gallery-item\"><figure><a href=\"https:\/\/redsemlac.com\/semmexico\/wp-content\/uploads\/2021\/02\/WhatsApp-Image-2021-02-10-at-3.14.31-PM.jpeg\"><img decoding=\"async\" src=\"https:\/\/redsemlac.com\/semmexico\/wp-content\/uploads\/2021\/02\/WhatsApp-Image-2021-02-10-at-3.14.31-PM-576x1024.jpeg\" alt=\"\" data-id=\"31700\" data-full-url=\"https:\/\/redsemlac.com\/semmexico\/wp-content\/uploads\/2021\/02\/WhatsApp-Image-2021-02-10-at-3.14.31-PM.jpeg\" data-link=\"https:\/\/redsemlac.com\/semmexico\/?attachment_id=31700\" class=\"wp-image-31700\"\/><\/a><\/figure><\/li><li class=\"blocks-gallery-item\"><figure><a href=\"https:\/\/redsemlac.com\/semmexico\/wp-content\/uploads\/2021\/02\/WhatsApp-Image-2021-02-10-at-3.14.30-PM-2.jpeg\"><img decoding=\"async\" src=\"https:\/\/redsemlac.com\/semmexico\/wp-content\/uploads\/2021\/02\/WhatsApp-Image-2021-02-10-at-3.14.30-PM-2-1024x576.jpeg\" alt=\"\" data-id=\"31698\" data-full-url=\"https:\/\/redsemlac.com\/semmexico\/wp-content\/uploads\/2021\/02\/WhatsApp-Image-2021-02-10-at-3.14.30-PM-2.jpeg\" data-link=\"https:\/\/redsemlac.com\/semmexico\/?attachment_id=31698\" class=\"wp-image-31698\"\/><\/a><\/figure><\/li><li class=\"blocks-gallery-item\"><figure><a href=\"https:\/\/redsemlac.com\/semmexico\/wp-content\/uploads\/2021\/02\/WhatsApp-Image-2021-02-10-at-3.14.30-PM-1.jpeg\"><img decoding=\"async\" src=\"https:\/\/redsemlac.com\/semmexico\/wp-content\/uploads\/2021\/02\/WhatsApp-Image-2021-02-10-at-3.14.30-PM-1-768x1024.jpeg\" alt=\"\" data-id=\"31697\" data-full-url=\"https:\/\/redsemlac.com\/semmexico\/wp-content\/uploads\/2021\/02\/WhatsApp-Image-2021-02-10-at-3.14.30-PM-1.jpeg\" data-link=\"https:\/\/redsemlac.com\/semmexico\/?attachment_id=31697\" class=\"wp-image-31697\"\/><\/a><\/figure><\/li><li class=\"blocks-gallery-item\"><figure><a href=\"https:\/\/redsemlac.com\/semmexico\/wp-content\/uploads\/2021\/02\/WhatsApp-Image-2021-02-10-at-3.14.26-PM.jpeg\"><img loading=\"lazy\" decoding=\"async\" width=\"768\" height=\"1024\" src=\"https:\/\/redsemlac.com\/semmexico\/wp-content\/uploads\/2021\/02\/WhatsApp-Image-2021-02-10-at-3.14.26-PM.jpeg\" alt=\"\" data-id=\"31696\" data-full-url=\"https:\/\/redsemlac.com\/semmexico\/wp-content\/uploads\/2021\/02\/WhatsApp-Image-2021-02-10-at-3.14.26-PM.jpeg\" data-link=\"https:\/\/redsemlac.com\/semmexico\/?attachment_id=31696\" class=\"wp-image-31696\"\/><\/a><\/figure><\/li><\/ul><\/figure>\n\n\n\n<p class=\"wp-block-paragraph\">El convenio, fue producto de la actitud tenaz de las colectivas, quienes reclaman que se haga justicia para los feminicidios, que se realicen acciones eficaces para parar la violencia contra las mujeres y asegurar los derechos humanos de todas las mujeres de la entidad.<\/p>\n\n\n\n<p class=\"wp-block-paragraph\">Ah\u00ed, con sana distancia, m\u00fasica y una cierta actitud positiva y hasta de j\u00fabilo, la Red certific\u00f3 que&nbsp; ha valido la pena y ratificaron su decisi\u00f3n de mantenerse en su lucha. Lo hicieron frente a una nube de comunicadoras, periodistas y trasmisi\u00f3n en redes sociales.<\/p>\n\n\n\n<p class=\"wp-block-paragraph\">Oficialmente, la Red inform\u00f3 que &nbsp;la firma del convenio con la XVI legislatura, mantiene el pliego petitorio, presentado y exigido, desde la toma del Congreso.<\/p>\n\n\n\n<p class=\"wp-block-paragraph\">El convenio firmado, incluye &nbsp;los siguientes puntos:<\/p>\n\n\n\n<ol class=\"wp-block-list\" type=\"1\"><li>La aprobaci\u00f3n de un nuevo calendario que ser\u00e1 votado por el Pleno el 15 de febrero de 2021, mismo que abarcar\u00e1 todos los procesos legislativos relacionados a saber: foros, sesiones de comisiones, dictaminaci\u00f3n y votaci\u00f3n en pleno. Todo lo anterior durante el periodo del 16 al 24 de febrero del presente.<\/li><li>&nbsp;A partir de la firma de este convenio y hasta la emisi\u00f3n de un dictamen correspondiente a la iniciativa, la Red Feminista Quintanarroense mantendr\u00e1 la toma del recinto legislativo.<\/li><li>&nbsp;Los y las diputadas, as\u00ed como el personal administrativo indispensable del congreso podr\u00e1n hacer uso de las instalaciones en el horario establecido y cumpliendo con todas las medidas de sanitarias.<\/li><li>&nbsp;La Red Feminista Quintanarroense asistir\u00e1 a las sesiones de desahogo, discusi\u00f3n y votaci\u00f3n del dictamen correspondiente, observando puntualmente las medidas sanitarias vigentes.<\/li><li>Se establecer\u00e1 un calendario, en lo que resta de 2021, para el an\u00e1lisis de las otras nueve acciones legislativas propuestas por la Red.<\/li><\/ol>\n\n\n\n<p class=\"wp-block-paragraph\">El acuerdo fue suscrito por representantes de la RFQ, presidentes de comisiones, presidente de la JUGOCOPO y cont\u00f3 con la Comisi\u00f3n Estatal de Derechos Humanos como testigo.<\/p>\n\n\n\n<p class=\"wp-block-paragraph\">Paralelamente siguen en di\u00e1logo con el gobierno, exigen que se investigue a fondo la represi\u00f3n del 9 de noviembre y haya resultados reales. Asistieron representantes o voceras de la Red. Enviaron con este acto, un mensaje, \u201cno hay que bajar la guardia\u201d, ante la pandemia de violencia que hay en el pa\u00eds.<\/p>\n","protected":false},"excerpt":{"rendered":"<p>Se firm\u00f3 un Convenio para abrir la discusi\u00f3n y dictaminar antes de que termine febrero, cumplen 63 d\u00edas en las  instalaciones y no las entregar\u00e1n hasta que haya un dictamen<\/p>\n","protected":false},"author":3,"featured_media":31699,"comment_status":"open","ping_status":"open","sticky":false,"template":"","format":"standard","meta":{"_monsterinsights_skip_tracking":false,"footnotes":""},"categories":[692,54],"tags":[],"class_list":["post-31695","post","type-post","status-publish","format-standard","has-post-thumbnail","category-692","category-mujeres"],"_links":{"self":[{"href":"https:\/\/redsemlac.com\/semmexico\/wp-json\/wp\/v2\/posts\/31695","targetHints":{"allow":["GET"]}}],"collection":[{"href":"https:\/\/redsemlac.com\/semmexico\/wp-json\/wp\/v2\/posts"}],"about":[{"href":"https:\/\/redsemlac.com\/semmexico\/wp-json\/wp\/v2\/types\/post"}],"author":[{"embeddable":true,"href":"https:\/\/redsemlac.com\/semmexico\/wp-json\/wp\/v2\/users\/3"}],"replies":[{"embeddable":true,"href":"https:\/\/redsemlac.com\/semmexico\/wp-json\/wp\/v2\/comments?post=31695"}],"version-history":[{"count":0,"href":"https:\/\/redsemlac.com\/semmexico\/wp-json\/wp\/v2\/posts\/31695\/revisions"}],"wp:featuredmedia":[{"embeddable":true,"href":"https:\/\/redsemlac.com\/semmexico\/wp-json\/wp\/v2\/media\/31699"}],"wp:attachment":[{"href":"https:\/\/redsemlac.com\/semmexico\/wp-json\/wp\/v2\/media?parent=31695"}],"wp:term":[{"taxonomy":"category","embeddable":true,"href":"https:\/\/redsemlac.com\/semmexico\/wp-json\/wp\/v2\/categories?post=31695"},{"taxonomy":"post_tag","embeddable":true,"href":"https:\/\/redsemlac.com\/semmexico\/wp-json\/wp\/v2\/tags?post=31695"}],"curies":[{"name":"wp","href":"https:\/\/api.w.org\/{rel}","templated":true}]}}