{"id":31683,"date":"2021-02-10T20:52:29","date_gmt":"2021-02-10T20:52:29","guid":{"rendered":"https:\/\/redsemlac.com\/semmexico\/?p=31683"},"modified":"2023-07-21T16:48:14","modified_gmt":"2023-07-21T21:48:14","slug":"violencia-sexual-infantil","status":"publish","type":"post","link":"https:\/\/redsemlac.com\/semmexico\/violencia-sexual-infantil\/","title":{"rendered":"Urge romper el silencio sobre violencia sexual infantil: V\u00e1zquez Mota"},"content":{"rendered":"\n<ul class=\"wp-block-list\"><li><strong>Este crimen tiene al menos dos grandes aliados: la secrec\u00eda y la impunidad, dijo<\/strong><strong>&nbsp;<\/strong><strong><\/strong><\/li><li><strong>Presentaci\u00f3n del &nbsp;libro \u201cAlas rotas: c\u00f3mo prevenir la violencia sexual infantil y ayudar a las v\u00edctimas\u201d en colaboraci\u00f3n con la&nbsp; Comunidad Jud\u00eda<\/strong><strong><\/strong><\/li><\/ul>\n\n\n\n<p class=\"wp-block-paragraph\"><strong>&nbsp;<\/strong><strong><br><\/strong><strong>Redacci\u00f3n&nbsp;<\/strong><strong><\/strong><\/p>\n\n\n\n<p class=\"wp-block-paragraph\">SemM\u00e9xico, Cd. de M\u00e9xico, 10 de febrero, 2021.- La presidenta de la Comisi\u00f3n de Derechos de la Ni\u00f1ez y de la Adolescencia, Josefina V\u00e1zquez Mota, afirm\u00f3 &nbsp;que despu\u00e9s del crimen organizado y de la venta de narc\u00f3ticos, la violencia sexual infantil es el segundo negocio m\u00e1s rentable del mundo, \u201cel que m\u00e1s destruye vidas y el que m\u00e1s dinero deja a los criminales\u201d.<\/p>\n\n\n\n<p class=\"wp-block-paragraph\">La panista se\u00f1al\u00f3 que en el pa\u00eds hay 5 millones de ni\u00f1as, ni\u00f1os y adolescentes v\u00edctimas del crimen de violencia sexual infantil, que necesitan urgentemente ser escuchados.<\/p>\n\n\n\n<p class=\"wp-block-paragraph\">En la presentaci\u00f3n del libro \u201cAlas rotas: c\u00f3mo prevenir la violencia sexual infantil y ayudar a las v\u00edctimas\u201d, la senadora apunt\u00f3 que todos tenemos algo importante que hacer para prevenir este flagelo o para acompa\u00f1ar a las v\u00edctimas.&nbsp;<\/p>\n\n\n\n<p class=\"wp-block-paragraph\">V\u00e1zquez Mota, quien es coautora de la obra, destac\u00f3 que se trata de un libro que recoge las voces de cinco millones de ni\u00f1as, ni\u00f1os, mujeres y hombres adultos que han sido v\u00edctimas de este crimen.<\/p>\n\n\n\n<p class=\"wp-block-paragraph\">En su momento, el presidente del Senado, Eduardo Ram\u00edrez, sostuvo que las ni\u00f1as, ni\u00f1os y adolescentes tienen derecho a vivir una vida libre de violencia, a crecer en un ambiente sano que garantice un desarrollo pleno.<\/p>\n\n\n\n<p class=\"wp-block-paragraph\">\u00abNuestras ni\u00f1as y ni\u00f1os siguen siendo violentados sexualmente a veces en la familia, en la escuela, por adultos. Hacemos un llamado a hacer justicia y para que quienes cometan el delito sean castigados\u00bb, asent\u00f3.<\/p>\n\n\n\n<p class=\"wp-block-paragraph\">Por su parte, la doctora Katina Medina Mora, v\u00edctima de violencia sexual infantil, afirm\u00f3 que es importante que este delito debe dejar de ser un tab\u00fa, porque la recuperaci\u00f3n es tremenda, alzar la voz cuesta mucho trabajo.<\/p>\n\n\n\n<p class=\"wp-block-paragraph\">\u00abCr\u00e9anle a los ni\u00f1os y ni\u00f1as, no s\u00f3lo pongamos el foco en las v\u00edctimas sino tambi\u00e9n en el abusador\u00bb, extern\u00f3.<\/p>\n\n\n\n<p class=\"wp-block-paragraph\">La senadora V\u00e1zquez Mota, en el &nbsp;texto, afirma &nbsp;que este libro, prende muchas alarmas, pero tambi\u00e9n traza muchos caminos para la soluci\u00f3n de este problema. Aqu\u00ed, en el libro, &nbsp;se encuentra uno de los mejores programas de prevenci\u00f3n del mundo. &nbsp;<\/p>\n\n\n\n<p class=\"wp-block-paragraph\">La legisladora expres\u00f3 que las y los infantes son sujetos de derecho, por lo que se debe defender su inter\u00e9s superior para vivir libres, en paz. &nbsp;<\/p>\n\n\n\n<p class=\"wp-block-paragraph\">La senadora Guadalupe Murgu\u00eda Guti\u00e9rrez, vicepresidenta de la Mesa Directiva, dijo que \u201cAlas rotas\u201d tiene el valor de acabar con el silencio, de reflexionar sobre la violencia sexual contra los ni\u00f1os, ni\u00f1as y adolescentes, de exponer la simulaci\u00f3n en torno a este hecho, producto de la impunidad.&nbsp;<\/p>\n\n\n\n<p class=\"wp-block-paragraph\">De cada mil actos de violencia, alert\u00f3, s\u00f3lo uno se sanciona y los ni\u00f1os, por temor a que no se les crea guardan silencio. En la obra, se habla de c\u00f3mo detectar esta situaci\u00f3n. &nbsp;<\/p>\n\n\n\n<p class=\"wp-block-paragraph\">Como v\u00edctima de abuso sexual infantil, la cineasta y productora de teatro, Katina Medina Mora, manifest\u00f3 que es necesario abrir la conversaci\u00f3n para prevenir el delito y que deje de ser un tab\u00fa. Se trata de un compromiso que se debe tomar en las familias, la sociedad y en el gobierno para que estos il\u00edcitos no prescriban.&nbsp;<\/p>\n\n\n\n<p class=\"wp-block-paragraph\">Llam\u00f3 a dejar de cuestionar a las v\u00edctimas y poner el foco en quienes abusan de ellas, para que abatir la impunidad. &nbsp;&nbsp;<\/p>\n\n\n\n<p class=\"wp-block-paragraph\">Mois\u00e9s Laniado Kassin, representante del Programa en Prevenci\u00f3n de Violencia Sexual Infantil y Adolescente de la Comunidad Jud\u00eda en M\u00e9xico, expuso que toda instituci\u00f3n que se haga cargo de ni\u00f1os debe contar con lineamientos y medidas de protecci\u00f3n.&nbsp;<\/p>\n\n\n\n<p class=\"wp-block-paragraph\">Por su parte, la doctora Mar\u00eda Cecilia L\u00f3pez dijo que con la pandemia se triplicaron los casos de violencia y abuso sexual de ni\u00f1as y ni\u00f1os dentro de sus propios hogares. Se calcula que uno de cada cinco menores es abusado sexualmente en el mundo, es decir, 20 por ciento de la poblaci\u00f3n.&nbsp;<\/p>\n\n\n\n<p class=\"wp-block-paragraph\">La doctora Priscila Rebeca Salas Espinoza, resalt\u00f3 la importancia de que las sobrevivientes hablen para que otros tambi\u00e9n lo hagan, pues la palabra del agresor todav\u00eda tiene mayor credibilidad.&nbsp;<\/p>\n\n\n\n<p class=\"wp-block-paragraph\">Mar\u00eda Beatriz M\u00fcller, especialista en violencia y maltrato, abord\u00f3 el problema de los menores a los que no se les cree, situaci\u00f3n que se complica a partir del momento del develamiento del abuso, la denuncia y la exposici\u00f3n que se deriva de ello, as\u00ed como el camino tortuoso que implica el proceso de denuncia.<\/p>\n\n\n\n<p class=\"wp-block-paragraph\">La a obra es una recopilaci\u00f3n de textos de autores de diversos \u00e1mbitos, p\u00fablicos y privados, acad\u00e9micos, educativos, de salud, y asociaciones civiles que han enfocado sus esfuerzos en luchar contra este denigrante mal. La coautora explic\u00f3 que plantea una visi\u00f3n interna del problema intercalando historias y experiencias que lamentablemente viven nuestras ni\u00f1as, ni\u00f1os y adolescentes\u00bb, agreg\u00f3.<\/p>\n\n\n\n<p class=\"wp-block-paragraph\">En la presentaci\u00f3n se narraron algunos testimonios de sobrevivientes de abuso sexual infantil.&nbsp;<\/p>\n","protected":false},"excerpt":{"rendered":"<p>Este crimen tiene al menos dos grandes aliados: la secrec\u00eda y la impunidad, dijo <\/p>\n","protected":false},"author":3,"featured_media":31684,"comment_status":"open","ping_status":"open","sticky":false,"template":"","format":"standard","meta":{"_monsterinsights_skip_tracking":false,"footnotes":""},"categories":[692,50],"tags":[],"class_list":["post-31683","post","type-post","status-publish","format-standard","has-post-thumbnail","category-692","category-congreso"],"_links":{"self":[{"href":"https:\/\/redsemlac.com\/semmexico\/wp-json\/wp\/v2\/posts\/31683","targetHints":{"allow":["GET"]}}],"collection":[{"href":"https:\/\/redsemlac.com\/semmexico\/wp-json\/wp\/v2\/posts"}],"about":[{"href":"https:\/\/redsemlac.com\/semmexico\/wp-json\/wp\/v2\/types\/post"}],"author":[{"embeddable":true,"href":"https:\/\/redsemlac.com\/semmexico\/wp-json\/wp\/v2\/users\/3"}],"replies":[{"embeddable":true,"href":"https:\/\/redsemlac.com\/semmexico\/wp-json\/wp\/v2\/comments?post=31683"}],"version-history":[{"count":0,"href":"https:\/\/redsemlac.com\/semmexico\/wp-json\/wp\/v2\/posts\/31683\/revisions"}],"wp:featuredmedia":[{"embeddable":true,"href":"https:\/\/redsemlac.com\/semmexico\/wp-json\/wp\/v2\/media\/31684"}],"wp:attachment":[{"href":"https:\/\/redsemlac.com\/semmexico\/wp-json\/wp\/v2\/media?parent=31683"}],"wp:term":[{"taxonomy":"category","embeddable":true,"href":"https:\/\/redsemlac.com\/semmexico\/wp-json\/wp\/v2\/categories?post=31683"},{"taxonomy":"post_tag","embeddable":true,"href":"https:\/\/redsemlac.com\/semmexico\/wp-json\/wp\/v2\/tags?post=31683"}],"curies":[{"name":"wp","href":"https:\/\/api.w.org\/{rel}","templated":true}]}}