{"id":31673,"date":"2021-02-10T18:51:45","date_gmt":"2021-02-10T18:51:45","guid":{"rendered":"https:\/\/redsemlac.com\/semmexico\/?p=31673"},"modified":"2023-07-21T16:48:14","modified_gmt":"2023-07-21T21:48:14","slug":"nosotras-en-la-radio-siempre-en-sintonia","status":"publish","type":"post","link":"https:\/\/redsemlac.com\/semmexico\/nosotras-en-la-radio-siempre-en-sintonia\/","title":{"rendered":"Nosotras en la radio, siempre en sinton\u00eda"},"content":{"rendered":"\n<h4 class=\"wp-block-heading\"><em>Rumbo al D\u00eda Mundial de la Radio\u2026<\/em><\/h4>\n\n\n\n<h2 class=\"wp-block-heading\">BELLAS Y AIROSAS<\/h2>\n\n\n\n<p class=\"wp-block-paragraph\"><strong>Elvira Hern\u00e1ndez Carballido<\/strong><\/p>\n\n\n\n<p class=\"wp-block-paragraph\">SemM\u00e9xico. 10 de febrero 2021.- Para celebrar que llegamos a la radio por necedad y perseverancia, por la fuerza de nuestra voz y la pasi\u00f3n considero que podemos identificar cinco momentos que generosamente ilustran la participaci\u00f3n femenina en la radio mexicana<a>.<\/a><\/p>\n\n\n\n<p class=\"wp-block-paragraph\"><strong>Primer momento. Una pionera. <\/strong>Mar\u00eda Luisa Ross (1880-1945) fue una de las primeras reporteras mexicanas, maestra normalista, escritora, conferencista, argumentista de cine, actriz y recibi\u00f3 nombramientos administrativos por parte del gobierno posrevolucionario Gracias a ese brillo, Jos\u00e9 Vasconcelos la invit\u00f3 a formar parte de sus proyectos culturales, entre ellos la creaci\u00f3n una radiodifusora para la Secretar\u00eda de Educaci\u00f3n En esa d\u00e9cada de los veinte, la estaci\u00f3n se encontraba en el 560 del cuadrante, con un modesto alcance de 5 mil watts de potencia. El horario de transmisi\u00f3n inicial fue de dos horas, de 18:30 a 20:30 de lunes a viernes, con una ampliaci\u00f3n de 60 minutos los s\u00e1bados. La misma Ross report\u00f3 en uno de sus informes realizados en 1928 que los primeros a\u00f1os \u201cfueron exclusivamente de experimentaci\u00f3n t\u00e9cnica\u201d. Es durante este lapso cuando la \u201cobra educativa\u201d y la \u201clabor art\u00edstica\u201d representaron dos de los \u201cgrandes rubros\u201d en los que trabajar\u00eda la radiodifusora. Ella form\u00f3 un equipo muy profesional y en la barra program\u00e1tica hubo noticiarios, programas de orientaci\u00f3n m\u00e9dica, infantiles, clases de primaria, c\u00e1psulas culturales, adaptaciones radiof\u00f3nicas y el peri\u00f3dico XFX, que inclu\u00eda un comentario cr\u00edtico de la nota roja del momento.Sin duda, el conocimiento y la creatividad de Ross le permiti\u00f3 tener la certeza de que la radio era un espacio no solamente para la m\u00fasica, cab\u00edan todas las voces y todos los temas.<\/p>\n\n\n\n<p class=\"wp-block-paragraph\"><strong>Segundo momento.<\/strong> <strong>Radio femenina. <\/strong>Guadalupe L\u00f3pez Garc\u00eda recuper\u00f3 en 1996 la participaci\u00f3n de las mujeres mexicanas en la radio con la creaci\u00f3n de su propia estaci\u00f3n que se llam\u00f3: Radio femenina, XEMX, ubicada en la frecuencia de los 1380 kilohertz (khz.) de Amplitud Modulada (AM), con mil wats de potencia que le daban una cobertura s\u00f3lo para el Distrito Federal. Un elemento definitivo para la creaci\u00f3n una radio femenina fue la total certeza de que el mayor auditorio con que contaba el radio era femenino. Fue as\u00ed como Luis Mart\u00ednez V\u00e9rtiz, un empresario de prestigio en aquella \u00e9poca, se arriesgar\u00e1 a adquirir dos estaciones de radio, una de ella ser\u00e1 Radio Femenina. Entre las mujeres que forman parte del equipo estaban Cuca Escobar, Coralito Perr\u00edn, Margarita Michelena, Dolores Castro, Rosa Elvira Cano, Mar\u00eda del Carmen Feria. Algunas actrices, otras esposas de empresarios o productores, escritoras y periodistas. El <em>slogan<\/em> de la estaci\u00f3n fue \u201cDe mujer a mujer\u201d y su r\u00fabrica la tonada de la canci\u00f3n <em>Mujer<\/em>, de Agust\u00edn Lara. Entre los programas estaban: \u201cVamos a la plaza\u201d, \u201cEl Club del hogar\u201d, \u201cEl diario de la mujer sin nombre\u201d, \u201cLa pareja ideal\u201d y \u201cDiario Vespertino\u201d. Por desgracia, los empresarios abandonaron a la estaci\u00f3n a su suerte porque a su juicio, las mujeres no figuraban ni ten\u00edan influencia, eran solamente consumidoras, no auditorio ni tampoco voz. As\u00ed, en diciembre de 1959, <em>Radio Femenina, <\/em>se convirti\u00f3 en <em>Radio Eco.<\/em><\/p>\n\n\n\n<p class=\"wp-block-paragraph\"><a><strong>Tercer Momento. Foro de la Mujer<\/strong><\/a>. Otro ejemplo significativo del binomio radio-mujeres fue el espacio que abri\u00f3 en 1972 Ala\u00edde Foppa y Elena Urrutia en Radio Universidad y que se llam\u00f3 <em>Foro de la Mujer<\/em>.<strong> <\/strong>Este trabajo radiof\u00f3nico destac\u00f3 por ser pionero en los temas de la mujer, y se convirti\u00f3 en una referencia para las feministas de la \u00e9poca, por lo que se considera que la revista FEM -que luego fund\u00f3 en 1976- es una extensi\u00f3n de ese Foro en busca de ampliarse a otros p\u00fablicos.<\/p>\n\n\n\n<p class=\"wp-block-paragraph\">Declarado en 2019 como Memoria del Mundo por la Unesco, en Foro de la Mujer se entrevist\u00f3 a mujeres, se presentaban rese\u00f1as de libros, se compart\u00edan experiencias de feministas de todas partes del pa\u00eds o se informaba sobre los encuentros internacionales de mujeres.&nbsp; La perspectiva anal\u00edtica y cr\u00edtica quedaron plasmadas en programas como \u201cEl Vaticano no quiere a las mujeres\u201d y un debate en torno a los concursos de belleza. Por todo ello,<em> \u201cForo de la mujer\u201d<\/em> es un referente obligado para la historia de la radio en M\u00e9xico y el movimiento feminista.<\/p>\n\n\n\n<p class=\"wp-block-paragraph\"><strong>Cuarto momento. M\u00e1s y m\u00e1s mujeres en la radio.<\/strong><\/p>\n\n\n\n<p class=\"wp-block-paragraph\">Las \u00faltimas d\u00e9cadas del siglo XX fueron representativas con la creaci\u00f3n de varios programas y, sin duda, en 2016 es significativo te\u00f1ir de violeta la radio. Algunas emisiones significativas, que no todas, son:<\/p>\n\n\n\n<ul class=\"wp-block-list\"><li>En 1978, Margarita Garc\u00eda a trav\u00e9s de Radio Universidad transmiti\u00f3 un programa de entrevistas.<\/li><li>. Bajo la creatividad de Riquer y las colaboraciones comprometidas Bertha Hiriart, Claudia Hinojosa y Lucero Gonz\u00e1lez, de 1982 a 1988 el programa analizaba la situaci\u00f3n femenina. Fue transmitido por Radio Educaci\u00f3n.<\/li><li><strong><em><\/em><\/strong>En esa misma d\u00e9cada de los ochenta Rosa Mar\u00eda Rodr\u00edguez cre\u00f3 <em>Revista semanal<\/em> (1985- 1991), considerado el primer noticiario radiof\u00f3nico sobre mujeres en Radio Educaci\u00f3n.<\/li><li>y <em>Tejiendo Ideas<\/em>. Isabel Barranco las produjo en 1990-1991 en Radio Educaci\u00f3n.<\/li><li>.<strong> <\/strong>Creada por la organizaci\u00f3n feminista Salud Integral para la Mujer (SIPAM). Comprometidas con el objetivo de orientar a las mujeres en torno a su cuerpo y su sexualidad decidieron hacer este programa de radio que fue transmitido de 1991 a 2001.<\/li><li>.Operada por mujeres desde cabina hasta producci\u00f3n, declarada feminista, con perspectiva de g\u00e9nero, de ella surgen todas las voces, sonidos de mujeres, ideas sonoras, el nosotras en la radio.<\/li><\/ul>\n\n\n\n<p class=\"wp-block-paragraph\"><strong>Quinto momento<\/strong>. <strong>Radios Comunitarias<\/strong>. Irina V\u00e1zquez Zurita representante de AMARC (Asociaci\u00f3n Mundial de Radios Comunitarias) en M\u00e9xico se ha dedicado a especificar la relaci\u00f3n de las radios comunitarias y las mujeres. Un punto de partida de su trabajo ha sido sensibilizar a las mujeres de todas las regiones de nuestra geograf\u00eda para hacer suya la radio, que sus voces se escuchen, que nadie las pueda silenciar. En diferentes documentos, cursos y conferencias se comparte la intenci\u00f3n de establecer las bases para alcanzar la igualdad de g\u00e9nero en las radios a trav\u00e9s de seis ejes tem\u00e1ticos: La representaci\u00f3n de las mujeres en el aire, El acceso de las mujeres a las ondas radiales, Las necesidades especiales de las minor\u00edas de mujeres, La representaci\u00f3n de las mujeres en todos los niveles del manejo de la radio, El uso de tecnolog\u00eda apropiada y combatir la brecha digital de g\u00e9nero, y Financiamiento y construcci\u00f3n de capacidades para las radios de mujeres.<\/p>\n\n\n\n<p class=\"wp-block-paragraph\">As\u00ed que este 13 de febrero, hay que unirnos a los festejos de la Radio, destacando las voces de las mujeres, nuestras voces.<\/p>\n","protected":false},"excerpt":{"rendered":"<p>Rumbo al D\u00eda Mundial de la Radio\u2026<\/p>\n","protected":false},"author":3,"featured_media":31337,"comment_status":"open","ping_status":"open","sticky":false,"template":"","format":"standard","meta":{"_monsterinsights_skip_tracking":false,"footnotes":""},"categories":[692,201,202,35],"tags":[],"class_list":["post-31673","post","type-post","status-publish","format-standard","has-post-thumbnail","category-692","category-bellas-y-airosas","category-elvira-hernandez-carballido","category-opinion"],"_links":{"self":[{"href":"https:\/\/redsemlac.com\/semmexico\/wp-json\/wp\/v2\/posts\/31673","targetHints":{"allow":["GET"]}}],"collection":[{"href":"https:\/\/redsemlac.com\/semmexico\/wp-json\/wp\/v2\/posts"}],"about":[{"href":"https:\/\/redsemlac.com\/semmexico\/wp-json\/wp\/v2\/types\/post"}],"author":[{"embeddable":true,"href":"https:\/\/redsemlac.com\/semmexico\/wp-json\/wp\/v2\/users\/3"}],"replies":[{"embeddable":true,"href":"https:\/\/redsemlac.com\/semmexico\/wp-json\/wp\/v2\/comments?post=31673"}],"version-history":[{"count":0,"href":"https:\/\/redsemlac.com\/semmexico\/wp-json\/wp\/v2\/posts\/31673\/revisions"}],"wp:featuredmedia":[{"embeddable":true,"href":"https:\/\/redsemlac.com\/semmexico\/wp-json\/wp\/v2\/media\/31337"}],"wp:attachment":[{"href":"https:\/\/redsemlac.com\/semmexico\/wp-json\/wp\/v2\/media?parent=31673"}],"wp:term":[{"taxonomy":"category","embeddable":true,"href":"https:\/\/redsemlac.com\/semmexico\/wp-json\/wp\/v2\/categories?post=31673"},{"taxonomy":"post_tag","embeddable":true,"href":"https:\/\/redsemlac.com\/semmexico\/wp-json\/wp\/v2\/tags?post=31673"}],"curies":[{"name":"wp","href":"https:\/\/api.w.org\/{rel}","templated":true}]}}